{"id":144190,"date":"2026-01-16T18:06:09","date_gmt":"2026-01-16T18:06:09","guid":{"rendered":"https:\/\/www.europesays.com\/fi\/144190\/"},"modified":"2026-01-16T18:06:09","modified_gmt":"2026-01-16T18:06:09","slug":"tutkija-listaa-kolme-syyta-miksi-iranin-tilanne-ei-kiinnosta-suomessa-kuten-gaza-tai-ukraina-kotimaa","status":"publish","type":"post","link":"https:\/\/www.europesays.com\/fi\/144190\/","title":{"rendered":"Tutkija listaa kolme syyt\u00e4, miksi Iranin tilanne ei kiinnosta Suomessa kuten Gaza tai Ukraina | Kotimaa"},"content":{"rendered":"<p class=\"aw-1gybjub aw-5vja16 kEtdKx kmuxyA yle__article__paragraph\">Muun muassa konfliktimaan maan\u00adtieteellisell\u00e4 ja kulttuurisella l\u00e4heisyydell\u00e4 on v\u00e4li\u00e4, L\u00e4hi-id\u00e4n tutkimuksen professori kertoo.<\/p>\n<p><img decoding=\"async\" alt=\"Hannu Juusola.\" src=\"https:\/\/www.europesays.com\/fi\/wp-content\/uploads\/2025\/10\/39-153626568e80099bbb4a.jpeg\" class=\"aw-1l9m598 hKVVvP\"\/><\/p>\n<p>Avaa kuvien katselu<\/p>\n<p>Hannu Juusola syyskuussa Helsingiss\u00e4. Kuva: Lauri Karo \/ Yle<\/p>\n<p class=\"aw-1gybjub aw-1p7kakr kEtdKx cEmitX yle__article__paragraph\">Tuhansia ihmisi\u00e4 <a class=\"aw-iao6s4 iHOxEa yle__article__link\" href=\"https:\/\/yle.fi\/a\/74-20204135\" role=\"link\" rel=\"nofollow noopener\" target=\"_blank\">on kuollut<\/a> ja vangittu Iranin itsevaltaisen hallinnon vastaisissa mielenosoituksissa, jotka alkoivat viime vuoden joulukuun lopussa.<\/p>\n<p class=\"aw-1gybjub aw-1p7kakr kEtdKx cEmitX yle__article__paragraph\">Internetyhteys ulkomaailmaan on katkaistu. Ruumispusseja lojui Teheranin kaduilla viel\u00e4 viikon alussa.<\/p>\n<p class=\"aw-1gybjub aw-1p7kakr kEtdKx cEmitX yle__article__paragraph\">Suomalaiset eiv\u00e4t ole kuitenkaan yksitt\u00e4isi\u00e4 ja pienimuotoisia mielenosoituksia lukuunottamatta ker\u00e4\u00e4ntyneet kaduille, kuten aiemmin Ukrainan ja Gazan sotien suhteen.<\/p>\n<p class=\"aw-1gybjub aw-1p7kakr kEtdKx cEmitX yle__article__paragraph\">L\u00e4hi-id\u00e4n tutkimuksen professori <strong class=\"aw-ak79eh KyCXm yle__article__strong\">Hannu Juusola<\/strong> Helsingin yliopistolta kertoo kolme syyt\u00e4 siihen, miksi suhtaudumme n\u00e4ihin konflikteihin eri tavalla.<\/p>\n<p>1. Kaksi vastakkaista ryhm\u00e4\u00e4 kiinnostaa enemm\u00e4n<\/p>\n<p class=\"aw-1gybjub aw-1p7kakr kEtdKx cEmitX yle__article__paragraph\">Kahden eri kansallisen tai etnisen ryhm\u00e4n v\u00e4linen konflikti tuppaa kiinnostamaan ihmisi\u00e4 enemm\u00e4n, kuten Ukrainan tai Gazan tapauksessa.<\/p>\n<p class=\"aw-1gybjub aw-1p7kakr kEtdKx cEmitX yle__article__paragraph\">Sis\u00e4iset konfliktit koetaan usein my\u00f6s monimutkaisempina kuin kahden vastakkaisen osapuolen. Sis\u00e4inen konflikti ei v\u00e4ltt\u00e4m\u00e4tt\u00e4 her\u00e4t\u00e4 samalla tavalla kysymyksi\u00e4 ja vahvoja tunteita kuin kahden selke\u00e4sti vastakkaisen osapuolen kamppailu.<\/p>\n<p>Video n\u00e4ytt\u00e4\u00e4 ruumispusseja Teheranin kaduilla.2. Iran ei ole eik\u00e4 tunnu yht\u00e4 l\u00e4heiselt\u00e4<\/p>\n<p class=\"aw-1gybjub aw-1p7kakr kEtdKx cEmitX yle__article__paragraph\">Konfliktimaan maantieteellisell\u00e4 ja kulttuurisella l\u00e4heisyydell\u00e4 on v\u00e4li\u00e4.<\/p>\n<p class=\"aw-1gybjub aw-1p7kakr kEtdKx cEmitX yle__article__paragraph\">Esimerkiksi Israelin ja Palestiinan historia on suurelle osalle suomalaisista tuttu jo peruskoulun oppikirjoista. Sotaa Ukrainassa puolestaan verrattiin varsinkin sen alkuaikoina Suomen talvisotaan.<\/p>\n<p class=\"aw-1gybjub aw-1p7kakr kEtdKx cEmitX yle__article__paragraph\">My\u00f6s muiden maiden osallisuudella on v\u00e4li\u00e4. Esimerkiksi Suomelle l\u00e4heisen Yhdysvaltojen ja sen presidentti <strong class=\"aw-ak79eh KyCXm yle__article__strong\">Donald<\/strong> <strong class=\"aw-ak79eh KyCXm yle__article__strong\">Trumpin<\/strong> sekaantuminen Iranin tilanteeseen on lis\u00e4nnyt sen saamaa huomiota. Yhdysvallat on ollut aktiivisesti mukana my\u00f6s Gazan ja Ukrainan sodissa.<\/p>\n<p class=\"aw-1gybjub aw-1p7kakr kEtdKx cEmitX yle__article__paragraph\">Juusola nostaa esimerkiksi <a class=\"aw-iao6s4 iHOxEa yle__article__link\" href=\"https:\/\/yle.fi\/a\/74-20201481\" role=\"link\" rel=\"nofollow noopener\" target=\"_blank\">Yhdysvaltojen viimevuotisen hy\u00f6kk\u00e4yksen <\/a>Isis-terroristij\u00e4rjest\u00f6\u00e4 vastaan Nigeriassa.<\/p>\n<p class=\"aw-1gybjub aw-1p7kakr kEtdKx cEmitX yle__article__paragraph\">\u2013 Nigeria huomattiin siin\u00e4 vaiheessa, kun Trump pommitti sit\u00e4 yhten\u00e4 p\u00e4iv\u00e4n\u00e4. Sen j\u00e4lkeen se katosi taas t\u00e4ysin.<\/p>\n<p>3. Selkeit\u00e4 vaatimuksia on v\u00e4hemm\u00e4n<\/p>\n<p class=\"aw-1gybjub aw-1p7kakr kEtdKx cEmitX yle__article__paragraph\">T\u00e4rkeimp\u00e4n\u00e4 syyn\u00e4 Juusola pit\u00e4\u00e4 kokemusta mahdollisuudesta vaikuttaa oman maan tai Euroopan unionin politiikkaan. Kun ihmiset ovat osoittaneet mielt\u00e4\u00e4n Gazan tai Ukrainan sodasta, ovat he p\u00e4\u00e4s\u00e4\u00e4nt\u00f6isesti vaatineet Suomen hallitukselta tiettyj\u00e4 poliittisia toimia.<\/p>\n<p class=\"aw-1gybjub aw-1p7kakr kEtdKx cEmitX yle__article__paragraph\">Esimerkiksi Suomi ja Israel ovat olleet pitk\u00e4\u00e4n l\u00e4heisi\u00e4. Israel on my\u00f6s hyv\u00e4ss\u00e4 asemassa erilaisen yhteisty\u00f6n ja kaupank\u00e4ynnin tekemisess\u00e4 Euroopan unionin kanssa.<\/p>\n<p class=\"aw-1gybjub aw-1p7kakr kEtdKx cEmitX yle__article__paragraph\">Onkin selke\u00e4mp\u00e4\u00e4 vaatia Suomen hallitusta lopettamaan asekaupat Israelin kanssa kuin keksi\u00e4 saman tason vaatimuksia Iraniin liittyen. Iran on jo l\u00e4ht\u00f6kohtaisesti suljettu ulos yhteisty\u00f6st\u00e4 Euroopan unionin kanssa. Suomi ei voi siis katkaista v\u00e4lej\u00e4\u00e4n Iraniin samalla tavalla kuin se voisi Israelin ja on jo Ven\u00e4j\u00e4n kanssa.<\/p>\n<p class=\"aw-1gybjub aw-1p7kakr kEtdKx cEmitX yle__article__paragraph\">Mielenosoittajat <a class=\"aw-iao6s4 iHOxEa yle__article__link\" href=\"https:\/\/yle.fi\/a\/74-20204528\" role=\"link\" rel=\"nofollow noopener\" target=\"_blank\">ovat vaatinee<\/a>t Iranin taloudellisten pakotteiden tiukentamista ja diplomaattisuhteiden katkaisemista. Euroopan unioni on asettanut Iranille jo aiemmin pakotteita, joiden kirist\u00e4mist\u00e4 valmistellaan ulkoministeri <strong class=\"aw-ak79eh KyCXm yle__article__strong\">Elina Valtosen<\/strong> (kok.) mukaan nyt unionin tasolla.<\/p>\n<p class=\"aw-1gybjub aw-1p7kakr kEtdKx cEmitX yle__article__paragraph\"><a class=\"aw-iao6s4 iHOxEa yle__article__link\" href=\"https:\/\/yle.fi\/a\/74-20203972\" role=\"link\" rel=\"nofollow noopener\" target=\"_blank\">Suomen ulkoministeri\u00f6 my\u00f6s puhutteli<\/a> Iranin suurl\u00e4hetyst\u00f6n edustajan tiistaina.<\/p>\n","protected":false},"excerpt":{"rendered":"Muun muassa konfliktimaan maan\u00adtieteellisell\u00e4 ja kulttuurisella l\u00e4heisyydell\u00e4 on v\u00e4li\u00e4, L\u00e4hi-id\u00e4n tutkimuksen professori kertoo. Avaa kuvien katselu Hannu Juusola&hellip;\n","protected":false},"author":2,"featured_media":61231,"comment_status":"","ping_status":"","sticky":false,"template":"","format":"standard","meta":{"footnotes":""},"categories":[5],"tags":[22,23,26,27,33,31,30,994,505,17,3648,993,3551,4258,71,24,25,28,29,2571,15,18,21,32,19,20,1303,16],"class_list":{"0":"post-144190","1":"post","2":"type-post","3":"status-publish","4":"format-standard","5":"has-post-thumbnail","7":"category-otsikot","8":"tag-breaking-news","9":"tag-breakingnews","10":"tag-featured-news","11":"tag-featurednews","12":"tag-fi","13":"tag-finland","14":"tag-finnish","15":"tag-gazan-kaista","16":"tag-gazan-sota","17":"tag-headlines","18":"tag-iran","19":"tag-israel","20":"tag-kansalaistoiminta","21":"tag-konfliktit","22":"tag-kotimaa","23":"tag-latest-news","24":"tag-latestnews","25":"tag-main-news","26":"tag-mainnews","27":"tag-mielenosoitukset","28":"tag-news","29":"tag-otsikot","30":"tag-paauutiset","31":"tag-suomi","32":"tag-top-stories","33":"tag-topstories","34":"tag-ukraina","35":"tag-uutiset"},"share_on_mastodon":{"url":"https:\/\/pubeurope.com\/@fi\/115906109914233145","error":""},"_links":{"self":[{"href":"https:\/\/www.europesays.com\/fi\/wp-json\/wp\/v2\/posts\/144190","targetHints":{"allow":["GET"]}}],"collection":[{"href":"https:\/\/www.europesays.com\/fi\/wp-json\/wp\/v2\/posts"}],"about":[{"href":"https:\/\/www.europesays.com\/fi\/wp-json\/wp\/v2\/types\/post"}],"author":[{"embeddable":true,"href":"https:\/\/www.europesays.com\/fi\/wp-json\/wp\/v2\/users\/2"}],"replies":[{"embeddable":true,"href":"https:\/\/www.europesays.com\/fi\/wp-json\/wp\/v2\/comments?post=144190"}],"version-history":[{"count":0,"href":"https:\/\/www.europesays.com\/fi\/wp-json\/wp\/v2\/posts\/144190\/revisions"}],"wp:featuredmedia":[{"embeddable":true,"href":"https:\/\/www.europesays.com\/fi\/wp-json\/wp\/v2\/media\/61231"}],"wp:attachment":[{"href":"https:\/\/www.europesays.com\/fi\/wp-json\/wp\/v2\/media?parent=144190"}],"wp:term":[{"taxonomy":"category","embeddable":true,"href":"https:\/\/www.europesays.com\/fi\/wp-json\/wp\/v2\/categories?post=144190"},{"taxonomy":"post_tag","embeddable":true,"href":"https:\/\/www.europesays.com\/fi\/wp-json\/wp\/v2\/tags?post=144190"}],"curies":[{"name":"wp","href":"https:\/\/api.w.org\/{rel}","templated":true}]}}