{"id":144209,"date":"2026-01-16T18:44:07","date_gmt":"2026-01-16T18:44:07","guid":{"rendered":"https:\/\/www.europesays.com\/fi\/144209\/"},"modified":"2026-01-16T18:44:07","modified_gmt":"2026-01-16T18:44:07","slug":"machado-antoi-trumpille-nobelinsa-samaan-aikaan-toisaalla-tapahtui-suuria","status":"publish","type":"post","link":"https:\/\/www.europesays.com\/fi\/144209\/","title":{"rendered":"Machado antoi Trumpille nobelinsa \u2013 samaan aikaan toisaalla tapahtui suuria"},"content":{"rendered":"<p>Trump l\u00e4hetti t\u00e4rke\u00e4n liittolaisensa Venezuelaan.<\/p>\n<p class=\"article-body mb-nof-24 px-nof-16\">Samana p\u00e4iv\u00e4n\u00e4 kun venezuelalainen oppositiojohtaja <a class=\"font-bold underline-offset-[0.12em] [text-decoration:var(--person-link-text-decoration)] ![text-decoration-color:var(--person-link-text-decoration-color)]\" href=\"https:\/\/www.is.fi\/haku\/?query=Mar%C3%ADa%20Corina%20Machado\" rel=\"nofollow noopener\" target=\"_blank\">Mar\u00eda Corina Machado<\/a> mielisteli Yhdysvaltain presidentti <a class=\"font-bold underline-offset-[0.12em] [text-decoration:var(--person-link-text-decoration)] ![text-decoration-color:var(--person-link-text-decoration-color)]\" href=\"https:\/\/www.is.fi\/haku\/?query=Donald%20Trumpia\" rel=\"nofollow noopener\" target=\"_blank\">Donald Trumpia<\/a> kohteliaisuusk\u00e4ynnill\u00e4 Valkoisessa talossa, neuvoteltiin Venezuelan tulevaisuudesta toisaalla.<\/p>\n<p class=\"article-body mb-nof-24 px-nof-16\">New York Timesin <a class=\"underline underline-offset-[0.12em] [text-decoration-thickness:var(--generic-link-underline-thickness)] [text-decoration-color:var(--generic-link-underline-color)] [text-decoration-skip-ink:var(--generic-link-underline-skip-ink)] break-words\" href=\"https:\/\/www.nytimes.com\/2026\/01\/16\/us\/politics\/cia-director-ratcliffe-venezuela.html\" rel=\"nofollow noopener\" target=\"_blank\">mukaan<\/a> Yhdysvaltain keskustiedustelupalvelu CIA:n johtaja <a class=\"font-bold underline-offset-[0.12em] [text-decoration:var(--person-link-text-decoration)] ![text-decoration-color:var(--person-link-text-decoration-color)]\" href=\"https:\/\/www.is.fi\/haku\/?query=John%20Ratcliffe\" rel=\"nofollow noopener\" target=\"_blank\">John Ratcliffe<\/a> tapasi torstaina Venezuelan v\u00e4liaikaisen presidentin <a class=\"font-bold underline-offset-[0.12em] [text-decoration:var(--person-link-text-decoration)] ![text-decoration-color:var(--person-link-text-decoration-color)]\" href=\"https:\/\/www.is.fi\/haku\/?query=Delcy%20Rodr%C3%ADguezin\" rel=\"nofollow noopener\" target=\"_blank\">Delcy Rodr\u00edguezin<\/a> maan p\u00e4\u00e4kaupunki Caracasissa.<\/p>\n<p class=\"article-body mb-nof-24 px-nof-16\">Rodr\u00edguez on Maduron entinen varapresidentti. K\u00e4yt\u00e4nn\u00f6ss\u00e4 Rodr\u00edguez johtaa Venezuelaa, vaikka Trump on ilmoittanut Yhdysvaltojen hallitsevan maata toistaiseksi.<\/p>\n<p class=\"article-body mb-nof-24 px-nof-16\">CIA:n johtaja on NYT:n mukaan korkein Trumpin hallinnon edustaja, joka on vieraillut Venezuelassa Yhdysvaltain sotilasoperaation j\u00e4lkeen. Yhdysvallat iski tammikuun alussa Venezuelaan ja kaappasi maan itsevaltaisen presidentin <a class=\"font-bold underline-offset-[0.12em] [text-decoration:var(--person-link-text-decoration)] ![text-decoration-color:var(--person-link-text-decoration-color)]\" href=\"https:\/\/www.is.fi\/haku\/?query=Nicol%C3%A1s%20Maduron\" rel=\"nofollow noopener\" target=\"_blank\">Nicol\u00e1s Maduron<\/a>.<\/p>\n<p class=\"article-body mb-nof-24 px-nof-16\">Trump on ollut halukas tekem\u00e4\u00e4n yhteisty\u00f6t\u00e4 v\u00e4liaikaisena presidenttin\u00e4 toimivan Rodr\u00edguezin kanssa, eik\u00e4 ole ainakaan toistaiseksi tukenut maan opposition haaveita valtaannoususta.<\/p>\n<p class=\"article-body mb-nof-24 px-nof-16\">Viimeksi keskiviikkona Trump kertoi Reutersille keskustelleensa Rodr\u00edguezin kanssa, ja kuvaili t\u00e4m\u00e4n kanssa teht\u00e4v\u00e4n yhteisty\u00f6n sujuneen hyvin.<\/p>\n<p class=\"article-body mb-nof-24 px-nof-16\">NYT:n mukaan Ratcliffen ja Rodr\u00edguezin tapaaminen vahvistaa, ett\u00e4 Trumpin hallinto n\u00e4kee Rodr\u00edguezin v\u00e4liaikaisen hallituksen takaavan vakauden maassa lyhyell\u00e4 aikav\u00e4lill\u00e4.<\/p>\n<p class=\"article-body mb-nof-24 px-nof-16\">Venezuelan oppositio on toivonut maan johtoon opposition ehdokkaana vuoden 2024 presidentinvaaleissa ollutta <a class=\"font-bold underline-offset-[0.12em] [text-decoration:var(--person-link-text-decoration)] ![text-decoration-color:var(--person-link-text-decoration-color)]\" href=\"https:\/\/www.is.fi\/haku\/?query=Edmundo%20Gonzalezia\" rel=\"nofollow noopener\" target=\"_blank\">Edmundo Gonzalezia<\/a>. Gonzales nousi opposition ehdokkaaksi, kun Machadon osallistuminen vaaleihin kiellettiin.<\/p>\n<p class=\"article-body mb-nof-24 px-nof-16\">Maduro julistautui vaalien voittajaksi, vaikka useiden kansainv\u00e4listen tarkkailijoiden mukaan opposition Gonzalez sai todellisuudessa 70 prosenttia \u00e4\u00e4nist\u00e4.<\/p>\n<p class=\"article-body mb-nof-24 px-nof-16\">New York Timesin mukaan CIA:n johtajan vierailu maassa ja Trumpin hallinnon puheet yhteisty\u00f6st\u00e4 v\u00e4liaikaisen hallinnon kanssa voidaan n\u00e4hd\u00e4 loukkauksena Venezuelan oppositiota kohtaan.<\/p>\n<p class=\"article-body mb-nof-24 px-nof-16\">Trump on puhunut Maduron vallasta poistamisen j\u00e4lkeen enemm\u00e4n yhdysvaltalaisyritysten roolin kasvamisesta Venezuelan \u00f6ljysektorilla kuin demokratian palauttamisesta, lehti huomauttaa.<\/p>\n","protected":false},"excerpt":{"rendered":"Trump l\u00e4hetti t\u00e4rke\u00e4n liittolaisensa Venezuelaan. Samana p\u00e4iv\u00e4n\u00e4 kun venezuelalainen oppositiojohtaja Mar\u00eda Corina Machado mielisteli Yhdysvaltain presidentti Donald Trumpia&hellip;\n","protected":false},"author":2,"featured_media":144210,"comment_status":"","ping_status":"","sticky":false,"template":"","format":"standard","meta":{"footnotes":""},"categories":[136],"tags":[407,137,33,31,30,34,408,32,109],"class_list":{"0":"post-144209","1":"post","2":"type-post","3":"status-publish","4":"format-standard","5":"has-post-thumbnail","7":"category-julkkikset","8":"tag-celebrities","9":"tag-entertainment","10":"tag-fi","11":"tag-finland","12":"tag-finnish","13":"tag-ilta-sanomat","14":"tag-julkkikset","15":"tag-suomi","16":"tag-viihde"},"share_on_mastodon":{"url":"https:\/\/pubeurope.com\/@fi\/115906259468694843","error":""},"_links":{"self":[{"href":"https:\/\/www.europesays.com\/fi\/wp-json\/wp\/v2\/posts\/144209","targetHints":{"allow":["GET"]}}],"collection":[{"href":"https:\/\/www.europesays.com\/fi\/wp-json\/wp\/v2\/posts"}],"about":[{"href":"https:\/\/www.europesays.com\/fi\/wp-json\/wp\/v2\/types\/post"}],"author":[{"embeddable":true,"href":"https:\/\/www.europesays.com\/fi\/wp-json\/wp\/v2\/users\/2"}],"replies":[{"embeddable":true,"href":"https:\/\/www.europesays.com\/fi\/wp-json\/wp\/v2\/comments?post=144209"}],"version-history":[{"count":0,"href":"https:\/\/www.europesays.com\/fi\/wp-json\/wp\/v2\/posts\/144209\/revisions"}],"wp:featuredmedia":[{"embeddable":true,"href":"https:\/\/www.europesays.com\/fi\/wp-json\/wp\/v2\/media\/144210"}],"wp:attachment":[{"href":"https:\/\/www.europesays.com\/fi\/wp-json\/wp\/v2\/media?parent=144209"}],"wp:term":[{"taxonomy":"category","embeddable":true,"href":"https:\/\/www.europesays.com\/fi\/wp-json\/wp\/v2\/categories?post=144209"},{"taxonomy":"post_tag","embeddable":true,"href":"https:\/\/www.europesays.com\/fi\/wp-json\/wp\/v2\/tags?post=144209"}],"curies":[{"name":"wp","href":"https:\/\/api.w.org\/{rel}","templated":true}]}}