{"id":144219,"date":"2026-01-16T18:56:06","date_gmt":"2026-01-16T18:56:06","guid":{"rendered":"https:\/\/www.europesays.com\/fi\/144219\/"},"modified":"2026-01-16T18:56:06","modified_gmt":"2026-01-16T18:56:06","slug":"naispari-riitaantui-nuoremman-koira-tappoi-toisen-osapuolen-ruotsissa","status":"publish","type":"post","link":"https:\/\/www.europesays.com\/fi\/144219\/","title":{"rendered":"Naispari riitaantui \u2013 nuoremman koira tappoi toisen osapuolen Ruotsissa"},"content":{"rendered":"<p>G\u00f6teborgissa 44-vuotias nainen on kuollut koiran hy\u00f6k\u00e4tty\u00e4 h\u00e4nen kimppuunsa. Asiasta uutisoi <a href=\"https:\/\/www.expressen.se\/nyheter\/sverige\/antonia-44-dog-efter-hundattacken-i-goteborg\/\" target=\"_blank\" rel=\"noreferrer noopener nofollow\">Expressen<\/a>.<\/p>\n<p>Hy\u00f6k\u00e4nnyt amerikanbully kuului naisen 25-vuotiaalle tytt\u00f6yst\u00e4v\u00e4lle.<\/p>\n<p>Tytt\u00f6yst\u00e4v\u00e4 kertoi poliisikuulusteluissa yhden koiristaan hy\u00f6k\u00e4nneen, sill\u00e4 naisten v\u00e4lille oli tullut riitaa, jonka aikana vanhempi nainen oli pahoinpidellyt h\u00e4nt\u00e4.<\/p>\n<p>Lue my\u00f6s: <a href=\"https:\/\/www.voice.fi\/ilmiot\/a-240058\" title=\"Raision tapahtumat nostivat koirahy\u00f6kk\u00e4ykset keskusteluun \u2013 t\u00e4t\u00e4 mielt\u00e4 Kennelliitto on rotukielloista\" class=\"underline-custom !font-montserrat !font-bold !underline-offset-4 !decoration-4 !decoration-tilt-light !text-md\" rel=\"nofollow noopener\" target=\"_blank\">Raision tapahtumat nostivat koirahy\u00f6kk\u00e4ykset keskusteluun \u2013 t\u00e4t\u00e4 mielt\u00e4 Kennelliitto on rotukielloista<\/a><\/p>\n<p>Lue my\u00f6s: <a href=\"https:\/\/www.voice.fi\/ilmiot\/a-240046\" title=\"Poliisi tutkii Raision koirahy\u00f6kk\u00e4yst\u00e4 \u2013 koira oli ollut omistajallaan vasta kuukauden\" class=\"underline-custom !font-montserrat !font-bold !underline-offset-4 !decoration-4 !decoration-tilt-light !text-md\" rel=\"nofollow noopener\" target=\"_blank\">Poliisi tutkii Raision koirahy\u00f6kk\u00e4yst\u00e4 \u2013 koira oli ollut omistajallaan vasta kuukauden<\/a><\/p>\n<p>H\u00e4n oli omien sanojensa mukaan my\u00f6s yritt\u00e4nyt saada koiraansa pois naisen kimpusta, mutta turhaan.<\/p>\n<p>Tytt\u00f6yst\u00e4v\u00e4 selitti tilannetta kuulusteluissa:<\/p>\n<p>\u2013 Muistan, ett\u00e4 koirani puri h\u00e4nt\u00e4 k\u00e4sivarteen. H\u00e4n kaatui, ja yritin saada koirani pois. Olin itsekin sekaisin.<\/p>\n<p>\u2013 H\u00e4nen kasvonsa olivat tuhoutuneet. En edes yrit\u00e4\u2026 on todella vaikeaa puhua siit\u00e4. Mutta koirani puri h\u00e4nt\u00e4 joka puolelle. Se n\u00e4ytti hirve\u00e4lt\u00e4.<\/p>\n<p>Nainen vuoti kuiviin kylpyhuoneessa. Mik\u00e4li h\u00e4n olisi saanut apua ajoissa, h\u00e4n olisi voinut selviyty\u00e4.<\/p>\n<p>Tytt\u00f6yst\u00e4v\u00e4 oli soittanut h\u00e4t\u00e4keskukseen useita kertoja y\u00f6n ja aamun kuluessa, mutta ei p\u00e4\u00e4st\u00e4nyt ensimm\u00e4isen\u00e4 saapunutta ensihoitohenkil\u00f6kuntaa sis\u00e4\u00e4n. H\u00e4n ei osannut kuulusteluissa selitt\u00e4\u00e4, miksi k\u00e4\u00e4nnytti pelastushenkil\u00f6kunnan pois.<\/p>\n<p>Lue my\u00f6s: <a href=\"https:\/\/www.voice.fi\/ilmiot\/a-240484\" title=\"Susi repi Riitu-koiran palasiksi \u2013 tapahtumapaikalla odotti karu n\u00e4ky\" class=\"underline-custom !font-montserrat !font-bold !underline-offset-4 !decoration-4 !decoration-tilt-light !text-md\" rel=\"nofollow noopener\" target=\"_blank\">Susi repi Riitu-koiran palasiksi \u2013 tapahtumapaikalla odotti karu n\u00e4ky<\/a><\/p>\n<p>Lue my\u00f6s: <a href=\"https:\/\/www.voice.fi\/ilmiot\/a-240401\" title=\"Koira hy\u00f6kk\u00e4si lapsen kimppuun Raahessa \u2013 lapselle aiheutui sairaalahoitoa vaativia vammoja\" class=\"underline-custom !font-montserrat !font-bold !underline-offset-4 !decoration-4 !decoration-tilt-light !text-md\" rel=\"nofollow noopener\" target=\"_blank\">Koira hy\u00f6kk\u00e4si lapsen kimppuun Raahessa \u2013 lapselle aiheutui sairaalahoitoa vaativia vammoja<\/a><\/p>\n<p>H\u00e4n kertoi olleensa shokissa ja sanoi, ettei muista tilannetta. H\u00e4n kertoi my\u00f6s olleensa kokaiinin vaikutuksen alaisena.<\/p>\n<p>Tytt\u00f6yst\u00e4v\u00e4\u00e4 ep\u00e4iltiin aluksi murhasta, mutta sittemmin h\u00e4nt\u00e4 syytet\u00e4\u00e4n t\u00f6rke\u00e4st\u00e4 kuolemantuottamuksesta.<\/p>\n<p>Hy\u00f6k\u00e4nnyt koira lopetettiin tapahtuneen j\u00e4lkeen.<\/p>\n<p>Amerikanbully on yhdysvaltalainen koirarotu, jota kansainv\u00e4linen koiranjalostusliitto FCI ei tunnusta viralliseksi roduksi. Suomen Kennelliitto ei rekister\u00f6i rotua.<\/p>\n","protected":false},"excerpt":{"rendered":"G\u00f6teborgissa 44-vuotias nainen on kuollut koiran hy\u00f6k\u00e4tty\u00e4 h\u00e4nen kimppuunsa. Asiasta uutisoi Expressen. Hy\u00f6k\u00e4nnyt amerikanbully kuului naisen 25-vuotiaalle tytt\u00f6yst\u00e4v\u00e4lle.&hellip;\n","protected":false},"author":2,"featured_media":144220,"comment_status":"","ping_status":"","sticky":false,"template":"","format":"standard","meta":{"footnotes":""},"categories":[14],"tags":[22,23,26,27,33,31,30,17,3434,24646,24647,24,25,28,29,15,18,21,2177,32,19,20,56,16,59,60,61],"class_list":{"0":"post-144219","1":"post","2":"type-post","3":"status-publish","4":"format-standard","5":"has-post-thumbnail","7":"category-ulkomaat","8":"tag-breaking-news","9":"tag-breakingnews","10":"tag-featured-news","11":"tag-featurednews","12":"tag-fi","13":"tag-finland","14":"tag-finnish","15":"tag-headlines","16":"tag-koira","17":"tag-koira-tappoi","18":"tag-koirahyu00f6kku00e4ys","19":"tag-latest-news","20":"tag-latestnews","21":"tag-main-news","22":"tag-mainnews","23":"tag-news","24":"tag-otsikot","25":"tag-paauutiset","26":"tag-riita","27":"tag-suomi","28":"tag-top-stories","29":"tag-topstories","30":"tag-ulkomaat","31":"tag-uutiset","32":"tag-world","33":"tag-world-news","34":"tag-worldnews"},"share_on_mastodon":{"url":"https:\/\/pubeurope.com\/@fi\/115906306681593262","error":""},"_links":{"self":[{"href":"https:\/\/www.europesays.com\/fi\/wp-json\/wp\/v2\/posts\/144219","targetHints":{"allow":["GET"]}}],"collection":[{"href":"https:\/\/www.europesays.com\/fi\/wp-json\/wp\/v2\/posts"}],"about":[{"href":"https:\/\/www.europesays.com\/fi\/wp-json\/wp\/v2\/types\/post"}],"author":[{"embeddable":true,"href":"https:\/\/www.europesays.com\/fi\/wp-json\/wp\/v2\/users\/2"}],"replies":[{"embeddable":true,"href":"https:\/\/www.europesays.com\/fi\/wp-json\/wp\/v2\/comments?post=144219"}],"version-history":[{"count":0,"href":"https:\/\/www.europesays.com\/fi\/wp-json\/wp\/v2\/posts\/144219\/revisions"}],"wp:featuredmedia":[{"embeddable":true,"href":"https:\/\/www.europesays.com\/fi\/wp-json\/wp\/v2\/media\/144220"}],"wp:attachment":[{"href":"https:\/\/www.europesays.com\/fi\/wp-json\/wp\/v2\/media?parent=144219"}],"wp:term":[{"taxonomy":"category","embeddable":true,"href":"https:\/\/www.europesays.com\/fi\/wp-json\/wp\/v2\/categories?post=144219"},{"taxonomy":"post_tag","embeddable":true,"href":"https:\/\/www.europesays.com\/fi\/wp-json\/wp\/v2\/tags?post=144219"}],"curies":[{"name":"wp","href":"https:\/\/api.w.org\/{rel}","templated":true}]}}