{"id":144221,"date":"2026-01-16T18:57:07","date_gmt":"2026-01-16T18:57:07","guid":{"rendered":"https:\/\/www.europesays.com\/fi\/144221\/"},"modified":"2026-01-16T18:57:07","modified_gmt":"2026-01-16T18:57:07","slug":"kukaan-ei-korjaa-10-miljoonan-euron-virhetta-ministeri-selittaa","status":"publish","type":"post","link":"https:\/\/www.europesays.com\/fi\/144221\/","title":{"rendered":"Kukaan ei korjaa 10 miljoonan euron virhett\u00e4 \u2013 Ministeri selitt\u00e4\u00e4"},"content":{"rendered":"<p>Kunta- ja alueministeri Anna-Kaisa Ikosen (kok) mukaan hallitus valmistelee ty\u00f6kaluja, joilla varmistetaan, ett\u00e4 alueet toimittavat oikeita diagnoositietoja.<\/p>\n<p><img decoding=\"async\" class=\"image image-show image-preview\" src=\"https:\/\/www.europesays.com\/fi\/wp-content\/uploads\/2026\/01\/19f6eb4341c2899ec9959f5b779bdba69a17e5f340fc3d1303779c854d59f804.jpg\" alt=\"\"\/><img decoding=\"async\" class=\"image image-show\" src=\"https:\/\/www.europesays.com\/fi\/wp-content\/uploads\/2026\/01\/1768589827_10_19f6eb4341c2899ec9959f5b779bdba69a17e5f340fc3d1303779c854d59f804.jpg\" alt=\"\"\/><\/p>\n<p>Ministeri Anna-Kaisa Ikosen (kok) mukaan hallitus korjaa pian hyvinvointialueiden rahoitusmallia. Levi Veps\u00e4<\/p>\n<p class=\"paragraph\">Hyvinvointialueiden rahoitukseen vaikuttavissa diagnoositiedoissa <a href=\"https:\/\/www.iltalehti.fi\/politiikka\/39bfc5dc-86f8-4b15-b53e-1015d3490eba\" rel=\"nofollow noopener\" target=\"_blank\">on havaittu<\/a> miljoonaluokan puutteita ja virheit\u00e4, mutta nyt tilanne on se, ettei k\u00e4yt\u00e4nn\u00f6ss\u00e4 kukaan ole korjannut virheit\u00e4.<\/p>\n<p class=\"paragraph\">Esimerkiksi Pohjois-Pohjanmaa sai pit\u00e4\u00e4 itsell\u00e4\u00e4n noin 10 miljoonaa euroa, jotka se sai <a href=\"https:\/\/www.iltalehti.fi\/politiikka\/39bfc5dc-86f8-4b15-b53e-1015d3490eba\" rel=\"nofollow noopener\" target=\"_blank\">virheellisten kroonisen hengitysvajauksen<\/a> diagnoosien takia.<\/p>\n<p class=\"paragraph\">Kunta- ja alueministeri <strong>Anna-Kaisa Ikonen<\/strong> (kok) kertoo, ett\u00e4 Terveyden ja hyvinvoinnin laitos (THL) saa jatkossa oikeuden korjata selvi\u00e4 tietovirheit\u00e4, joita on havaittu hyvinvointialueiden diagnoositiedoissa.<\/p>\n<p class=\"paragraph\">Valmistelussa on Ikosen mukaan muitakin ty\u00f6kaluja, joilla varmistetaan, ett\u00e4 alueet toimittavat oikeaa tietoa.<\/p>\n<p class=\"paragraph\">\u2013 Julkisuudessa esill\u00e4 olleissa tapauksissa ei ole ollut kyse vilpillisest\u00e4 toiminnasta. Selv\u00e4\u00e4 on, ett\u00e4 virheet ovat eritt\u00e4in valitettavia, ja virheiden syntymist\u00e4 on jatkossa kyett\u00e4v\u00e4 est\u00e4m\u00e4\u00e4n, Ikonen kirjoittaa s\u00e4hk\u00f6postitse. H\u00e4n ei halunnut puhelimitse kommentoida aihetta.<\/p>\n<p>\u201dLaki ei tunnista\u201d<\/p>\n<p class=\"paragraph\">Valtiovarainministeri\u00f6 (VM) ja THL saivat tiedon Pohjois-Pohjanmaan diagnoositietojen virheest\u00e4 syksyll\u00e4 2025, mutta ne eiv\u00e4t voineet sit\u00e4 korjata.<\/p>\n<p class=\"paragraph\">Alueet voivat vain tiettyyn takarajaan asti muuttaa rahoituslaskennassa k\u00e4ytett\u00e4vi\u00e4 tietojaan. Pohjois-Pohjanmaan olisi pit\u00e4nyt korjata itse virhe 31.5.2024 menness\u00e4, jotta se olisi voinut vaikuttaa rahoituslaskelmiin. Alue huomasi virheen vasta viime vuonna.<\/p>\n<p class=\"paragraph\">Osa alueista on kokenut ep\u00e4oikeudenmukaisena sen, ettei VM korjaa rahoitusta j\u00e4lkik\u00e4teen.<\/p>\n<p class=\"paragraph\">Ikosen mukaan oikeudellisia edellytyksi\u00e4 rahoituksen oikaisulle ei VM:n virka-arvion perusteella ole.<\/p>\n<p class=\"paragraph\">\u2013 Rahoitus perustuu lainmukaisesti rekisteriss\u00e4 oleviin tietoihin, ja laki ei valitettavasti nykyisell\u00e4\u00e4n tunnista t\u00e4m\u00e4nkaltaisia teknisi\u00e4 aineistovirheit\u00e4, Ikonen kirjoittaa.<\/p>\n<p class=\"paragraph\">Alueilla ei ole my\u00f6sk\u00e4\u00e4n intressi\u00e4 ilmoittaa itse virheist\u00e4, koska se v\u00e4hent\u00e4isi niiden rahoitusta.<\/p>\n<p class=\"paragraph\">VM:n tulkinnan mukaan se voisi takautuvasti peri\u00e4 rahoitusta vain silloin, jos k\u00e4visi ilmi, ett\u00e4 kyseess\u00e4 on tahallinen virhe. Esimerkiksi Pohjois-Pohjanmaan tapauksessa kyseess\u00e4 oli tekninen virhe.<\/p>\n<p class=\"paragraph\">Hallitus valmistelee muutosta, jonka my\u00f6t\u00e4 THL voisi jatkossa korjata havaitsemiaan selkeit\u00e4 tietovirheit\u00e4 aineiston laskennan yhteydess\u00e4.<\/p>\n<p class=\"paragraph\">Alueet ilmoittavat diagnoositietonsa THL:lle, jonka rekisteri\u00e4 k\u00e4ytet\u00e4\u00e4n alueiden rahoitusp\u00e4\u00e4t\u00f6sten pohjalla.<\/p>\n<p class=\"paragraph\">Hyvinvointialueiden rahoitus on nollasummapeli\u00e4: jos jonkin alueen rahoitus kasvaa, toisen tai toisten alueiden rahoitus v\u00e4henee.<\/p>\n<p>Korjauksia tulossa<\/p>\n<p class=\"paragraph\">Ministeri Ikonen on k\u00e4ynnist\u00e4nyt diagnoosivirheist\u00e4 selvityksen, joka valmistuu helmikuun lopussa. Osa alueista on pettynyt siihen, ett\u00e4 selvitys koskee diagnoositietojen toimittamista vain vuodesta 2023 alkaen.<\/p>\n<p class=\"paragraph\">Esimerkiksi Keski-Suomen hyvinvointialueen mielest\u00e4 my\u00f6s vuosien 2019\u20132022 diagnoosivirheet olisi pit\u00e4nyt selvitt\u00e4\u00e4, koska kuntien noilta vuosilta ker\u00e4\u00e4m\u00e4t tiedot ovat vaikuttaneet alueiden rahoitukseen. Hyvinvointialueet aloittivat toimintansa vuoden 2023 alussa.<\/p>\n<p class=\"paragraph\">Ikosen mukaan selvitys keskittyy tietojen toimittamisen ja ker\u00e4\u00e4misen prosesseihin nykyisess\u00e4 hyvinvointialuemallissa, jotta hallitus voi tehd\u00e4 selvityksen pohjalta tarvittavia korjauksia rahoitusmalliin nyt valmistelussa olevan esityksen yhteydess\u00e4.<\/p>\n<p class=\"paragraph\">Hallitus aikoo antaa hyvinvointialueiden rahoitusmallin korjauksista esityksen eduskunnalle viel\u00e4 t\u00e4n\u00e4 kev\u00e4\u00e4n\u00e4. Kyseess\u00e4 on kolmas rahoitusmalliin teht\u00e4v\u00e4 \u201dkorjauspaketti\u201d.<\/p>\n<p>Isot erot j\u00e4rjestelmiss\u00e4<\/p>\n<p class=\"paragraph\">Keski-Suomen hyvinvointialueen ylil\u00e4\u00e4k\u00e4ri Petri Kivinen ja ylil\u00e4\u00e4k\u00e4ri <strong>Jari Kankaanp\u00e4\u00e4<\/strong> Etel\u00e4-Pohjanmaan hyvinvointialueelta selvittiv\u00e4t syksyll\u00e4 diagnoositietojen puutteita ja syit\u00e4 niiden taustalla. Keskeinen ongelma liittyy heid\u00e4n mukaansa pitk\u00e4aikaisdiagnoosien kirjaamiseen.<\/p>\n<p class=\"paragraph\">Alueet, jotka ovat pystyneet samaa tietoj\u00e4rjestelm\u00e4\u00e4 k\u00e4ytt\u00e4m\u00e4ll\u00e4 ker\u00e4\u00e4m\u00e4\u00e4n diagnoositietoja jo ennen hyvinvointialueita, ovat saaneet etua verrattuna alueisiin, joilla on ollut useita eri tietoj\u00e4rjestelmi\u00e4 ja vaihtelevia kirjaamisk\u00e4yt\u00e4nt\u00f6j\u00e4.<\/p>\n<p class=\"paragraph\">Jos potilaalla on pitk\u00e4aikaissairaus, osa potilastietoj\u00e4rjestelmist\u00e4 toimittaa Kivisen mukaan diagnoosin THL:n j\u00e4rjestelm\u00e4\u00e4n joka kerta, kun potilas k\u00e4y l\u00e4\u00e4k\u00e4riss\u00e4 muusta syyst\u00e4, esimerkiksi flunssaoireiden vuoksi.<\/p>\n<p class=\"paragraph\">Toisilla alueilla on ollut tietoj\u00e4rjestelmi\u00e4, joissa hoitohenkil\u00f6kunnan tulee kirjata jokaisella k\u00e4ynnill\u00e4 erikseen tieto pitk\u00e4aikaissairaudesta.<\/p>\n<p class=\"paragraph\">\u2013 Nykyisess\u00e4 mallissa on kyse siit\u00e4, mik\u00e4 j\u00e4rjestelm\u00e4 ker\u00e4\u00e4 tiedon pitk\u00e4aikaisdiagnooseista tehokkaimmin, ei siit\u00e4, mik\u00e4 on taudin esiintyvyys alueella, Kivinen kuvaili maanantaina julkaistussa Iltalehden jutussa.<\/p>\n","protected":false},"excerpt":{"rendered":"Kunta- ja alueministeri Anna-Kaisa Ikosen (kok) mukaan hallitus valmistelee ty\u00f6kaluja, joilla varmistetaan, ett\u00e4 alueet toimittavat oikeita diagnoositietoja. Ministeri&hellip;\n","protected":false},"author":2,"featured_media":144222,"comment_status":"","ping_status":"","sticky":false,"template":"","format":"standard","meta":{"footnotes":""},"categories":[12],"tags":[35,22,23,26,27,33,31,30,863,17,24,25,28,29,1708,1707,15,18,21,637,887,32,167,19,20,16],"class_list":{"0":"post-144221","1":"post","2":"type-post","3":"status-publish","4":"format-standard","5":"has-post-thumbnail","7":"category-suomi","8":"tag-24h","9":"tag-breaking-news","10":"tag-breakingnews","11":"tag-featured-news","12":"tag-featurednews","13":"tag-fi","14":"tag-finland","15":"tag-finnish","16":"tag-hallitus","17":"tag-headlines","18":"tag-latest-news","19":"tag-latestnews","20":"tag-main-news","21":"tag-mainnews","22":"tag-ministeriot-ja-valtioneuvosto","23":"tag-ministerit","24":"tag-news","25":"tag-otsikot","26":"tag-paauutiset","27":"tag-politiikka","28":"tag-suomen-politiikka","29":"tag-suomi","30":"tag-terveys","31":"tag-top-stories","32":"tag-topstories","33":"tag-uutiset"},"share_on_mastodon":{"url":"https:\/\/pubeurope.com\/@fi\/115906310547473159","error":""},"_links":{"self":[{"href":"https:\/\/www.europesays.com\/fi\/wp-json\/wp\/v2\/posts\/144221","targetHints":{"allow":["GET"]}}],"collection":[{"href":"https:\/\/www.europesays.com\/fi\/wp-json\/wp\/v2\/posts"}],"about":[{"href":"https:\/\/www.europesays.com\/fi\/wp-json\/wp\/v2\/types\/post"}],"author":[{"embeddable":true,"href":"https:\/\/www.europesays.com\/fi\/wp-json\/wp\/v2\/users\/2"}],"replies":[{"embeddable":true,"href":"https:\/\/www.europesays.com\/fi\/wp-json\/wp\/v2\/comments?post=144221"}],"version-history":[{"count":0,"href":"https:\/\/www.europesays.com\/fi\/wp-json\/wp\/v2\/posts\/144221\/revisions"}],"wp:featuredmedia":[{"embeddable":true,"href":"https:\/\/www.europesays.com\/fi\/wp-json\/wp\/v2\/media\/144222"}],"wp:attachment":[{"href":"https:\/\/www.europesays.com\/fi\/wp-json\/wp\/v2\/media?parent=144221"}],"wp:term":[{"taxonomy":"category","embeddable":true,"href":"https:\/\/www.europesays.com\/fi\/wp-json\/wp\/v2\/categories?post=144221"},{"taxonomy":"post_tag","embeddable":true,"href":"https:\/\/www.europesays.com\/fi\/wp-json\/wp\/v2\/tags?post=144221"}],"curies":[{"name":"wp","href":"https:\/\/api.w.org\/{rel}","templated":true}]}}