{"id":144234,"date":"2026-01-16T19:22:06","date_gmt":"2026-01-16T19:22:06","guid":{"rendered":"https:\/\/www.europesays.com\/fi\/144234\/"},"modified":"2026-01-16T19:22:06","modified_gmt":"2026-01-16T19:22:06","slug":"hs-korkein-oikeus-vapautti-syytetyn-raiskaussyytteesta-historiallinen-ennakkopaatos","status":"publish","type":"post","link":"https:\/\/www.europesays.com\/fi\/144234\/","title":{"rendered":"HS: Korkein oikeus vapautti syytetyn raiskaussyytteest\u00e4 \u2013 historiallinen ennakkop\u00e4\u00e4t\u00f6s"},"content":{"rendered":"<p>Kyseess\u00e4 on korkeimman oikeuden ensimm\u00e4inen ennakkop\u00e4\u00e4t\u00f6s uuden suostumusperusteen soveltamisesta.<\/p>\n<p class=\"article-body mb-nof-24 px-nof-16\">Korkein oikeus (KKO) p\u00e4\u00e4tyi perjantaina \u00e4\u00e4nestyksen j\u00e4lkeen vapauttamaan raiskauksesta syytetyn syytteest\u00e4, <a class=\"underline underline-offset-[0.12em] [text-decoration-thickness:var(--generic-link-underline-thickness)] [text-decoration-color:var(--generic-link-underline-color)] [text-decoration-skip-ink:var(--generic-link-underline-skip-ink)] break-words\" href=\"https:\/\/www.hs.fi\/suomi\/art-2000011753296.html\" rel=\"nofollow noopener\" target=\"_blank\">kertoo<\/a> Helsingin Sanomat. Kyseess\u00e4 on KKO:n ensimm\u00e4inen ennakkop\u00e4\u00e4t\u00f6s uuden seksuaalirikoslains\u00e4\u00e4d\u00e4nn\u00f6n mukaisen suostumusperusteen soveltamisesta. Ennakkop\u00e4\u00e4t\u00f6ksess\u00e4\u00e4n KKO linjasi siit\u00e4, oliko sukupuoliyhteydelle suostumusta vai ei.<\/p>\n<p class=\"article-body mb-nof-24 px-nof-16\">Vuodesta 2023 raiskauksen m\u00e4\u00e4ritelm\u00e4 on perustunut laissa suostumukseen. Tuolloin voimaan tulleessa seksuaalirikoslain\u00ads\u00e4\u00e4d\u00e4nn\u00f6ss\u00e4 raiskaus m\u00e4\u00e4ritell\u00e4\u00e4n sukupuoliyhteydeksi, jos toinen ei osallistu siihen vapaaehtoisesti. Osallistumista sukupuoliyhteyteen ei lain mukaan voida pit\u00e4\u00e4 vapaaehtoisena muun muassa silloin, jos toinen ei ole sanallisesti, k\u00e4yt\u00f6ksell\u00e4\u00e4n tai muutoin ilmaissut osallistuvansa siihen vapaaehtoisesti.<\/p>\n<p class=\"article-body mb-nof-24 px-nof-16\">Lue lis\u00e4\u00e4: <a class=\"underline underline-offset-[0.12em] [text-decoration-thickness:var(--generic-link-underline-thickness)] [text-decoration-color:var(--generic-link-underline-color)] [text-decoration-skip-ink:var(--generic-link-underline-skip-ink)] break-words\" href=\"https:\/\/www.is.fi\/politiikka\/art-2000009296217.html\" rel=\"nofollow noopener\" target=\"_blank\">Raiskauksen tunnus\u00ad\u00admerkit muuttuvat \u2013 n\u00e4in se n\u00e4kyy poliisin ty\u00f6ss\u00e4<\/a><\/p>\n<p class=\"article-body mb-nof-24 px-nof-16\">Syytteen mukaan kotihoidossa ty\u00f6skentelev\u00e4 mies oli toukokuussa 2023 sukupuoliyhteydess\u00e4 naisasiakkaan kanssa, jota oli tullut auttamaan arkiaskareissa. Syytt\u00e4j\u00e4n mukaan nainen ei osallistunut sukupuoliyhteyksiin vapaaehtoisesti eik\u00e4 ilmaissut suostumustaan. Syytetty kiisti syytteen ja sanoi naisen osallistuneen sukupuoliyhteyksiin vapaaehtoisesti. Mies sanoi kysyneens\u00e4 naiselta useasti, harrastaisivatko he seksi\u00e4, ja sanoi naisen vastanneen my\u00f6nt\u00e4v\u00e4sti.<\/p>\n<p class=\"article-body mb-nof-24 px-nof-16\">Pirkanmaan k\u00e4r\u00e4j\u00e4oikeus tuomitsi miehen vuoden 2023 lopussa raiskauksesta kahdeksi ja puoleksi vuodeksi vankeuteen, HS kertoo. Turun hovioikeus vapautti miehen syytteest\u00e4 syksyll\u00e4 2024, ja asian k\u00e4sittely eteni korkeimpaan oikeuteen.<\/p>\n<p class=\"article-body mb-nof-24 px-nof-16\">KKO p\u00e4\u00e4tyi siihen, ettei naisen kertomuksen tueksi ole riitt\u00e4v\u00e4sti n\u00e4ytt\u00f6\u00e4, jotta syytetty voitaisiin tuomita raiskauksesta. KKO:n mukaan miehen syyllisyydest\u00e4 j\u00e4i varteenotettava ep\u00e4ily, HS kertoo. Oikeuden mukaan naisen kertomusta ei yksin\u00e4\u00e4n voida pit\u00e4\u00e4 riitt\u00e4v\u00e4n\u00e4 n\u00e4ytt\u00f6n\u00e4 vapaaehtoisuuden puuttumisesta. KKO:n p\u00e4\u00e4t\u00f6s syntyi \u00e4\u00e4nestyksess\u00e4 niukasti \u00e4\u00e4nin 3\u20132. V\u00e4hemmist\u00f6\u00f6n p\u00e4\u00e4t\u00f6ksess\u00e4 j\u00e4iv\u00e4t KKO:n presidentti ja yksi oikeusneuvos, jotka olisivat tuominneet miehen raiskauksesta, HS kertoo. Heid\u00e4n mielest\u00e4\u00e4n naisen kertomus ja muu n\u00e4ytt\u00f6 osoittavat, ettei nainen ilmaissut vapaaehtoisuuttaan.<\/p>\n","protected":false},"excerpt":{"rendered":"Kyseess\u00e4 on korkeimman oikeuden ensimm\u00e4inen ennakkop\u00e4\u00e4t\u00f6s uuden suostumusperusteen soveltamisesta. Korkein oikeus (KKO) p\u00e4\u00e4tyi perjantaina \u00e4\u00e4nestyksen j\u00e4lkeen vapauttamaan raiskauksesta&hellip;\n","protected":false},"author":2,"featured_media":144235,"comment_status":"","ping_status":"","sticky":false,"template":"","format":"standard","meta":{"footnotes":""},"categories":[14],"tags":[22,23,26,27,33,31,30,17,34,24,25,28,29,15,18,21,32,19,20,56,16,59,60,61],"class_list":{"0":"post-144234","1":"post","2":"type-post","3":"status-publish","4":"format-standard","5":"has-post-thumbnail","7":"category-ulkomaat","8":"tag-breaking-news","9":"tag-breakingnews","10":"tag-featured-news","11":"tag-featurednews","12":"tag-fi","13":"tag-finland","14":"tag-finnish","15":"tag-headlines","16":"tag-ilta-sanomat","17":"tag-latest-news","18":"tag-latestnews","19":"tag-main-news","20":"tag-mainnews","21":"tag-news","22":"tag-otsikot","23":"tag-paauutiset","24":"tag-suomi","25":"tag-top-stories","26":"tag-topstories","27":"tag-ulkomaat","28":"tag-uutiset","29":"tag-world","30":"tag-world-news","31":"tag-worldnews"},"share_on_mastodon":{"url":"https:\/\/pubeurope.com\/@fi\/115906408842331855","error":""},"_links":{"self":[{"href":"https:\/\/www.europesays.com\/fi\/wp-json\/wp\/v2\/posts\/144234","targetHints":{"allow":["GET"]}}],"collection":[{"href":"https:\/\/www.europesays.com\/fi\/wp-json\/wp\/v2\/posts"}],"about":[{"href":"https:\/\/www.europesays.com\/fi\/wp-json\/wp\/v2\/types\/post"}],"author":[{"embeddable":true,"href":"https:\/\/www.europesays.com\/fi\/wp-json\/wp\/v2\/users\/2"}],"replies":[{"embeddable":true,"href":"https:\/\/www.europesays.com\/fi\/wp-json\/wp\/v2\/comments?post=144234"}],"version-history":[{"count":0,"href":"https:\/\/www.europesays.com\/fi\/wp-json\/wp\/v2\/posts\/144234\/revisions"}],"wp:featuredmedia":[{"embeddable":true,"href":"https:\/\/www.europesays.com\/fi\/wp-json\/wp\/v2\/media\/144235"}],"wp:attachment":[{"href":"https:\/\/www.europesays.com\/fi\/wp-json\/wp\/v2\/media?parent=144234"}],"wp:term":[{"taxonomy":"category","embeddable":true,"href":"https:\/\/www.europesays.com\/fi\/wp-json\/wp\/v2\/categories?post=144234"},{"taxonomy":"post_tag","embeddable":true,"href":"https:\/\/www.europesays.com\/fi\/wp-json\/wp\/v2\/tags?post=144234"}],"curies":[{"name":"wp","href":"https:\/\/api.w.org\/{rel}","templated":true}]}}