{"id":144274,"date":"2026-01-16T20:16:08","date_gmt":"2026-01-16T20:16:08","guid":{"rendered":"https:\/\/www.europesays.com\/fi\/144274\/"},"modified":"2026-01-16T20:16:08","modified_gmt":"2026-01-16T20:16:08","slug":"viikonlopun-suojasaan-jalkeen-tulee-kipakka-pakkanen","status":"publish","type":"post","link":"https:\/\/www.europesays.com\/fi\/144274\/","title":{"rendered":"Viikonlopun suojas\u00e4\u00e4n j\u00e4lkeen tulee kipakka pakkanen"},"content":{"rendered":"<p>L\u00e4mp\u00f6tilat voivat romahtaa jopa 20 astetta viikonlopusta.<\/p>\n<p>Ennen pakkasten paluuta edess\u00e4 on lauhaa ilmaa.<\/p>\n<p class=\"article-body mb-nof-24 px-nof-16\">Viikonloppua vietet\u00e4\u00e4n isossa osassa Suomea nollakeliss\u00e4 tai jopa plusasteissa, mutta ensi viikolla l\u00e4mp\u00f6tilat romahtavat.<\/p>\n<p class=\"article-body mb-nof-24 px-nof-16\">It\u00e4inen ilmavirtaus tuo Suomeen kylmyytt\u00e4 suoraan Siperiasta ensi viikon puoliv\u00e4liss\u00e4.<\/p>\n<p class=\"article-body mb-nof-24 px-nof-16\">Lue lis\u00e4\u00e4: <a class=\"underline underline-offset-[0.12em] [text-decoration-thickness:var(--generic-link-underline-thickness)] [text-decoration-color:var(--generic-link-underline-color)] [text-decoration-skip-ink:var(--generic-link-underline-skip-ink)] break-words\" href=\"https:\/\/www.is.fi\/kotimaa\/art-2000011752756.html\" rel=\"nofollow noopener\" target=\"_blank\">Pitk\u00e4 ennuste: Kylm\u00e4\u00e4<\/a><\/p>\n<p class=\"article-body mb-nof-24 px-nof-16\">Ilmatieteen laitoksen p\u00e4ivyst\u00e4v\u00e4 meteorologi <a class=\"font-bold underline-offset-[0.12em] [text-decoration:var(--person-link-text-decoration)] ![text-decoration-color:var(--person-link-text-decoration-color)]\" href=\"https:\/\/www.is.fi\/haku\/?query=Tuukka%20Ker%C3%A4nen\" rel=\"nofollow noopener\" target=\"_blank\">Tuukka Ker\u00e4nen<\/a> sanoo, ett\u00e4 t\u00e4m\u00e4n hetken ennusteen perusteella todenn\u00e4k\u00f6isimm\u00e4t pakkaslukemat viikon p\u00e4\u00e4h\u00e4n olisivat Etel\u00e4-Suomessa 10 asteen tienoilla. It\u00e4- ja Pohjois-Suomessa olisi viel\u00e4kin kylmemp\u00e4\u00e4.<\/p>\n<p class=\"article-body mb-nof-24 px-nof-16\">\u2013\u2009Potentiaalia on kuitenkin siihen, ett\u00e4 korkeimmillaan etel\u00e4ss\u00e4kin voi olla 20 pakkasastetta, Ker\u00e4nen sanoo.<\/p>\n<p class=\"article-body mb-nof-24 px-nof-16\">Eli l\u00e4mp\u00f6tilat voivat romahtaa muutamassa p\u00e4iv\u00e4ss\u00e4 jopa yli 20 astetta.<\/p>\n<p class=\"article-body mb-nof-24 px-nof-16\">Kaikki riippuu Ker\u00e4sen mukaan siit\u00e4, mihin korkeapaineen keskus tarkalleen ottaen asettuu. Se ratkaisee sen, miten kylm\u00e4\u00e4 ilmaa Suomeen virtaa ja mihin kaikista kylmin ilmamassa asettuu.<\/p>\n<p class=\"article-body mb-nof-24 px-nof-16\">Ep\u00e4varmuus \u2013 ja sen johdosta pakkasasteiden vaihteluv\u00e4li \u2013 on reilun viikon p\u00e4\u00e4h\u00e4n tosin viel\u00e4 hyvin suuri.<\/p>\n<p class=\"article-body mb-nof-24 px-nof-16\">Vain se on varmaa, ett\u00e4 s\u00e4\u00e4 on selv\u00e4sti kylmenem\u00e4ss\u00e4 viikonlopun j\u00e4lkeen.<\/p>\n<p><img decoding=\"async\" src=\"https:\/\/www.europesays.com\/fi\/wp-content\/uploads\/2026\/01\/1768594568_207_468.jpg\" alt=\"Pakkanen tuo poutaa ja sit\u00e4 kautta mukavat talviset ulkoilukelit \u2013 jos ei ole liian vilakka.\" class=\"_Img_1rerz_1\" style=\"aspect-ratio:1.56479217603912\" loading=\"eager\"\/><\/p>\n<p class=\"article-picture-caption\">Pakkanen tuo poutaa ja sit\u00e4 kautta mukavat talviset ulkoilukelit \u2013 jos ei ole liian vilakka. Kuva:\u00a0Mika Ranta<\/p>\n<p class=\"article-body mb-nof-24 px-nof-16\">\u2013\u2009Se on toteutumassa. Alkuviikko menn\u00e4\u00e4n suurin piirtein samassa s\u00e4\u00e4ss\u00e4, siihen asti etel\u00e4ss\u00e4 on nollakeli\u00e4 ja ehk\u00e4 v\u00e4h\u00e4n plusasteitakin ja pohjoisessa pikkupakkasta. Keskiviikon tienoilla alkaa selv\u00e4 pakastuminen koko maassa, Ker\u00e4nen sanoo.<\/p>\n<p class=\"article-body mb-nof-24 px-nof-16\">Samalla sateet v\u00e4henev\u00e4t, ja s\u00e4\u00e4st\u00e4 tulee Ker\u00e4sen mukaan meteorologeille \u201dtapahtumak\u00f6yh\u00e4\u201d.<\/p>\n<p class=\"article-body mb-nof-24 px-nof-16\">\u2013\u2009Luvassa on mukavia talvisia ulkoilukelej\u00e4 ja paikoitellen kevyit\u00e4 lumisateita. P\u00e4\u00e4asiassa on kuitenkin poutaa, Ker\u00e4nen sanoo.<\/p>\n","protected":false},"excerpt":{"rendered":"L\u00e4mp\u00f6tilat voivat romahtaa jopa 20 astetta viikonlopusta. Ennen pakkasten paluuta edess\u00e4 on lauhaa ilmaa. Viikonloppua vietet\u00e4\u00e4n isossa osassa&hellip;\n","protected":false},"author":2,"featured_media":144275,"comment_status":"","ping_status":"","sticky":false,"template":"","format":"standard","meta":{"footnotes":""},"categories":[12],"tags":[22,23,26,27,33,31,30,17,34,24,25,28,29,15,18,21,32,19,20,16],"class_list":{"0":"post-144274","1":"post","2":"type-post","3":"status-publish","4":"format-standard","5":"has-post-thumbnail","7":"category-suomi","8":"tag-breaking-news","9":"tag-breakingnews","10":"tag-featured-news","11":"tag-featurednews","12":"tag-fi","13":"tag-finland","14":"tag-finnish","15":"tag-headlines","16":"tag-ilta-sanomat","17":"tag-latest-news","18":"tag-latestnews","19":"tag-main-news","20":"tag-mainnews","21":"tag-news","22":"tag-otsikot","23":"tag-paauutiset","24":"tag-suomi","25":"tag-top-stories","26":"tag-topstories","27":"tag-uutiset"},"share_on_mastodon":{"url":"https:\/\/pubeurope.com\/@fi\/115906621179170527","error":""},"_links":{"self":[{"href":"https:\/\/www.europesays.com\/fi\/wp-json\/wp\/v2\/posts\/144274","targetHints":{"allow":["GET"]}}],"collection":[{"href":"https:\/\/www.europesays.com\/fi\/wp-json\/wp\/v2\/posts"}],"about":[{"href":"https:\/\/www.europesays.com\/fi\/wp-json\/wp\/v2\/types\/post"}],"author":[{"embeddable":true,"href":"https:\/\/www.europesays.com\/fi\/wp-json\/wp\/v2\/users\/2"}],"replies":[{"embeddable":true,"href":"https:\/\/www.europesays.com\/fi\/wp-json\/wp\/v2\/comments?post=144274"}],"version-history":[{"count":0,"href":"https:\/\/www.europesays.com\/fi\/wp-json\/wp\/v2\/posts\/144274\/revisions"}],"wp:featuredmedia":[{"embeddable":true,"href":"https:\/\/www.europesays.com\/fi\/wp-json\/wp\/v2\/media\/144275"}],"wp:attachment":[{"href":"https:\/\/www.europesays.com\/fi\/wp-json\/wp\/v2\/media?parent=144274"}],"wp:term":[{"taxonomy":"category","embeddable":true,"href":"https:\/\/www.europesays.com\/fi\/wp-json\/wp\/v2\/categories?post=144274"},{"taxonomy":"post_tag","embeddable":true,"href":"https:\/\/www.europesays.com\/fi\/wp-json\/wp\/v2\/tags?post=144274"}],"curies":[{"name":"wp","href":"https:\/\/api.w.org\/{rel}","templated":true}]}}