{"id":144300,"date":"2026-01-16T21:07:07","date_gmt":"2026-01-16T21:07:07","guid":{"rendered":"https:\/\/www.europesays.com\/fi\/144300\/"},"modified":"2026-01-16T21:07:07","modified_gmt":"2026-01-16T21:07:07","slug":"iaea-venaja-ja-ukraina-sopivat-tulitauosta-zaporizzjan-ydinvoimalalla","status":"publish","type":"post","link":"https:\/\/www.europesays.com\/fi\/144300\/","title":{"rendered":"IAEA: Ven\u00e4j\u00e4 ja Ukraina sopivat tulitauosta Zapori\u017e\u017ejan ydinvoimalalla"},"content":{"rendered":"<p>Ukraina|Sopimus mahdollistaa korjausty\u00f6t viimeiselle j\u00e4ljell\u00e4 olevalle varavoimalinjalle.<\/p>\n<p class=\"article-body mb-nof-24 px-nof-16\">Ven\u00e4j\u00e4 ja Ukraina ovat sopineet paikallisesta tulitauosta Zapori\u017e\u017ejan ydinvoimalalla, kertoo kansainv\u00e4linen atomienergia\u00adj\u00e4rjest\u00f6 IAEA.<\/p>\n<p class=\"article-body mb-nof-24 px-nof-16\">Uutistoimisto Reutersin mukaan tulitauko mahdollistaa korjausty\u00f6t viimeiselle j\u00e4ljell\u00e4 olevalle varavoimalinjalle. <\/p>\n<p class=\"article-body mb-nof-24 px-nof-16\">IAEA on toiminut v\u00e4litt\u00e4j\u00e4n\u00e4 Ven\u00e4j\u00e4n ja Ukrainan v\u00e4lill\u00e4 ydinvoimalan turvallisuuden takaamiseksi.<\/p>\n<p class=\"article-body mb-nof-24 px-nof-16\">Zapori\u017e\u017ejan ydinvoimala on Euroopan suurin ydinvoimalaitos. Se on ollut Ven\u00e4j\u00e4n miehityksen alaisena sodan alusta l\u00e4htien vuodesta 2022.<\/p>\n<p class=\"article-body mb-nof-24 px-nof-16\">Voimalaitoksen turvallisuus\u00adtilanne on ollut huolestuttava koko sodan ajan, ja IAEA on vaatinut toistuvasti toimia sen turvallisuuden varmistamiseksi.<\/p>\n","protected":false},"excerpt":{"rendered":"Ukraina|Sopimus mahdollistaa korjausty\u00f6t viimeiselle j\u00e4ljell\u00e4 olevalle varavoimalinjalle. Ven\u00e4j\u00e4 ja Ukraina ovat sopineet paikallisesta tulitauosta Zapori\u017e\u017ejan ydinvoimalalla, kertoo kansainv\u00e4linen&hellip;\n","protected":false},"author":2,"featured_media":96697,"comment_status":"","ping_status":"","sticky":false,"template":"","format":"standard","meta":{"footnotes":""},"categories":[14],"tags":[22,23,26,27,33,31,30,17,46,24,25,28,29,15,18,21,32,19,20,56,16,59,60,61],"class_list":{"0":"post-144300","1":"post","2":"type-post","3":"status-publish","4":"format-standard","5":"has-post-thumbnail","7":"category-ulkomaat","8":"tag-breaking-news","9":"tag-breakingnews","10":"tag-featured-news","11":"tag-featurednews","12":"tag-fi","13":"tag-finland","14":"tag-finnish","15":"tag-headlines","16":"tag-helsingin-sanomat","17":"tag-latest-news","18":"tag-latestnews","19":"tag-main-news","20":"tag-mainnews","21":"tag-news","22":"tag-otsikot","23":"tag-paauutiset","24":"tag-suomi","25":"tag-top-stories","26":"tag-topstories","27":"tag-ulkomaat","28":"tag-uutiset","29":"tag-world","30":"tag-world-news","31":"tag-worldnews"},"share_on_mastodon":{"url":"https:\/\/pubeurope.com\/@fi\/115906821737334869","error":""},"_links":{"self":[{"href":"https:\/\/www.europesays.com\/fi\/wp-json\/wp\/v2\/posts\/144300","targetHints":{"allow":["GET"]}}],"collection":[{"href":"https:\/\/www.europesays.com\/fi\/wp-json\/wp\/v2\/posts"}],"about":[{"href":"https:\/\/www.europesays.com\/fi\/wp-json\/wp\/v2\/types\/post"}],"author":[{"embeddable":true,"href":"https:\/\/www.europesays.com\/fi\/wp-json\/wp\/v2\/users\/2"}],"replies":[{"embeddable":true,"href":"https:\/\/www.europesays.com\/fi\/wp-json\/wp\/v2\/comments?post=144300"}],"version-history":[{"count":0,"href":"https:\/\/www.europesays.com\/fi\/wp-json\/wp\/v2\/posts\/144300\/revisions"}],"wp:featuredmedia":[{"embeddable":true,"href":"https:\/\/www.europesays.com\/fi\/wp-json\/wp\/v2\/media\/96697"}],"wp:attachment":[{"href":"https:\/\/www.europesays.com\/fi\/wp-json\/wp\/v2\/media?parent=144300"}],"wp:term":[{"taxonomy":"category","embeddable":true,"href":"https:\/\/www.europesays.com\/fi\/wp-json\/wp\/v2\/categories?post=144300"},{"taxonomy":"post_tag","embeddable":true,"href":"https:\/\/www.europesays.com\/fi\/wp-json\/wp\/v2\/tags?post=144300"}],"curies":[{"name":"wp","href":"https:\/\/api.w.org\/{rel}","templated":true}]}}