{"id":144310,"date":"2026-01-16T21:29:07","date_gmt":"2026-01-16T21:29:07","guid":{"rendered":"https:\/\/www.europesays.com\/fi\/144310\/"},"modified":"2026-01-16T21:29:07","modified_gmt":"2026-01-16T21:29:07","slug":"eero-aho-on-tottunut-naisfaneihin-mutta-kullervon-tarina-vetoaa-vanhempiin-miehiin-ihminen-on-pahin-peto-sanoo-ohjaaja-paikalliset-2","status":"publish","type":"post","link":"https:\/\/www.europesays.com\/fi\/144310\/","title":{"rendered":"Eero Aho on tottunut naisfaneihin, mutta Kullervon tarina vetoaa vanhempiin miehiin \u2013 &#8221;Ihminen on pahin peto&#8221;, sanoo ohjaaja | Paikalliset"},"content":{"rendered":"<p>Kalevala: Kullervon tarina oli koskettava kokemus p\u00e4\u00e4roolien n\u00e4yttelij\u00f6ille. Syrj\u00e4ytyminen oli arkip\u00e4iv\u00e4\u00e4 my\u00f6s Kalevalan kaskimailla. &#8221;Kukaan ei ole syntyj\u00e4\u00e4n paha&#8221;, ajattelee ohjaaja-k\u00e4sikirjoittaja Antti J. Jokinen.<\/p>\n<p>Mit\u00e4 tapahtuu nuorelle miehelle, jolle kerrotaan l\u00e4pi koko lapsuuden ja nuoruuden, ettei h\u00e4n kuulu joukkoon eik\u00e4 ole toisten veroinen? Siit\u00e4 kertoo <strong>Antti J. Jokisen <\/strong>perjantaina ensi-iltansa saava suurelokuva Kalevala: Kullervon tarina.<\/p>\n","protected":false},"excerpt":{"rendered":"Kalevala: Kullervon tarina oli koskettava kokemus p\u00e4\u00e4roolien n\u00e4yttelij\u00f6ille. Syrj\u00e4ytyminen oli arkip\u00e4iv\u00e4\u00e4 my\u00f6s Kalevalan kaskimailla. &#8221;Kukaan ei ole syntyj\u00e4\u00e4n&hellip;\n","protected":false},"author":2,"featured_media":144311,"comment_status":"","ping_status":"","sticky":false,"template":"","format":"standard","meta":{"footnotes":""},"categories":[130],"tags":[15322,623,137,33,31,30,379,1928,108,622,32,485,140,109],"class_list":{"0":"post-144310","1":"post","2":"type-post","3":"status-publish","4":"format-standard","5":"has-post-thumbnail","7":"category-viihde","8":"tag-eero-aho","9":"tag-elokuva","10":"tag-entertainment","11":"tag-fi","12":"tag-finland","13":"tag-finnish","14":"tag-kirjallisuus","15":"tag-kirjallisuus-ja-audiovisuaalinen-media","16":"tag-kulttuuri","17":"tag-nayttelijat","18":"tag-suomi","19":"tag-taide-yleista","20":"tag-tv-ja-elokuvat","21":"tag-viihde"},"share_on_mastodon":{"url":"https:\/\/pubeurope.com\/@fi\/115906908155074852","error":""},"_links":{"self":[{"href":"https:\/\/www.europesays.com\/fi\/wp-json\/wp\/v2\/posts\/144310","targetHints":{"allow":["GET"]}}],"collection":[{"href":"https:\/\/www.europesays.com\/fi\/wp-json\/wp\/v2\/posts"}],"about":[{"href":"https:\/\/www.europesays.com\/fi\/wp-json\/wp\/v2\/types\/post"}],"author":[{"embeddable":true,"href":"https:\/\/www.europesays.com\/fi\/wp-json\/wp\/v2\/users\/2"}],"replies":[{"embeddable":true,"href":"https:\/\/www.europesays.com\/fi\/wp-json\/wp\/v2\/comments?post=144310"}],"version-history":[{"count":0,"href":"https:\/\/www.europesays.com\/fi\/wp-json\/wp\/v2\/posts\/144310\/revisions"}],"wp:featuredmedia":[{"embeddable":true,"href":"https:\/\/www.europesays.com\/fi\/wp-json\/wp\/v2\/media\/144311"}],"wp:attachment":[{"href":"https:\/\/www.europesays.com\/fi\/wp-json\/wp\/v2\/media?parent=144310"}],"wp:term":[{"taxonomy":"category","embeddable":true,"href":"https:\/\/www.europesays.com\/fi\/wp-json\/wp\/v2\/categories?post=144310"},{"taxonomy":"post_tag","embeddable":true,"href":"https:\/\/www.europesays.com\/fi\/wp-json\/wp\/v2\/tags?post=144310"}],"curies":[{"name":"wp","href":"https:\/\/api.w.org\/{rel}","templated":true}]}}