{"id":144312,"date":"2026-01-16T21:32:09","date_gmt":"2026-01-16T21:32:09","guid":{"rendered":"https:\/\/www.europesays.com\/fi\/144312\/"},"modified":"2026-01-16T21:32:09","modified_gmt":"2026-01-16T21:32:09","slug":"urheilukaupan-yrittaja-vaihtuu-seinajoella-yrittaja-kertoo-viiden-vetovastuun-olevan-liikaa","status":"publish","type":"post","link":"https:\/\/www.europesays.com\/fi\/144312\/","title":{"rendered":"Urheilukaupan yritt\u00e4j\u00e4 vaihtuu Sein\u00e4joella \u2013 Yritt\u00e4j\u00e4 kertoo viiden vetovastuun olevan liikaa"},"content":{"rendered":"<p>    <img decoding=\"async\" class=\"responsive-image article__image-image lozad\"   src=\"https:\/\/www.europesays.com\/fi\/wp-content\/uploads\/2026\/01\/i7zNRibd5Uh5Qu4rm1z12CV5UbQY0F3awbpzEcLroPNugqSb3mKzUgAHXwc326d8RmeJqFOcLxU5GmJy6JbP3RcWFmezxsXA6aEi.jpeg\" alt=\"Sein\u00e4joen Intersport saa uuden yritt\u00e4j\u00e4n. Pitk\u00e4\u00e4n urheilukauppaa luotsannut pari luopuu myym\u00e4l\u00e4st\u00e4.\"\/><\/p>\n<p>\n                Sein\u00e4joen Intersport saa uuden yritt\u00e4j\u00e4n. Pitk\u00e4\u00e4n urheilukauppaa luotsannut pari luopuu myym\u00e4l\u00e4st\u00e4.\n              <\/p>\n<p>\n                Kuva: Jaakko Elenius\n              <\/p>\n<p class=\"article__paragraph\">\n      Sein\u00e4joen Intersportin yritt\u00e4j\u00e4 vaihtuu. Yritt\u00e4j\u00e4pariskunta Vesa ja Kipa Ylilehto luopuvat useita vuosia johtamastaan urheilukaupasta.\n    <\/p>\n<p class=\"article__paragraph\">\n      \u2013\u202fOn tullut ker\u00e4tty\u00e4 paljon hommia, yrityksi\u00e4 ja vetovastuita. Niit\u00e4 alkaa olla liikaa ja pakko on luopua jostain, Vesa Ylilehto sanoo.\n    <\/p>\n<p class=\"article__paragraph\">\n      H\u00e4n vastaa puhelimeen matkalla H\u00e4meenlinnaan. Arjessa yritt\u00e4jille kertyy runsaasti kilometrej\u00e4. Ylilehdon mukaan se on perimm\u00e4inen syy Sein\u00e4joen myym\u00e4l\u00e4st\u00e4 luopumiseen.<\/p>\n","protected":false},"excerpt":{"rendered":"Sein\u00e4joen Intersport saa uuden yritt\u00e4j\u00e4n. Pitk\u00e4\u00e4n urheilukauppaa luotsannut pari luopuu myym\u00e4l\u00e4st\u00e4. Kuva: Jaakko Elenius Sein\u00e4joen Intersportin yritt\u00e4j\u00e4 vaihtuu.&hellip;\n","protected":false},"author":2,"featured_media":144313,"comment_status":"","ping_status":"","sticky":false,"template":"","format":"standard","meta":{"footnotes":""},"categories":[76],"tags":[79,77,33,31,30,32,78],"class_list":{"0":"post-144312","1":"post","2":"type-post","3":"status-publish","4":"format-standard","5":"has-post-thumbnail","7":"category-talous","8":"tag-business","9":"tag-economy","10":"tag-fi","11":"tag-finland","12":"tag-finnish","13":"tag-suomi","14":"tag-talous"},"share_on_mastodon":{"url":"https:\/\/pubeurope.com\/@fi\/115906920071846979","error":""},"_links":{"self":[{"href":"https:\/\/www.europesays.com\/fi\/wp-json\/wp\/v2\/posts\/144312","targetHints":{"allow":["GET"]}}],"collection":[{"href":"https:\/\/www.europesays.com\/fi\/wp-json\/wp\/v2\/posts"}],"about":[{"href":"https:\/\/www.europesays.com\/fi\/wp-json\/wp\/v2\/types\/post"}],"author":[{"embeddable":true,"href":"https:\/\/www.europesays.com\/fi\/wp-json\/wp\/v2\/users\/2"}],"replies":[{"embeddable":true,"href":"https:\/\/www.europesays.com\/fi\/wp-json\/wp\/v2\/comments?post=144312"}],"version-history":[{"count":0,"href":"https:\/\/www.europesays.com\/fi\/wp-json\/wp\/v2\/posts\/144312\/revisions"}],"wp:featuredmedia":[{"embeddable":true,"href":"https:\/\/www.europesays.com\/fi\/wp-json\/wp\/v2\/media\/144313"}],"wp:attachment":[{"href":"https:\/\/www.europesays.com\/fi\/wp-json\/wp\/v2\/media?parent=144312"}],"wp:term":[{"taxonomy":"category","embeddable":true,"href":"https:\/\/www.europesays.com\/fi\/wp-json\/wp\/v2\/categories?post=144312"},{"taxonomy":"post_tag","embeddable":true,"href":"https:\/\/www.europesays.com\/fi\/wp-json\/wp\/v2\/tags?post=144312"}],"curies":[{"name":"wp","href":"https:\/\/api.w.org\/{rel}","templated":true}]}}