{"id":144314,"date":"2026-01-16T21:33:08","date_gmt":"2026-01-16T21:33:08","guid":{"rendered":"https:\/\/www.europesays.com\/fi\/144314\/"},"modified":"2026-01-16T21:33:08","modified_gmt":"2026-01-16T21:33:08","slug":"henkilokohtainen-avustaja-oli-yhdynnassa-asiakkaansa-kanssa-kko-hylkasi-syytteen-raiskauksesta","status":"publish","type":"post","link":"https:\/\/www.europesays.com\/fi\/144314\/","title":{"rendered":"Henkil\u00f6kohtainen avustaja oli yhdynn\u00e4ss\u00e4 asiakkaansa kanssa \u2013 KKO hylk\u00e4si syytteen raiskauksesta"},"content":{"rendered":"<p>Ennakkop\u00e4\u00e4t\u00f6s ohjaa raiskauksen suostumusperusteen k\u00e4ytt\u00f6\u00e4.<\/p>\n<p><img decoding=\"async\" class=\"image image-show image-preview\" src=\"https:\/\/www.europesays.com\/fi\/wp-content\/uploads\/2026\/01\/a5864d3bf192ef9cf6f0f2a6daa45c2a1b36860cdae2773a1a146cdfcea22e66.jpg\" alt=\"\"\/><img decoding=\"async\" class=\"image image-show\" src=\"https:\/\/www.europesays.com\/fi\/wp-content\/uploads\/2026\/01\/1768599188_732_a5864d3bf192ef9cf6f0f2a6daa45c2a1b36860cdae2773a1a146cdfcea22e66.jpg\" alt=\"\"\/><\/p>\n<p>Korkeimman oikeuden p\u00e4\u00e4t\u00f6s syntyi \u00e4\u00e4nestyksen j\u00e4lkeen \u00e4\u00e4nin 3\u20132. Eevi Karvinen<\/p>\n<ul>\n<li>Henkil\u00f6kohtainen avustaja oli sukupuoliyhteydess\u00e4 naisasiakkaansa kanssa.<\/li>\n<li>K\u00e4r\u00e4j\u00e4oikeus tuomitsi miehen raiskauksesta. Hovioikeus ja korkein oikeus hylk\u00e4siv\u00e4t syytteen.<\/li>\n<li>Korkeimman oikeuden ennakkop\u00e4\u00e4t\u00f6s linjaa raiskauksen suostumusperusteen k\u00e4ytt\u00f6\u00e4.<\/li>\n<\/ul>\n<p class=\"paragraph\">Korkein oikeus (KKO) on hyl\u00e4nnyt syytteen raiskauksesta tapauksessa, jossa henkil\u00f6kohtaisena avustajana ty\u00f6skennellyt mies oli sukupuoliyhteydess\u00e4 liikuntarajoitteisen naisasiakkaansa kanssa. KKO antoi perjantaina ennakkop\u00e4\u00e4t\u00f6ksen, joka linjaa nykyisen seksuaalirikoslain raiskauspyk\u00e4l\u00e4n suostumusperustetta.<\/p>\n<p class=\"paragraph\">Mies oli mennyt auttamaan koronaa sairastanutta naista arkiaskareissa. H\u00e4n hieroi naisen hartioita, reisi\u00e4 ja intiimialueita. H\u00e4n otti naisen housut pois, kosketteli naista ja oli sukupuoliyhteydess\u00e4.<\/p>\n<p class=\"paragraph\">Sen j\u00e4lkeen mies siivosi kissan hiekkalaatikon ja k\u00e4vi kaupassa. Miehen palattua he keskustelivat henkil\u00f6kohtaisista asioista ja my\u00f6s tapahtumasta. Naisen mukaan mies oli poistuessaan sanonut, ettei asiasta puhuttaisi kenellek\u00e4\u00e4n.<\/p>\n<p class=\"paragraph\">Nainen kertoi tapahtumasta tuttavilleen. Yhdelle h\u00e4n kertoi mokanneensa ja harrastaneensa seksi\u00e4 uuden henkil\u00f6kohtaisen avustajansa kanssa.<\/p>\n<p class=\"paragraph\">Toinen tuttava oli kysynyt naiselta, oliko t\u00e4m\u00e4 kielt\u00e4ytynyt, johon nainen oli sanonut, ettei aluksi, vaan vasta sukupuoliyhteyden alettua. Nainen romahti ja alkoi itke\u00e4, kun tuttava kysyi, ymm\u00e4rsik\u00f6 t\u00e4m\u00e4, ett\u00e4 kyseess\u00e4 oli raiskaus.<\/p>\n<p>Hovioikeus hylk\u00e4si<\/p>\n<p class=\"paragraph\">Pirkanmaan k\u00e4r\u00e4j\u00e4oikeus tuomitsi miehen raiskauksesta vankeuteen kahdeksi ja puoleksi vuodeksi. K\u00e4r\u00e4j\u00e4oikeus katsoi, ett\u00e4 seksuaalinen kanssak\u00e4yminen ei perustunut naisen suostumukseen. Todistajat kertoivat, ett\u00e4 nainen oli kiinnostunut vain naisista ja oli aseksuaali eli koki hyvin v\u00e4h\u00e4n tai ei ollenkaan seksuaalista vetovoimaa muita ihmisi\u00e4 kohtaan.<\/p>\n<p class=\"paragraph\">Mies kiisti syytteen. H\u00e4n my\u00f6nsi olleensa seksuaalisessa kanssak\u00e4ymisess\u00e4 naisen kanssa, mutta sanoi naisen osallistuneen siihen vapaaehtoisesti.<\/p>\n<p class=\"paragraph\">Mies valitti tuomiostaan Turun hovioikeuteen, joka katsoi, ett\u00e4 pelkk\u00e4 naisen oma kertomus suostumuksen puutteesta ei riitt\u00e4nyt miehen tuomitsemiseen.<\/p>\n<p class=\"paragraph\">Syytt\u00e4j\u00e4 ja nainen hakivat valituslupaa korkeimmalta oikeudelta ja my\u00f6s saivat sen. He vaativat miehelle v\u00e4hint\u00e4\u00e4n kahden ja puolen vuoden tuomiota.<\/p>\n<p>P\u00e4\u00e4t\u00f6ksest\u00e4 \u00e4\u00e4nestettiin<\/p>\n<p class=\"paragraph\">V\u00e4itetty raiskaus tapahtui 17. toukokuuta 2023. Seksuaalirikoslaki muuttui saman vuoden alussa. Uudistuksen j\u00e4lkeen raiskauksesta tuomitaan henkil\u00f6, joka on sukupuoliyhteydess\u00e4 henkil\u00f6n kanssa, joka ei osallistu siihen vapaaehtoisesti.<\/p>\n<p class=\"paragraph\">Korkein oikeus katsoi samoin kuin hovioikeus, ett\u00e4 naisen kertomus ei yksist\u00e4\u00e4n n\u00e4ytt\u00e4nyt vapaaehtoisuuden puuttumista. KKO piti mahdollisena, ett\u00e4 todistajina kuultujen tuttavien n\u00e4kemykset tapahtumasta ovat vaikuttaneet my\u00f6s naisen omaan k\u00e4sitykseen tapahtumasta.<\/p>\n<p class=\"paragraph\">KKO:n mukaan miehen syyllisyydest\u00e4 j\u00e4i varteenotettava ep\u00e4ilys, joten syyte hyl\u00e4ttiin.<\/p>\n<p class=\"paragraph\">P\u00e4\u00e4t\u00f6s syntyi \u00e4\u00e4nestyksen j\u00e4lkeen \u00e4\u00e4nin 3\u20132. Korkeimman oikeuden presidentti ja yksi oikeusneuvos olisivat tuominneet miehen raiskauksesta.<\/p>\n<p class=\"paragraph\">Heid\u00e4n mielest\u00e4\u00e4n nainen ei ilmaissut osallistuvansa sukupuoliyhteyteen vapaaehtoisesti.<\/p>\n","protected":false},"excerpt":{"rendered":"Ennakkop\u00e4\u00e4t\u00f6s ohjaa raiskauksen suostumusperusteen k\u00e4ytt\u00f6\u00e4. Korkeimman oikeuden p\u00e4\u00e4t\u00f6s syntyi \u00e4\u00e4nestyksen j\u00e4lkeen \u00e4\u00e4nin 3\u20132. Eevi Karvinen Henkil\u00f6kohtainen avustaja oli&hellip;\n","protected":false},"author":2,"featured_media":144315,"comment_status":"","ping_status":"","sticky":false,"template":"","format":"standard","meta":{"footnotes":""},"categories":[14],"tags":[35,22,23,26,27,33,31,30,17,53,24,25,28,29,15,977,976,18,21,38,875,32,19,20,56,16,59,60,61],"class_list":{"0":"post-144314","1":"post","2":"type-post","3":"status-publish","4":"format-standard","5":"has-post-thumbnail","7":"category-ulkomaat","8":"tag-24h","9":"tag-breaking-news","10":"tag-breakingnews","11":"tag-featured-news","12":"tag-featurednews","13":"tag-fi","14":"tag-finland","15":"tag-finnish","16":"tag-headlines","17":"tag-laki-oikeus-ja-rikos","18":"tag-latest-news","19":"tag-latestnews","20":"tag-main-news","21":"tag-mainnews","22":"tag-news","23":"tag-oikeusistuimet","24":"tag-oikeusprosessit","25":"tag-otsikot","26":"tag-paauutiset","27":"tag-rikos","28":"tag-seksi","29":"tag-suomi","30":"tag-top-stories","31":"tag-topstories","32":"tag-ulkomaat","33":"tag-uutiset","34":"tag-world","35":"tag-world-news","36":"tag-worldnews"},"share_on_mastodon":{"url":"https:\/\/pubeurope.com\/@fi\/115906924026279487","error":""},"_links":{"self":[{"href":"https:\/\/www.europesays.com\/fi\/wp-json\/wp\/v2\/posts\/144314","targetHints":{"allow":["GET"]}}],"collection":[{"href":"https:\/\/www.europesays.com\/fi\/wp-json\/wp\/v2\/posts"}],"about":[{"href":"https:\/\/www.europesays.com\/fi\/wp-json\/wp\/v2\/types\/post"}],"author":[{"embeddable":true,"href":"https:\/\/www.europesays.com\/fi\/wp-json\/wp\/v2\/users\/2"}],"replies":[{"embeddable":true,"href":"https:\/\/www.europesays.com\/fi\/wp-json\/wp\/v2\/comments?post=144314"}],"version-history":[{"count":0,"href":"https:\/\/www.europesays.com\/fi\/wp-json\/wp\/v2\/posts\/144314\/revisions"}],"wp:featuredmedia":[{"embeddable":true,"href":"https:\/\/www.europesays.com\/fi\/wp-json\/wp\/v2\/media\/144315"}],"wp:attachment":[{"href":"https:\/\/www.europesays.com\/fi\/wp-json\/wp\/v2\/media?parent=144314"}],"wp:term":[{"taxonomy":"category","embeddable":true,"href":"https:\/\/www.europesays.com\/fi\/wp-json\/wp\/v2\/categories?post=144314"},{"taxonomy":"post_tag","embeddable":true,"href":"https:\/\/www.europesays.com\/fi\/wp-json\/wp\/v2\/tags?post=144314"}],"curies":[{"name":"wp","href":"https:\/\/api.w.org\/{rel}","templated":true}]}}