{"id":144318,"date":"2026-01-16T21:35:07","date_gmt":"2026-01-16T21:35:07","guid":{"rendered":"https:\/\/www.europesays.com\/fi\/144318\/"},"modified":"2026-01-16T21:35:07","modified_gmt":"2026-01-16T21:35:07","slug":"kiina-lopetti-kokonaan-sahkontuonnin-venajalta","status":"publish","type":"post","link":"https:\/\/www.europesays.com\/fi\/144318\/","title":{"rendered":"Kiina lopetti kokonaan s\u00e4hk\u00f6ntuonnin Ven\u00e4j\u00e4lt\u00e4"},"content":{"rendered":"<p>Kiinan kauppa Ven\u00e4j\u00e4n kanssa laski vuonna 2025 enn\u00e4tyksellisest\u00e4 tasostaan.<\/p>\n<p class=\"article-body mb-nof-24 px-nof-16\">Kiina on lopettanut kokonaan s\u00e4hk\u00f6n tuonnin Ven\u00e4j\u00e4lt\u00e4 vuoden alusta alkaen eik\u00e4 osta en\u00e4\u00e4 edes sopimuksen mukaisia v\u00e4himm\u00e4ism\u00e4\u00e4ri\u00e4, jotka ovat noin 12 MW.<\/p>\n<p class=\"article-body mb-nof-24 px-nof-16\">Asiasta uutisoi Ukrainska Pravda, joka siteeraa ven\u00e4l\u00e4ist\u00e4 sanomalehte\u00e4 Kommersantia.<\/p>\n<p class=\"article-body mb-nof-24 px-nof-16\">Kiinan p\u00e4\u00e4t\u00f6s lopettaa ven\u00e4l\u00e4isen s\u00e4hk\u00f6n tuonti johtui korkeista vientihinnoista, jotka tammikuusta 2026 l\u00e4htien ylittiv\u00e4t ensimm\u00e4ist\u00e4 kertaa Kiinan kotimaiset hinnat, mink\u00e4 vuoksi lis\u00e4ostot eiv\u00e4t olleet taloudellisesti kannattavia.<\/p>\n<p class=\"article-body mb-nof-24 px-nof-16\">Ven\u00e4l\u00e4inen vienti- ja tuontioperaattori Inter RAO on toimittanut Kiinaan ylij\u00e4\u00e4m\u00e4ist\u00e4 s\u00e4hk\u00f6\u00e4 Ven\u00e4j\u00e4n Kaukoid\u00e4st\u00e4.<\/p>\n<p class=\"article-body mb-nof-24 px-nof-16\">Toimitussopimus allekirjoitettiin Kiinan State Grid Corporationin kanssa vuonna 2012, ja se on voimassa vuoteen 2037 asti.<\/p>\n<p class=\"article-body mb-nof-24 px-nof-16\">Sopimuksessa ennakoitiin noin 100 miljardin kWh:n toimitukset koko sopimuskauden aikana, eli noin 4 miljardia kWh vuodessa.<\/p>\n<p class=\"article-body mb-nof-24 px-nof-16\">Sopimuksessa m\u00e4\u00e4ritelty\u00e4 s\u00e4hk\u00f6n hinnoittelukaavaa ei ole julkistettu.<\/p>\n<p class=\"article-body mb-nof-24 px-nof-16\">L\u00e4hteet kertoivat Kommersant-lehdelle, ett\u00e4 s\u00e4hk\u00f6n vienti Kiinaan ei todenn\u00e4k\u00f6isesti jatku vuonna 2026. Ven\u00e4j\u00e4n energiaministeri\u00f6 ei kuitenkaan ole sulkenut pois mahdollisuutta, ett\u00e4 vienti jatkuu, jos Kiina esitt\u00e4\u00e4 uuden pyynn\u00f6n.<\/p>\n<p class=\"article-body mb-nof-24 px-nof-16\">Kiinan kauppa Ven\u00e4j\u00e4n kanssa laski vuonna 2025 enn\u00e4tyksellisest\u00e4 tasostaan vuonna 2024, mik\u00e4 oli ensimm\u00e4inen lasku viiteen vuoteen.<\/p>\n","protected":false},"excerpt":{"rendered":"Kiinan kauppa Ven\u00e4j\u00e4n kanssa laski vuonna 2025 enn\u00e4tyksellisest\u00e4 tasostaan. Kiina on lopettanut kokonaan s\u00e4hk\u00f6n tuonnin Ven\u00e4j\u00e4lt\u00e4 vuoden alusta&hellip;\n","protected":false},"author":2,"featured_media":144319,"comment_status":"","ping_status":"","sticky":false,"template":"","format":"standard","meta":{"footnotes":""},"categories":[5],"tags":[22,23,26,27,33,31,30,17,34,24,25,28,29,15,18,21,32,19,20,16],"class_list":{"0":"post-144318","1":"post","2":"type-post","3":"status-publish","4":"format-standard","5":"has-post-thumbnail","7":"category-otsikot","8":"tag-breaking-news","9":"tag-breakingnews","10":"tag-featured-news","11":"tag-featurednews","12":"tag-fi","13":"tag-finland","14":"tag-finnish","15":"tag-headlines","16":"tag-ilta-sanomat","17":"tag-latest-news","18":"tag-latestnews","19":"tag-main-news","20":"tag-mainnews","21":"tag-news","22":"tag-otsikot","23":"tag-paauutiset","24":"tag-suomi","25":"tag-top-stories","26":"tag-topstories","27":"tag-uutiset"},"share_on_mastodon":{"url":"https:\/\/pubeurope.com\/@fi\/115906931779270784","error":""},"_links":{"self":[{"href":"https:\/\/www.europesays.com\/fi\/wp-json\/wp\/v2\/posts\/144318","targetHints":{"allow":["GET"]}}],"collection":[{"href":"https:\/\/www.europesays.com\/fi\/wp-json\/wp\/v2\/posts"}],"about":[{"href":"https:\/\/www.europesays.com\/fi\/wp-json\/wp\/v2\/types\/post"}],"author":[{"embeddable":true,"href":"https:\/\/www.europesays.com\/fi\/wp-json\/wp\/v2\/users\/2"}],"replies":[{"embeddable":true,"href":"https:\/\/www.europesays.com\/fi\/wp-json\/wp\/v2\/comments?post=144318"}],"version-history":[{"count":0,"href":"https:\/\/www.europesays.com\/fi\/wp-json\/wp\/v2\/posts\/144318\/revisions"}],"wp:featuredmedia":[{"embeddable":true,"href":"https:\/\/www.europesays.com\/fi\/wp-json\/wp\/v2\/media\/144319"}],"wp:attachment":[{"href":"https:\/\/www.europesays.com\/fi\/wp-json\/wp\/v2\/media?parent=144318"}],"wp:term":[{"taxonomy":"category","embeddable":true,"href":"https:\/\/www.europesays.com\/fi\/wp-json\/wp\/v2\/categories?post=144318"},{"taxonomy":"post_tag","embeddable":true,"href":"https:\/\/www.europesays.com\/fi\/wp-json\/wp\/v2\/tags?post=144318"}],"curies":[{"name":"wp","href":"https:\/\/api.w.org\/{rel}","templated":true}]}}