{"id":144320,"date":"2026-01-16T21:47:07","date_gmt":"2026-01-16T21:47:07","guid":{"rendered":"https:\/\/www.europesays.com\/fi\/144320\/"},"modified":"2026-01-16T21:47:07","modified_gmt":"2026-01-16T21:47:07","slug":"jari-saarion-merimatka-on-paattynyt","status":"publish","type":"post","link":"https:\/\/www.europesays.com\/fi\/144320\/","title":{"rendered":"Jari Saarion merimatka on p\u00e4\u00e4ttynyt"},"content":{"rendered":"<p>Saariota kuljettanut alus saapui Kapkaupungin edustalle.<\/p>\n<p>Jari Saario antoi ensimm\u00e4isen videohaastattelun ja l\u00e4hetti terveiset suomalaisille.<\/p>\n<p class=\"article-body mb-nof-24 px-nof-16\">Yksinsoutaja <a class=\"font-bold underline-offset-[0.12em] [text-decoration:var(--person-link-text-decoration)] ![text-decoration-color:var(--person-link-text-decoration-color)]\" href=\"https:\/\/www.is.fi\/haku\/?query=Jari%20Saarion\" rel=\"nofollow noopener\" target=\"_blank\">Jari Saarion<\/a> pitk\u00e4 merimatka on p\u00e4\u00e4ttynyt.<\/p>\n<p class=\"article-body mb-nof-24 px-nof-16\">Saariota kuljettanut Cymona Eagle -kauppa-alus saapui perjantaina Etel\u00e4-Afrikan Kapkaupungin edustalle.<\/p>\n<p class=\"article-body mb-nof-24 px-nof-16\">Saarion on tarkoitus matkata satamaan ja kovalle maalle luotsiveneell\u00e4.<\/p>\n<p class=\"article-body mb-nof-24 px-nof-16\">Ilta-Sanomien toimittaja on matkustanut alukselle luotsiveneess\u00e4, jonka kyytiin Saarion on m\u00e4\u00e4r\u00e4 nousta. <\/p>\n<p class=\"article-body mb-nof-24 px-nof-16\">Saariota vastassa oli my\u00f6s Suomen kunniakonsuli <a class=\"font-bold underline-offset-[0.12em] [text-decoration:var(--person-link-text-decoration)] ![text-decoration-color:var(--person-link-text-decoration-color)]\" href=\"https:\/\/www.is.fi\/haku\/?query=Philip%20Palmgren\" rel=\"nofollow noopener\" target=\"_blank\">Philip Palmgren<\/a>.<\/p>\n<p class=\"article-body mb-nof-24 px-nof-16\">Saario <a class=\"underline underline-offset-[0.12em] [text-decoration-thickness:var(--generic-link-underline-thickness)] [text-decoration-color:var(--generic-link-underline-color)] [text-decoration-skip-ink:var(--generic-link-underline-skip-ink)] break-words\" href=\"https:\/\/www.is.fi\/urheilu\/art-2000011749356.html\" rel=\"nofollow noopener\" target=\"_blank\">kertoi<\/a> aiemmin t\u00e4ll\u00e4 viikolla, ett\u00e4 tunnelma soutajan pelastaneella Cymona Eagle -aluksella oli hyv\u00e4.<\/p>\n<p class=\"article-body mb-nof-24 px-nof-16\">Saarion yritys soutaa yli Atlantin katkesi viime viikonloppuna merih\u00e4t\u00e4\u00e4n. Saario ehti soutaa reilut puolet suunnitellusta matkastaan. H\u00e4nen oli tarkoitus soutaa Etel\u00e4-Amerikan etel\u00e4k\u00e4rjest\u00e4 Kap Hornista Kapkaupunkiin.<\/p>\n<p class=\"article-body mb-nof-24 px-nof-16\"><a class=\"underline underline-offset-[0.12em] [text-decoration-thickness:var(--generic-link-underline-thickness)] [text-decoration-color:var(--generic-link-underline-color)] [text-decoration-skip-ink:var(--generic-link-underline-skip-ink)] break-words\" href=\"https:\/\/www.is.fi\/urheilu\/art-2000011745565.html\" rel=\"nofollow noopener\" target=\"_blank\">Saario kertoi IS:lle tiistaina<\/a>, ett\u00e4 h\u00e4nen kajuuttaansa p\u00e4\u00e4si paljon vett\u00e4. Sen seurauksena veneen akut kastuivat ja syttyiv\u00e4t palamaan.<\/p>\n<p class=\"article-body mb-nof-24 px-nof-16\">Saario kertoi tyhjent\u00e4neens\u00e4 sammuttimensa akkupaloihin ja laukaisseensa sen j\u00e4lkeen pelastuslauttansa silt\u00e4 varalta, ett\u00e4 koko vene syttyy palaamaan. Samalla h\u00e4n teki h\u00e4lytyksen.<\/p>\n<p class=\"article-body mb-nof-24 px-nof-16\">L\u00e4himp\u00e4n\u00e4 Saarion sijaintia seilannut Cymona Eagle -kauppa-alus h\u00e4lytettiin t\u00e4m\u00e4n avuksi. Saario pelastettiin alukselle sunnuntaina 11. tammikuuta noin kello 2.30 Suomen aikaa.<\/p>\n<p class=\"article-body mb-nof-24 px-nof-16\">Alukselta kuvatusta <a class=\"underline underline-offset-[0.12em] [text-decoration-thickness:var(--generic-link-underline-thickness)] [text-decoration-color:var(--generic-link-underline-color)] [text-decoration-skip-ink:var(--generic-link-underline-skip-ink)] break-words\" href=\"https:\/\/www.is.fi\/urheilu\/art-2000011749234.html\" rel=\"nofollow noopener\" target=\"_blank\">videomateriaalista<\/a> n\u00e4kyy, kuinka Saarion vene vedettiin kauppa-aluksen vierelle. Sen j\u00e4lkeen Saario heitt\u00e4ytyi verkkoon, jonka avulla merimiehet nostivat h\u00e4net yl\u00f6s.<\/p>\n<p class=\"article-body mb-nof-24 px-nof-16\">Cymona Eagle oli matkalla Argentiinan Puerto Williamsista Bangladeshiin ennen kuin se sai Saarion h\u00e4t\u00e4kutsun ja m\u00e4\u00e4r\u00e4ttiin viem\u00e4\u00e4n soutaja Kapkaupunkiin.<\/p>\n<p class=\"article-body mb-nof-24 px-nof-16\">Aluksen varustamon toimitusjohtaja kertoi IS:lle, ett\u00e4 aluksen aikataulu viiv\u00e4styi pelastusoperaation takia. H\u00e4n kuitenkin piti my\u00f6h\u00e4stymist\u00e4 toissijaisena onnistuneeseen pelastusoperaatioon n\u00e4hden.<\/p>\n","protected":false},"excerpt":{"rendered":"Saariota kuljettanut alus saapui Kapkaupungin edustalle. Jari Saario antoi ensimm\u00e4isen videohaastattelun ja l\u00e4hetti terveiset suomalaisille. Yksinsoutaja Jari Saarion&hellip;\n","protected":false},"author":2,"featured_media":144321,"comment_status":"","ping_status":"","sticky":false,"template":"","format":"standard","meta":{"footnotes":""},"categories":[136],"tags":[407,137,33,31,30,34,408,32,109],"class_list":{"0":"post-144320","1":"post","2":"type-post","3":"status-publish","4":"format-standard","5":"has-post-thumbnail","7":"category-julkkikset","8":"tag-celebrities","9":"tag-entertainment","10":"tag-fi","11":"tag-finland","12":"tag-finnish","13":"tag-ilta-sanomat","14":"tag-julkkikset","15":"tag-suomi","16":"tag-viihde"},"share_on_mastodon":{"url":"https:\/\/pubeurope.com\/@fi\/115906978947655819","error":""},"_links":{"self":[{"href":"https:\/\/www.europesays.com\/fi\/wp-json\/wp\/v2\/posts\/144320","targetHints":{"allow":["GET"]}}],"collection":[{"href":"https:\/\/www.europesays.com\/fi\/wp-json\/wp\/v2\/posts"}],"about":[{"href":"https:\/\/www.europesays.com\/fi\/wp-json\/wp\/v2\/types\/post"}],"author":[{"embeddable":true,"href":"https:\/\/www.europesays.com\/fi\/wp-json\/wp\/v2\/users\/2"}],"replies":[{"embeddable":true,"href":"https:\/\/www.europesays.com\/fi\/wp-json\/wp\/v2\/comments?post=144320"}],"version-history":[{"count":0,"href":"https:\/\/www.europesays.com\/fi\/wp-json\/wp\/v2\/posts\/144320\/revisions"}],"wp:featuredmedia":[{"embeddable":true,"href":"https:\/\/www.europesays.com\/fi\/wp-json\/wp\/v2\/media\/144321"}],"wp:attachment":[{"href":"https:\/\/www.europesays.com\/fi\/wp-json\/wp\/v2\/media?parent=144320"}],"wp:term":[{"taxonomy":"category","embeddable":true,"href":"https:\/\/www.europesays.com\/fi\/wp-json\/wp\/v2\/categories?post=144320"},{"taxonomy":"post_tag","embeddable":true,"href":"https:\/\/www.europesays.com\/fi\/wp-json\/wp\/v2\/tags?post=144320"}],"curies":[{"name":"wp","href":"https:\/\/api.w.org\/{rel}","templated":true}]}}