{"id":144326,"date":"2026-01-16T21:55:10","date_gmt":"2026-01-16T21:55:10","guid":{"rendered":"https:\/\/www.europesays.com\/fi\/144326\/"},"modified":"2026-01-16T21:55:10","modified_gmt":"2026-01-16T21:55:10","slug":"hs-pmmp-dokumenttikohu-jatkuu-juontajilta-kovia-syytoksia-ylelle","status":"publish","type":"post","link":"https:\/\/www.europesays.com\/fi\/144326\/","title":{"rendered":"HS: PMMP-dokumenttikohu jatkuu \u2013 juontajilta kovia syyt\u00f6ksi\u00e4 Ylelle"},"content":{"rendered":"<p>Kohu PMMP-dokumentin ymp\u00e4rill\u00e4 jatkuu.<\/p>\n<p class=\"article-body mb-nof-24 px-nof-16\">Keskustelu kohua her\u00e4tt\u00e4neen, viime syksyn\u00e4 Ylell\u00e4 n\u00e4hdyn PMMP keikalla: Ei en\u00e4\u00e4 ikin\u00e4 -dokumentin ymp\u00e4rill\u00e4 ei ota laantuakseen.<\/p>\n<p class=\"article-body mb-nof-24 px-nof-16\">Nyt asiaan ovat ottaneet kantaa Yle Extra -kanavalle vuonna 2007 Yle Extran Joulukalenteri-nimisest\u00e4 ohjelmaa tehneet, sittemmin my\u00f6s Sohvaperunat-ohjelmasta tutut <a class=\"font-bold underline-offset-[0.12em] [text-decoration:var(--person-link-text-decoration)] ![text-decoration-color:var(--person-link-text-decoration-color)]\" href=\"https:\/\/www.is.fi\/haku\/?query=Pinja%20Kotila\" rel=\"nofollow noopener\" target=\"_blank\">Pinja Kotila<\/a> ja <a class=\"font-bold underline-offset-[0.12em] [text-decoration:var(--person-link-text-decoration)] ![text-decoration-color:var(--person-link-text-decoration-color)]\" href=\"https:\/\/www.is.fi\/haku\/?query=Sanna%20V%C3%A4kev%C3%A4\" rel=\"nofollow noopener\" target=\"_blank\">Sanna V\u00e4kev\u00e4<\/a>.<\/p>\n<p class=\"article-body mb-nof-24 px-nof-16\">He esittiv\u00e4t joulukalenterissa parodisia katkelmia PMMP:n kappaleista. Esimerkiksi kappale Rusketusraidat on v\u00e4\u00e4ntynyt muotoon Raskausarvet. Huumoriversiot esitet\u00e4\u00e4n dokumentissa kohdassa, jossa PMMP:n <a class=\"font-bold underline-offset-[0.12em] [text-decoration:var(--person-link-text-decoration)] ![text-decoration-color:var(--person-link-text-decoration-color)]\" href=\"https:\/\/www.is.fi\/haku\/?query=Paula%20Vesala\" rel=\"nofollow noopener\" target=\"_blank\">Paula Vesala<\/a> ja <a class=\"font-bold underline-offset-[0.12em] [text-decoration:var(--person-link-text-decoration)] ![text-decoration-color:var(--person-link-text-decoration-color)]\" href=\"https:\/\/www.is.fi\/haku\/?query=Mira%20Luoti\" rel=\"nofollow noopener\" target=\"_blank\">Mira Luoti<\/a> k\u00e4yv\u00e4t l\u00e4pi mediassa kokemaansa seksismi\u00e4.<\/p>\n<p class=\"article-body mb-nof-24 px-nof-16\">Kotila ja V\u00e4kev\u00e4 ovat nyt kertoneet <a class=\"underline underline-offset-[0.12em] [text-decoration-thickness:var(--generic-link-underline-thickness)] [text-decoration-color:var(--generic-link-underline-color)] [text-decoration-skip-ink:var(--generic-link-underline-skip-ink)] break-words\" href=\"https:\/\/www.hs.fi\/kulttuuri\/art-2000011751594.html\" rel=\"nofollow noopener\" target=\"_blank\">Helsingin Sanomille<\/a>, ett\u00e4 hassuttelu on heid\u00e4n mielest\u00e4\u00e4n haluttu tarkoitushakuisesti \u201dsaatu n\u00e4ytt\u00e4m\u00e4\u00e4n pahantahtoiselta ja ivaavalta\u201d.<\/p>\n<p class=\"article-body mb-nof-24 px-nof-16\">\u2013 Mielest\u00e4ni t\u00e4ss\u00e4 on selke\u00e4 tekij\u00e4noikeus\u00adrikkomus. Alkuper\u00e4ist\u00e4 ohjelmaa on editoitu, muokattu ja kontekstoitu v\u00e4\u00e4rin. Se on kontekstoitu dokumentissa vastaamaan sit\u00e4 n\u00e4k\u00f6kulmaa, mit\u00e4 on haluttu tuoda esiin, Kotila kommentoi HS:lle.<\/p>\n<p class=\"article-body mb-nof-24 px-nof-16\">He kertovat HS:lle, ett\u00e4 ovat pyyt\u00e4neet Yle\u00e4 poistamaan kohtauksen dokumentista tai lis\u00e4\u00e4m\u00e4\u00e4n jakson olennaiset osat elokuvaan alkuper\u00e4isess\u00e4 muodossaan. Yle ei suostunut pyynt\u00f6ihin, HS:n jutussa kirjoitetaan.<\/p>\n<p class=\"article-body mb-nof-24 px-nof-16\">Kaksikko kertoo HS:lle my\u00f6s pyyt\u00e4neens\u00e4 asiasta lausuntoa Opetus- ja kulttuuriministeri\u00f6n (OKM) alaiselta tekij\u00e4noikeusneuvostolta, mink\u00e4 lis\u00e4ksi he ovat kannelleet dokumentista Julkisen sanan neuvostoon.<\/p>\n<p class=\"article-body mb-nof-24 px-nof-16\">HS tavoitti my\u00f6s Yle Kulttuurin p\u00e4\u00e4toimittajan <a class=\"font-bold underline-offset-[0.12em] [text-decoration:var(--person-link-text-decoration)] ![text-decoration-color:var(--person-link-text-decoration-color)]\" href=\"https:\/\/www.is.fi\/haku\/?query=Jonnu%20Ahon\" rel=\"nofollow noopener\" target=\"_blank\">Jonnu Ahon<\/a>, joka vastasi, ettei Yle kommentoi \u201dkeskener\u00e4isi\u00e4 asioita julkisuudessa\u201d.<\/p>\n<p class=\"article-body mb-nof-24 px-nof-16\">PMMP-dokumentti her\u00e4tti syksyll\u00e4 laajan keskustelun siin\u00e4 esitettyjen paljastusten takia.<\/p>\n<p class=\"article-body mb-nof-24 px-nof-16\">Mira Luoti kertoo dokumentissa joutuneensa seksuaalisen v\u00e4kivallan uhriksi tv-ohjelman kuvauksissa ja paljastaa, ett\u00e4 tapaus k\u00e4siteltiin hiljaisesti tarjoamalla kolminkertainen palkkio.<\/p>\n<p class=\"article-body mb-nof-24 px-nof-16\">Sittemmin Helsingin Sanomat kertoi, ett\u00e4 kyseinen ohjelma oli syksyll\u00e4 2016 kuvattu ja vuonna 2017 Nelosella esitetty Julkkisselviytyj\u00e4t. Luodin kilpailijaparina ohjelmassa oli vapaaottelija <a class=\"font-bold underline-offset-[0.12em] [text-decoration:var(--person-link-text-decoration)] ![text-decoration-color:var(--person-link-text-decoration-color)]\" href=\"https:\/\/www.is.fi\/haku\/?query=Makwan%20Amirkhani\" rel=\"nofollow noopener\" target=\"_blank\">Makwan Amirkhani<\/a>, jonka kerrottiin k\u00e4ytt\u00e4ytyneen ohjelman kuvauksissa huonosti.<\/p>\n<p class=\"article-body mb-nof-24 px-nof-16\">HS julkaisi uutisoinnin yhteydess\u00e4 ohjelman tuotantoyhti\u00f6 Banijayn l\u00e4hett\u00e4m\u00e4n s\u00e4hk\u00f6postin, jossa my\u00f6nnettiin, ett\u00e4 Luodin ja Amirkhanin v\u00e4lill\u00e4 on tapahtunut \u201dik\u00e4vi\u00e4 tilanteita\u201d.<\/p>\n<p class=\"article-body mb-nof-24 px-nof-16\">Viestiss\u00e4 ei eritelty, mihin \u201dik\u00e4vill\u00e4 tilanteilla\u201d viitattiin.<\/p>\n","protected":false},"excerpt":{"rendered":"Kohu PMMP-dokumentin ymp\u00e4rill\u00e4 jatkuu. Keskustelu kohua her\u00e4tt\u00e4neen, viime syksyn\u00e4 Ylell\u00e4 n\u00e4hdyn PMMP keikalla: Ei en\u00e4\u00e4 ikin\u00e4 -dokumentin ymp\u00e4rill\u00e4&hellip;\n","protected":false},"author":2,"featured_media":144327,"comment_status":"","ping_status":"","sticky":false,"template":"","format":"standard","meta":{"footnotes":""},"categories":[130],"tags":[137,33,31,30,34,32,109],"class_list":{"0":"post-144326","1":"post","2":"type-post","3":"status-publish","4":"format-standard","5":"has-post-thumbnail","7":"category-viihde","8":"tag-entertainment","9":"tag-fi","10":"tag-finland","11":"tag-finnish","12":"tag-ilta-sanomat","13":"tag-suomi","14":"tag-viihde"},"share_on_mastodon":{"url":"https:\/\/pubeurope.com\/@fi\/115907010368500017","error":""},"_links":{"self":[{"href":"https:\/\/www.europesays.com\/fi\/wp-json\/wp\/v2\/posts\/144326","targetHints":{"allow":["GET"]}}],"collection":[{"href":"https:\/\/www.europesays.com\/fi\/wp-json\/wp\/v2\/posts"}],"about":[{"href":"https:\/\/www.europesays.com\/fi\/wp-json\/wp\/v2\/types\/post"}],"author":[{"embeddable":true,"href":"https:\/\/www.europesays.com\/fi\/wp-json\/wp\/v2\/users\/2"}],"replies":[{"embeddable":true,"href":"https:\/\/www.europesays.com\/fi\/wp-json\/wp\/v2\/comments?post=144326"}],"version-history":[{"count":0,"href":"https:\/\/www.europesays.com\/fi\/wp-json\/wp\/v2\/posts\/144326\/revisions"}],"wp:featuredmedia":[{"embeddable":true,"href":"https:\/\/www.europesays.com\/fi\/wp-json\/wp\/v2\/media\/144327"}],"wp:attachment":[{"href":"https:\/\/www.europesays.com\/fi\/wp-json\/wp\/v2\/media?parent=144326"}],"wp:term":[{"taxonomy":"category","embeddable":true,"href":"https:\/\/www.europesays.com\/fi\/wp-json\/wp\/v2\/categories?post=144326"},{"taxonomy":"post_tag","embeddable":true,"href":"https:\/\/www.europesays.com\/fi\/wp-json\/wp\/v2\/tags?post=144326"}],"curies":[{"name":"wp","href":"https:\/\/api.w.org\/{rel}","templated":true}]}}