{"id":144349,"date":"2026-01-16T22:26:08","date_gmt":"2026-01-16T22:26:08","guid":{"rendered":"https:\/\/www.europesays.com\/fi\/144349\/"},"modified":"2026-01-16T22:26:08","modified_gmt":"2026-01-16T22:26:08","slug":"perheenisa-yritti-raiskata-16-vuotiaan-lapsenvahdin-helsingissa","status":"publish","type":"post","link":"https:\/\/www.europesays.com\/fi\/144349\/","title":{"rendered":"Perheenis\u00e4 yritti raiskata 16-vuotiaan lapsenvahdin Helsingiss\u00e4"},"content":{"rendered":"<p>30-vuotias perheenis\u00e4 yritti raiskata sohvalle nukahtaneen 16-vuotiaan lapsenvahdin.<\/p>\n<p><img decoding=\"async\" class=\"image image-show image-preview\" src=\"https:\/\/www.europesays.com\/fi\/wp-content\/uploads\/2026\/01\/5feb5596ddcf8b7ba571e274aa7c66736707f924e65854da84a33603bf0ad522.jpg\" alt=\"\"\/><img decoding=\"async\" class=\"image image-show\" src=\"https:\/\/www.europesays.com\/fi\/wp-content\/uploads\/2026\/01\/1768602368_370_5feb5596ddcf8b7ba571e274aa7c66736707f924e65854da84a33603bf0ad522.jpg\" alt=\"\"\/><\/p>\n<p>Helsingin k\u00e4r\u00e4j\u00e4oikeuden antama tuomio ei ole lainvoimainen. Eevi Karvinen<\/p>\n<p class=\"paragraph\">30-vuotias perheenis\u00e4 yritti raiskata 16-vuotiaan lapsenvahdin.<\/p>\n<p class=\"paragraph\">Tytt\u00f6 oli vahtimassa helsinkil\u00e4ispariskunnan kahta lasta marraskuussa 2024. H\u00e4n oli nukahtanut sohvalle ja her\u00e4nnyt aamuy\u00f6ll\u00e4 siihen, ett\u00e4 perheenis\u00e4 kosketteli h\u00e4nen jalkojaan.<\/p>\n<p class=\"paragraph\">Mies oli palannut puolisonsa kanssa kotiin hetke\u00e4 aiemmin. Puoliso oli mennyt nukkumaan makuuhuoneeseen ja mies tupakoimaan parvekkeelle. Savukkeen poltettuaan mies tuli vauvan kanssa olohuoneeseen.<\/p>\n<p class=\"paragraph\">Tyt\u00f6n mukaan mies laski vauvan sohvalle ja kosketteli h\u00e4nt\u00e4. Mies veti h\u00e4nen housujaan alas ja suuteli v\u00e4kisin. Kun tytt\u00f6 yritti est\u00e4\u00e4, mies otti h\u00e4nt\u00e4 kaksin k\u00e4sin leuasta kiinni.<\/p>\n<p class=\"paragraph\">Mies riisui tyt\u00f6n rintaliivit, koski ja suuteli t\u00e4t\u00e4 eri puolilta vartaloa. Mies my\u00f6s vei tyt\u00f6n k\u00e4den sukuelimelleen.<\/p>\n<p class=\"paragraph\">Tilanne p\u00e4\u00e4ttyi lopullisesti noin tunnin kuluttua, kun mies l\u00e4hti viem\u00e4\u00e4n vauvaa takaisin toiseen huoneeseen. Tytt\u00f6 pakeni asunnosta, soitti is\u00e4lleen ja pyysi hakemaan h\u00e4net heti kotiin. H\u00e4n ilmoitti asiasta my\u00f6s \u00e4idilleen tekstiviestitse.<\/p>\n<p class=\"paragraph\">Apuun rient\u00e4nyt is\u00e4 soitti asiasta h\u00e4t\u00e4keskukseen.<\/p>\n<p>Kiisti kaiken<\/p>\n<p class=\"paragraph\">Tapahtumia k\u00e4siteltiin Helsingin k\u00e4r\u00e4j\u00e4oikeudessa noin vuosi my\u00f6hemmin. Perheenis\u00e4 kiisti syyllistyneens\u00e4 rikokseen. H\u00e4nen mukaansa lapsenvahdin kanssa ei tapahtunut mit\u00e4\u00e4n seksuaalista.<\/p>\n<p class=\"paragraph\">Mies v\u00e4itti rauhoitelleensa vauvaansa sohvalla jonkin aikaa. Tytt\u00f6 oli yh\u00e4 sohvalla, kun h\u00e4n siirtyi makuuhuoneeseen nukkumaan. Mies sanoi her\u00e4nneens\u00e4 siihen, ett\u00e4 poliisit olivat ovella.<\/p>\n<p class=\"paragraph\">K\u00e4r\u00e4j\u00e4oikeus piti kertomusta ep\u00e4todenn\u00e4k\u00f6isen\u00e4. Tyt\u00f6n kertomusta tukivat sek\u00e4 soitetut puhelut, tekstiviestit \u00e4idin kanssa ett\u00e4 seksuaalirikostutkimukset: miehen dna:ta oli l\u00f6ytynyt h\u00e4nen rinnastaan.<\/p>\n<p class=\"paragraph\">Oikeus piti tekoa varsin moitittavana. Tytt\u00f6 oli vahtinut perheen lapsia aiemminkin ja luotti mieheen. Mies her\u00e4tti tyt\u00f6n keskell\u00e4 y\u00f6t\u00e4 ja kosketteli t\u00e4t\u00e4 tunnin ajan useista kielloista v\u00e4litt\u00e4m\u00e4tt \u00e4.<\/p>\n<p class=\"paragraph\">Helsingin k\u00e4r\u00e4j\u00e4oikeus tuomitsi nykyisin 31-vuotiaan miehen raiskauksen yrityksest\u00e4 vuodeksi ja kymmeneksi kuukaudeksi vankeuteen. Rangaistus m\u00e4\u00e4r\u00e4ttiin ehdottomana.<\/p>\n<p class=\"paragraph\">Mies tuomittiin maksamaan tyt\u00f6lle 2\u202f800 euroa k\u00e4rsimyskorvauksia. Tuomio ei ole lainvoimainen, vaan mies on valittanut siit\u00e4 hovioikeuteen.<\/p>\n","protected":false},"excerpt":{"rendered":"30-vuotias perheenis\u00e4 yritti raiskata sohvalle nukahtaneen 16-vuotiaan lapsenvahdin. Helsingin k\u00e4r\u00e4j\u00e4oikeuden antama tuomio ei ole lainvoimainen. Eevi Karvinen 30-vuotias&hellip;\n","protected":false},"author":2,"featured_media":144350,"comment_status":"","ping_status":"","sticky":false,"template":"","format":"standard","meta":{"footnotes":""},"categories":[12],"tags":[35,22,23,26,27,33,31,30,17,99,100,24,25,28,29,15,18,21,98,38,32,19,20,16,37],"class_list":{"0":"post-144349","1":"post","2":"type-post","3":"status-publish","4":"format-standard","5":"has-post-thumbnail","7":"category-suomi","8":"tag-24h","9":"tag-breaking-news","10":"tag-breakingnews","11":"tag-featured-news","12":"tag-featurednews","13":"tag-fi","14":"tag-finland","15":"tag-finnish","16":"tag-headlines","17":"tag-lapset","18":"tag-lapset-ja-nuoret","19":"tag-latest-news","20":"tag-latestnews","21":"tag-main-news","22":"tag-mainnews","23":"tag-news","24":"tag-otsikot","25":"tag-paauutiset","26":"tag-perhe","27":"tag-rikos","28":"tag-suomi","29":"tag-top-stories","30":"tag-topstories","31":"tag-uutiset","32":"tag-vakivaltarikokset"},"share_on_mastodon":{"url":"https:\/\/pubeurope.com\/@fi\/115907132404044230","error":""},"_links":{"self":[{"href":"https:\/\/www.europesays.com\/fi\/wp-json\/wp\/v2\/posts\/144349","targetHints":{"allow":["GET"]}}],"collection":[{"href":"https:\/\/www.europesays.com\/fi\/wp-json\/wp\/v2\/posts"}],"about":[{"href":"https:\/\/www.europesays.com\/fi\/wp-json\/wp\/v2\/types\/post"}],"author":[{"embeddable":true,"href":"https:\/\/www.europesays.com\/fi\/wp-json\/wp\/v2\/users\/2"}],"replies":[{"embeddable":true,"href":"https:\/\/www.europesays.com\/fi\/wp-json\/wp\/v2\/comments?post=144349"}],"version-history":[{"count":0,"href":"https:\/\/www.europesays.com\/fi\/wp-json\/wp\/v2\/posts\/144349\/revisions"}],"wp:featuredmedia":[{"embeddable":true,"href":"https:\/\/www.europesays.com\/fi\/wp-json\/wp\/v2\/media\/144350"}],"wp:attachment":[{"href":"https:\/\/www.europesays.com\/fi\/wp-json\/wp\/v2\/media?parent=144349"}],"wp:term":[{"taxonomy":"category","embeddable":true,"href":"https:\/\/www.europesays.com\/fi\/wp-json\/wp\/v2\/categories?post=144349"},{"taxonomy":"post_tag","embeddable":true,"href":"https:\/\/www.europesays.com\/fi\/wp-json\/wp\/v2\/tags?post=144349"}],"curies":[{"name":"wp","href":"https:\/\/api.w.org\/{rel}","templated":true}]}}