{"id":144359,"date":"2026-01-16T22:46:08","date_gmt":"2026-01-16T22:46:08","guid":{"rendered":"https:\/\/www.europesays.com\/fi\/144359\/"},"modified":"2026-01-16T22:46:08","modified_gmt":"2026-01-16T22:46:08","slug":"kalle-rovanperan-vauhti-kiihtyy-kiistelty-hahmo-valvoi-suomalaisen-ajoa","status":"publish","type":"post","link":"https:\/\/www.europesays.com\/fi\/144359\/","title":{"rendered":"Kalle Rovanper\u00e4n vauhti kiihtyy \u2013\u2009Kiistelty hahmo valvoi suomalaisen ajoa"},"content":{"rendered":"<p>Kalle Rovanper\u00e4 valloitti 14. l\u00e4ht\u00f6ruudun Taupon formulakisaan. <\/p>\n<p><img decoding=\"async\" class=\"image image-show image-preview\" src=\"https:\/\/www.europesays.com\/fi\/wp-content\/uploads\/2026\/01\/b257d4e71a0e0250f7853fd34a14a0874068497a69f1ba77a11c6e09ae70ea95.jpg\" alt=\"\"\/><img decoding=\"async\" class=\"image image-show\" src=\"https:\/\/www.europesays.com\/fi\/wp-content\/uploads\/2026\/01\/1768603568_517_b257d4e71a0e0250f7853fd34a14a0874068497a69f1ba77a11c6e09ae70ea95.jpg\" alt=\"\"\/><\/p>\n<p>Kalle Rovanper\u00e4 pysyi v\u00e4h\u00e4n paremmin k\u00e4rjen vauhdissa Oseanian formulasarjan toisessa viikonlopussa.  <\/p>\n<p class=\"paragraph\">Uuden-Seelannin suurin j\u00e4rvi Taupo on antanut nimens\u00e4 my\u00f6s sit\u00e4 ymp\u00e4r\u00f6iv\u00e4lle vajaan 30 000 asukkaan kaupungille.<\/p>\n<p class=\"paragraph\">Taupon t\u00e4rkein urheiluareena on luonnollisesti sen moottorirata, joka aiemmin kantoi <strong>Bruce McLarenin<\/strong> nime\u00e4.<\/p>\n<p class=\"paragraph\">Nyky\u00e4\u00e4n McLaren tunnetaan parhaiten perustamastaan F1-tallista, jonka kuskipaikasta unelmoivat my\u00f6s kaikki 19 Oseanian alueellisen formulasarjan osallistujaa.<\/p>\n<p class=\"paragraph\">Sarjan toiseen kisaviikonloppuun Taupossa l\u00e4hdettiin jenkkikuski <strong>Ugo Ugochukwun<\/strong><strong> <\/strong>18 pisteen johdossa.<\/p>\n<p class=\"paragraph\"><strong>Kalle Rovanper\u00e4<\/strong> on sarjan toiseksi viimeisen\u00e4 l\u00e4hes sata pistett\u00e4 Ugochukwua per\u00e4ss\u00e4. Takaa-ajon on tarkoitus alkaa jo Taupossa.<\/p>\n<p class=\"paragraph\">Lauantai k\u00e4ynnistyi aika-ajolla, ja Rovanper\u00e4 todellakin n\u00e4ytti olevan paremmassa kyydiss\u00e4 kuin viime viikolla Hampton Downsin radalla.<\/p>\n<p class=\"paragraph\">Suomalainen paransi aikaansa juuri ennen ruutulipun heilumista j\u00e4\u00e4den lopulta 14. sijalle. H\u00e4n h\u00e4visi paalupaikan ottaneelle <strong>Ryan Woodille<\/strong> 0,562 sekuntia.<\/p>\n<p class=\"paragraph\">Wood on Rovanper\u00e4n tavoin lajinvaihtaja. H\u00e4n ajoi viel\u00e4 viime vuonna koppiautojen Supercars-sarjaa Ford Mustangilla.<\/p>\n<p class=\"paragraph\">My\u00f6hemmin lauantaina ajetaan sarjan viides (l\u00e4ht\u00f6 klo 2.00) ja kuudes (klo 5.08) osakilpailu. Aika-ajo m\u00e4\u00e4r\u00e4si l\u00e4ht\u00f6j\u00e4rjestyksen p\u00e4iv\u00e4n ensimm\u00e4iseen starttiin.<\/p>\n<p class=\"paragraph\">Oseanian formulasarjan tuomaristoa johtaa entinen F1-ylip\u00e4\u00e4llikk\u00f6 <strong>Michael Masi<\/strong>. Aussin luova s\u00e4\u00e4nt\u00f6tulkinta vuoden 2021 Abu Dhabin GP:ss\u00e4 ratkaisi F1-mestaruuden <strong>Max Verstappenille<\/strong>, jonka j\u00e4lkeen h\u00e4n joutui j\u00e4tt\u00e4m\u00e4\u00e4n paikkansa.<\/p>\n","protected":false},"excerpt":{"rendered":"Kalle Rovanper\u00e4 valloitti 14. l\u00e4ht\u00f6ruudun Taupon formulakisaan. Kalle Rovanper\u00e4 pysyi v\u00e4h\u00e4n paremmin k\u00e4rjen vauhdissa Oseanian formulasarjan toisessa viikonlopussa.&hellip;\n","protected":false},"author":2,"featured_media":144360,"comment_status":"","ping_status":"","sticky":false,"template":"","format":"standard","meta":{"footnotes":""},"categories":[158],"tags":[35,648,2810,33,31,30,121,83,159,32,128,160],"class_list":{"0":"post-144359","1":"post","2":"type-post","3":"status-publish","4":"format-standard","5":"has-post-thumbnail","7":"category-urheilu","8":"tag-24h","9":"tag-autot","10":"tag-autourheilu-ja-urheiluautot","11":"tag-fi","12":"tag-finland","13":"tag-finnish","14":"tag-liikenne-ja-kuljetus","15":"tag-moottoriurheilu","16":"tag-sports","17":"tag-suomi","18":"tag-tieliikenne","19":"tag-urheilu"},"share_on_mastodon":{"url":"https:\/\/pubeurope.com\/@fi\/115907211084516246","error":""},"_links":{"self":[{"href":"https:\/\/www.europesays.com\/fi\/wp-json\/wp\/v2\/posts\/144359","targetHints":{"allow":["GET"]}}],"collection":[{"href":"https:\/\/www.europesays.com\/fi\/wp-json\/wp\/v2\/posts"}],"about":[{"href":"https:\/\/www.europesays.com\/fi\/wp-json\/wp\/v2\/types\/post"}],"author":[{"embeddable":true,"href":"https:\/\/www.europesays.com\/fi\/wp-json\/wp\/v2\/users\/2"}],"replies":[{"embeddable":true,"href":"https:\/\/www.europesays.com\/fi\/wp-json\/wp\/v2\/comments?post=144359"}],"version-history":[{"count":0,"href":"https:\/\/www.europesays.com\/fi\/wp-json\/wp\/v2\/posts\/144359\/revisions"}],"wp:featuredmedia":[{"embeddable":true,"href":"https:\/\/www.europesays.com\/fi\/wp-json\/wp\/v2\/media\/144360"}],"wp:attachment":[{"href":"https:\/\/www.europesays.com\/fi\/wp-json\/wp\/v2\/media?parent=144359"}],"wp:term":[{"taxonomy":"category","embeddable":true,"href":"https:\/\/www.europesays.com\/fi\/wp-json\/wp\/v2\/categories?post=144359"},{"taxonomy":"post_tag","embeddable":true,"href":"https:\/\/www.europesays.com\/fi\/wp-json\/wp\/v2\/tags?post=144359"}],"curies":[{"name":"wp","href":"https:\/\/api.w.org\/{rel}","templated":true}]}}