{"id":144361,"date":"2026-01-16T22:47:09","date_gmt":"2026-01-16T22:47:09","guid":{"rendered":"https:\/\/www.europesays.com\/fi\/144361\/"},"modified":"2026-01-16T22:47:09","modified_gmt":"2026-01-16T22:47:09","slug":"pyysimme-asiantuntijaa-katsomaan-olavi-uusivirran-kohuesiintymisen-nyt-tulee-suoraa-puhetta-iltalehti","status":"publish","type":"post","link":"https:\/\/www.europesays.com\/fi\/144361\/","title":{"rendered":"Pyysimme asiantuntijaa katsomaan Olavi Uusivirran kohuesiintymisen. Nyt tulee suoraa puhetta. &#8211; Iltalehti"},"content":{"rendered":"<ol>\n<li><a href=\"https:\/\/news.google.com\/rss\/articles\/CBMigwFBVV95cUxPQUd5aFg4WmRBTjN4UFN4T2puM0dETXBBRS0xejBxZWFRTGxyelhLdTNlN0NKOC1KcVNDRFk5dDlaZU85bUlkLWFpby1NaXE1dHRtM0dwS2hFVXhobmxYaGd1MVAyb2VxV3RnajVPd2xHaFM3NlNjb18xanJjX0UydVpmQQ?oc=5\" target=\"_blank\" rel=\"nofollow noopener\">Pyysimme asiantuntijaa katsomaan Olavi Uusivirran kohuesiintymisen. Nyt tulee suoraa puhetta.<\/a>&nbsp;&nbsp;Iltalehti<\/li>\n<li><a href=\"https:\/\/news.google.com\/rss\/articles\/CBMiXEFVX3lxTFBqVzNBcmZQQnNsWTlvNFRBaWZma05RdGZqWFdOSllweUdKUXRKck1WSmZPR056UDM2SEZVaXZRQ3NySGVRNHBkRHBTWERyeldLOTFJT3d4ejRZM2N5?oc=5\" target=\"_blank\" rel=\"nofollow noopener\">IL: N\u00e4in Olavi Uusivirta selitt\u00e4\u00e4 k\u00e4yt\u00f6st\u00e4\u00e4n Urheilugaalassa<\/a>&nbsp;&nbsp;Ilta-Sanomat<\/li>\n<li><a href=\"https:\/\/news.google.com\/rss\/articles\/CBMioAFBVV95cUxOVUpha0lEaEszbHdoNE9hRTZiTTkza2dGSlppLUp5LTU1Z1hsX1A5RVZ2VUMxc3ZKaW11ZC1JaXBCeFpXR2YyVjFDeDU5eDFucTRhRnFNbGFyMkk4R2RQZW9GeUVOTjY0U2s4TlNFd0VwWmI2Y1R2QUQ1aUhIQWlBc1VnbG1vT0dhR29ZSWFwS2hGREVibUJRN2pGazJsaEFE?oc=5\" target=\"_blank\" rel=\"nofollow noopener\">Aleksi Valavuori lataa kovaa teksti\u00e4 Olavi Uusivirrasta<\/a>&nbsp;&nbsp;mtvuutiset.fi<\/li>\n<li><a href=\"https:\/\/news.google.com\/rss\/articles\/CBMigwFBVV95cUxOa0JOekltbENSZTBOcm9waDlUTmpRdmZvWUNVMThhcW4tRDQtcUJ1Mkc1UVpZSy1TVVRMd3BZdHpOTDBXZDB3WTQydmFLcUJQTXN4S1dvZmtKREtXb3d6Vzg2ZWJSMlhmUHRIbm40R3luZkNtRUZ1MEIxM0xSNTVEdi1fcw?oc=5\" target=\"_blank\" rel=\"nofollow noopener\">Olavi Uusivirran k\u00e4yt\u00f6ksest\u00e4 nousi poru<\/a>&nbsp;&nbsp;Seiska.fi<\/li>\n<li><a href=\"https:\/\/news.google.com\/rss\/articles\/CBMitwFBVV95cUxOUVQzc3lqcGo0UTFfUmYzRjlFaEw2bDhCYzB2ME91WUJ6amplMVhFdnRFekVMSWVEUFBHN3BGX2o1Z2hwTnYwS3hhc3BpNEtaX3NvcEItR3ZhbmhnTmc2bXNHdDE0ZlBNN0JIb1pZUUc0TjBTSE56SHZKOVl0VGptRlRDamJRamx1RUZLdGZJb2tqS0xybVhsaGtaM3FDSEl0T3U1MTJDSklvTzB4YjZHbmxvbkNsa3c?oc=5\" target=\"_blank\" rel=\"nofollow noopener\">Olavi Uusivirran outo k\u00e4yt\u00f6s Urheilugaalassa levi\u00e4\u00e4 videolla \u2013 naisurheilijoiden kimpussa<\/a>&nbsp;&nbsp;Como.fi<\/li>\n<\/ol>\n","protected":false},"excerpt":{"rendered":"Pyysimme asiantuntijaa katsomaan Olavi Uusivirran kohuesiintymisen. Nyt tulee suoraa puhetta.&nbsp;&nbsp;Iltalehti IL: N\u00e4in Olavi Uusivirta selitt\u00e4\u00e4 k\u00e4yt\u00f6st\u00e4\u00e4n Urheilugaalassa&nbsp;&nbsp;Ilta-Sanomat Aleksi&hellip;\n","protected":false},"author":2,"featured_media":144362,"comment_status":"","ping_status":"","sticky":false,"template":"","format":"standard","meta":{"footnotes":""},"categories":[130],"tags":[5441,138,137,33,31,30,12032,763,1390,41,47,32,397,2599,160,109,16241],"class_list":{"0":"post-144361","1":"post","2":"type-post","3":"status-publish","4":"format-standard","5":"has-post-thumbnail","7":"category-viihde","8":"tag-asiantuntijahaastattelu","9":"tag-audio","10":"tag-entertainment","11":"tag-fi","12":"tag-finland","13":"tag-finnish","14":"tag-julkkis","15":"tag-kulttuuri-ja-viihde","16":"tag-kuukausi","17":"tag-liikunta-ja-urheilu","18":"tag-musiikki","19":"tag-suomi","20":"tag-taide","21":"tag-tapahtumat-ja-tapahtumatiedot","22":"tag-urheilu","23":"tag-viihde","24":"tag-yhteiskunnallinen-ongelma"},"share_on_mastodon":{"url":"https:\/\/pubeurope.com\/@fi\/115907214889793577","error":""},"_links":{"self":[{"href":"https:\/\/www.europesays.com\/fi\/wp-json\/wp\/v2\/posts\/144361","targetHints":{"allow":["GET"]}}],"collection":[{"href":"https:\/\/www.europesays.com\/fi\/wp-json\/wp\/v2\/posts"}],"about":[{"href":"https:\/\/www.europesays.com\/fi\/wp-json\/wp\/v2\/types\/post"}],"author":[{"embeddable":true,"href":"https:\/\/www.europesays.com\/fi\/wp-json\/wp\/v2\/users\/2"}],"replies":[{"embeddable":true,"href":"https:\/\/www.europesays.com\/fi\/wp-json\/wp\/v2\/comments?post=144361"}],"version-history":[{"count":0,"href":"https:\/\/www.europesays.com\/fi\/wp-json\/wp\/v2\/posts\/144361\/revisions"}],"wp:featuredmedia":[{"embeddable":true,"href":"https:\/\/www.europesays.com\/fi\/wp-json\/wp\/v2\/media\/144362"}],"wp:attachment":[{"href":"https:\/\/www.europesays.com\/fi\/wp-json\/wp\/v2\/media?parent=144361"}],"wp:term":[{"taxonomy":"category","embeddable":true,"href":"https:\/\/www.europesays.com\/fi\/wp-json\/wp\/v2\/categories?post=144361"},{"taxonomy":"post_tag","embeddable":true,"href":"https:\/\/www.europesays.com\/fi\/wp-json\/wp\/v2\/tags?post=144361"}],"curies":[{"name":"wp","href":"https:\/\/api.w.org\/{rel}","templated":true}]}}