{"id":144365,"date":"2026-01-16T22:51:08","date_gmt":"2026-01-16T22:51:08","guid":{"rendered":"https:\/\/www.europesays.com\/fi\/144365\/"},"modified":"2026-01-16T22:51:08","modified_gmt":"2026-01-16T22:51:08","slug":"norjan-hovi-vaikenee-marius-karahti-salaisen-seksikansion-pitamisesta","status":"publish","type":"post","link":"https:\/\/www.europesays.com\/fi\/144365\/","title":{"rendered":"Norjan hovi vaikenee \u2013 Marius k\u00e4r\u00e4hti salaisen seksikansion pit\u00e4misest\u00e4"},"content":{"rendered":"<p>Kruununprinsessan poikaa ep\u00e4ill\u00e4\u00e4n lukuisista rikoksista. Uutuuskirja paljastaa Mariuksen arkaluontoiset k\u00e4nnykk\u00e4puuhat.<\/p>\n<p><img decoding=\"async\" class=\"image image-show image-preview\" src=\"https:\/\/www.europesays.com\/fi\/wp-content\/uploads\/2026\/01\/0c7175ccb86728421162ec12efdd4a783e66efe2fe2152810451e4df8fa5c32d.jpg\" alt=\"\"\/><img decoding=\"async\" class=\"image image-show\" src=\"https:\/\/www.europesays.com\/fi\/wp-content\/uploads\/2026\/01\/1768603868_765_0c7175ccb86728421162ec12efdd4a783e66efe2fe2152810451e4df8fa5c32d.jpg\" alt=\"\"\/><\/p>\n<p>Marius Borg H\u00f8iby ker\u00e4ili uutuuskirjan mukaan intiimivideoita ja -kuvia salasanalla suojattuun kansioon, josta poliisi sen lopulta l\u00f6ysi. All Over Press<\/p>\n<p class=\"paragraph\">Norjan kruununprinsessa <strong>Mette-Maritin<\/strong> poikaa <strong>Marius Borg H\u00f8iby<\/strong>a, 29, syytet\u00e4\u00e4n useista eri rikoksista. <strong>\u00d8istein Monserin<\/strong> ja <strong>Torgeir Krokfjordin<\/strong> kirjoittamassa Kokaiiniprinssi-kirjassa avataan H\u00f8ibyn toimintaa pitk\u00e4ll\u00e4 aikav\u00e4lill\u00e4. H\u00e4n on my\u00f6nt\u00e4nyt syyllistyneens\u00e4 tytt\u00f6yst\u00e4v\u00e4ns\u00e4 pahoinpitelyyn ja 20-vuotiaan miehen uhkaamiseen.<\/p>\n<p class=\"paragraph\">Marius Borg H\u00f8ibya kuitenkin ep\u00e4ill\u00e4\u00e4n lukuisista muistakin rikoksista, kuten seksuaalirikoksista. Kirjassa kerrotaan, ett\u00e4 poliisin ep\u00e4ilykset Mariuksen tekem\u00e4st\u00e4 raiskauksesta her\u00e4siv\u00e4t heid\u00e4n l\u00f6ydetty\u00e4\u00e4n videon, jossa v\u00e4itetysti n\u00e4kyi nukkuvaan naiseen kohdistuva seksuaalirikos.<\/p>\n<p class=\"paragraph\">Kursivoidut kohdat ovat suoria otteita kirjasta.<\/p>\n<p class=\"paragraph\">Sittemmin k\u00e4vi ilmi, ett\u00e4 Mariuksella oli oma salasanasuojattu kansio, jossa h\u00e4n s\u00e4ilytti intiimej\u00e4 videoitaan. Ei tiedetty, kuinka monta t\u00e4llaista arkaluontoista videota kruununprinsessan esikoispoika oli tallentanut. L\u00e4hteiden mukaan h\u00e4nen salainen, salasanasuojattu seksikansionsa sis\u00e4lsi yhteens\u00e4 yli 800 intiimi\u00e4 videota ja kuvaa. On ep\u00e4selv\u00e4\u00e4, oliko h\u00e4n itse kaikkien niiden takana, sill\u00e4 monet j\u00e4tk\u00e4porukan j\u00e4senet jakoivat s\u00e4\u00e4nn\u00f6llisesti intiimej\u00e4 videoita kesken\u00e4\u00e4n. N\u00e4ytti kuitenkin silt\u00e4, ett\u00e4 monet videoilla esiintyv\u00e4t naiset eiv\u00e4t aavistaneet, mit\u00e4 oli meneill\u00e4\u00e4n.<\/p>\n<p class=\"paragraph\">Kirjan mukaan poliisi teki t\u00f6it\u00e4 y\u00f6t\u00e4 p\u00e4iv\u00e4\u00e4 tunnistaakseen kruununprinsessan pojan pilvipalvelusta l\u00f6ydetyt naiset.<\/p>\n<p class=\"paragraph\">Norjan hovi ei ole kommentoinut kirjan v\u00e4itett\u00e4 seksikansiosta.<\/p>\n<p class=\"paragraph\">Elokuussa kerrottiin, ett\u00e4 kruununprinsessan poikaa syytet\u00e4\u00e4n useista eri rikoksista, ja syytteess\u00e4 on 32 syytekohtaa. H\u00f8iby sai syytteet nelj\u00e4st\u00e4 raiskauksesta ja entisen avopuolisonsa pahoinpitelyst\u00e4. Toiseen entiseen avopuolisoonsa liittyen h\u00e4n saa syytteet useista v\u00e4kivallanteoista, rauhan rikkomisesta, vahingonteosta sek\u00e4 l\u00e4hestymiskiellon rikkomisesta. H\u00e4nt\u00e4 syytet\u00e4\u00e4n my\u00f6s useiden naisten sukupuolielinten kuvaamisesta heid\u00e4n tiet\u00e4m\u00e4tt\u00e4\u00e4n tai suostumuksettaan. Syytteess\u00e4 on my\u00f6s muita rikoksia, kuten tappouhkauksia, poliisin h\u00e4irint\u00e4\u00e4 ja liikennerikkomuksia.<\/p>\n<p class=\"paragraph\">Mariuksen tapausta on m\u00e4\u00e4r\u00e4 k\u00e4sitell\u00e4 Oslon k\u00e4r\u00e4j\u00e4oikeudessa 3. helmikuuta. K\u00e4sittelyyn on kirjan mukaan varattu kuusi viikkoa. Siihen asti h\u00e4nen el\u00e4m\u00e4ns\u00e4 on  tauolla.<\/p>\n<p class=\"paragraph\">Kokaiiniprinssi-kirjan mukaan Oslon poliisi ja Norjan poliisin turvallisuuspalvelu PST pelk\u00e4\u00e4v\u00e4t, ett\u00e4 vieraat vallat voisivat k\u00e4ytt\u00e4\u00e4 Mariuksen el\u00e4m\u00e4ntyyli\u00e4 ja esimerkiksi t\u00e4llaisten arkaluontoisten videoiden arkistoa kiristysmateriaalina, jolloin Marius olisi turvallisuusriski koko valtakunnan turvallisuudelle.<\/p>\n<p class=\"paragraph\">Norjan kuninkaallinen perhe on kommentoinut t\u00e4h\u00e4n menness\u00e4 v\u00e4h\u00e4sanaisesti julkisuuteen Mariuksen rikosep\u00e4ilyj\u00e4.<\/p>\n<p class=\"paragraph\">Kuningasperheen vuosi -ohjelmassa joulukuussa 2024 kuningas <strong>Harald<\/strong> kommentoi tilannetta, kun Marius oli avoimessa kirjeess\u00e4 my\u00f6nt\u00e4nyt pahoinpidelleens\u00e4 entisen tytt\u00f6yst\u00e4v\u00e4ns\u00e4 p\u00e4ihteiden vaikutuksen alaisena.<\/p>\n<p class=\"paragraph\">\u2013 On tietenkin raskasta ja ik\u00e4v\u00e4\u00e4, ett\u00e4 meille l\u00e4heisell\u00e4 ihmisell\u00e4 on sellainen taakka. Joskus el\u00e4m\u00e4 voi yksinkertaisesti olla todella vaikeaa. Kuka tahansa voi kohdata sellaista, my\u00f6s meid\u00e4n perheemme, kuningas sanoi ohjelmassa, ja korosti:<\/p>\n<p class=\"paragraph\">\u2013 Ja todella monet k\u00e4rsiv\u00e4t t\u00e4st\u00e4 samasta ongelmasta.<\/p>\n<p class=\"paragraph\">Kruununprinssipari ei ole kirjan mukaan juurikaan kommentoinut Mariuksen tilannetta, mutta kohut ovat varjostaneet kuningashuoneen virallisia teht\u00e4vi\u00e4. Kirja esitt\u00e4\u00e4 my\u00f6s v\u00e4itteen, jonka mukaan <strong>Mette-Marit<\/strong> ja <strong>Haakon<\/strong> olisivat yritt\u00e4neet varoittaa Mariusta tulevasta pid\u00e4tyksest\u00e4 elokuussa 2024. VG lehden mukaan kruununprinsessa olisi siivonnut Mariuksen hovin mailla sijaitsevaa asuntoa samalla, kun poika h\u00e4vitti puhelimestaan todisteita ennen poliisin tuloa.<\/p>\n<p class=\"paragraph\">Vain kruununprinssipari tiet\u00e4\u00e4, kuinka perill\u00e4 he ovat olleet Marius Borg H\u00f8ibyn tekemisist\u00e4. Kruununprinssi Haakon muotoili asian n\u00e4in:<\/p>\n<p class=\"paragraph\">\u2013 Olemme hyvin l\u00e4heisi\u00e4, joten tiesimme sen, mink\u00e4 Marius oli meille kertonut. Tiesimme ongelmavyyhdist\u00e4, mutta en halua menn\u00e4 yksityiskohtiin.<\/p>\n<p class=\"paragraph\">Jotain hermojen menemisest\u00e4 kuitenkin kertoo se, ett\u00e4 Haakon potkaisi lokakuun 2024 lopussa Marius Borg H\u00f8ibyn pihalle kruununprinssiparin talosta.<\/p>\n<p>Keuhkofibroosia sairastava Mette-Marit ja h\u00e4nen puolisonsa Haakon ovat yritt\u00e4neet uutuuskirjan mukaan tukea ja auttaa poikaansa salaa kohun keskell\u00e4.  AOP<\/p>\n<p class=\"paragraph\">\u00d8istein Monserin ja Torgeir Krokfjordin kirjoittama Marius Borg H\u00f8ibyn rikosyhteyksist\u00e4 kertova Kokaiiniprinssi-kirja julkaistaan 15. tammikuuta \u00e4\u00e4ni- ja e-kirjana Storytelissa. Alkuper\u00e4isteos Hvite striper, sorte f\u00e5r (Aschecoug) julkaistiin Norjassa lokakuussa 2025.<\/p>\n","protected":false},"excerpt":{"rendered":"Kruununprinsessan poikaa ep\u00e4ill\u00e4\u00e4n lukuisista rikoksista. Uutuuskirja paljastaa Mariuksen arkaluontoiset k\u00e4nnykk\u00e4puuhat. Marius Borg H\u00f8iby ker\u00e4ili uutuuskirjan mukaan intiimivideoita ja&hellip;\n","protected":false},"author":2,"featured_media":144366,"comment_status":"","ping_status":"","sticky":false,"template":"","format":"standard","meta":{"footnotes":""},"categories":[14],"tags":[35,22,23,26,27,33,31,30,17,53,24,25,28,29,15,18,21,98,52,978,38,32,19,20,56,16,59,60,61],"class_list":{"0":"post-144365","1":"post","2":"type-post","3":"status-publish","4":"format-standard","5":"has-post-thumbnail","7":"category-ulkomaat","8":"tag-24h","9":"tag-breaking-news","10":"tag-breakingnews","11":"tag-featured-news","12":"tag-featurednews","13":"tag-fi","14":"tag-finland","15":"tag-finnish","16":"tag-headlines","17":"tag-laki-oikeus-ja-rikos","18":"tag-latest-news","19":"tag-latestnews","20":"tag-main-news","21":"tag-mainnews","22":"tag-news","23":"tag-otsikot","24":"tag-paauutiset","25":"tag-perhe","26":"tag-poliisi","27":"tag-rikoksen-teko","28":"tag-rikos","29":"tag-suomi","30":"tag-top-stories","31":"tag-topstories","32":"tag-ulkomaat","33":"tag-uutiset","34":"tag-world","35":"tag-world-news","36":"tag-worldnews"},"share_on_mastodon":{"url":"https:\/\/pubeurope.com\/@fi\/115907230691620360","error":""},"_links":{"self":[{"href":"https:\/\/www.europesays.com\/fi\/wp-json\/wp\/v2\/posts\/144365","targetHints":{"allow":["GET"]}}],"collection":[{"href":"https:\/\/www.europesays.com\/fi\/wp-json\/wp\/v2\/posts"}],"about":[{"href":"https:\/\/www.europesays.com\/fi\/wp-json\/wp\/v2\/types\/post"}],"author":[{"embeddable":true,"href":"https:\/\/www.europesays.com\/fi\/wp-json\/wp\/v2\/users\/2"}],"replies":[{"embeddable":true,"href":"https:\/\/www.europesays.com\/fi\/wp-json\/wp\/v2\/comments?post=144365"}],"version-history":[{"count":0,"href":"https:\/\/www.europesays.com\/fi\/wp-json\/wp\/v2\/posts\/144365\/revisions"}],"wp:featuredmedia":[{"embeddable":true,"href":"https:\/\/www.europesays.com\/fi\/wp-json\/wp\/v2\/media\/144366"}],"wp:attachment":[{"href":"https:\/\/www.europesays.com\/fi\/wp-json\/wp\/v2\/media?parent=144365"}],"wp:term":[{"taxonomy":"category","embeddable":true,"href":"https:\/\/www.europesays.com\/fi\/wp-json\/wp\/v2\/categories?post=144365"},{"taxonomy":"post_tag","embeddable":true,"href":"https:\/\/www.europesays.com\/fi\/wp-json\/wp\/v2\/tags?post=144365"}],"curies":[{"name":"wp","href":"https:\/\/api.w.org\/{rel}","templated":true}]}}