{"id":144373,"date":"2026-01-16T23:05:07","date_gmt":"2026-01-16T23:05:07","guid":{"rendered":"https:\/\/www.europesays.com\/fi\/144373\/"},"modified":"2026-01-16T23:05:07","modified_gmt":"2026-01-16T23:05:07","slug":"jaajo-linnonmaa-hammastyi-tunnin-koiralenkilla-voi-tienata-tonnin","status":"publish","type":"post","link":"https:\/\/www.europesays.com\/fi\/144373\/","title":{"rendered":"Jaajo Linnonmaa h\u00e4mm\u00e4styi: &#8221;Tunnin koiralenkill\u00e4 voi tienata tonnin!&#8221;"},"content":{"rendered":"<p>Diilist\u00e4kin tuttu Jaajo on mies, joka on keksinyt monenlaista, mutta ei viel\u00e4 t\u00e4t\u00e4 bisnest\u00e4.<\/p>\n<p>Odottakaahan, kohta kuuluu. Hyv\u00e4ss\u00e4 lykyss\u00e4 koko mies muuttaa Italiaan.<\/p>\n<p>Siis mist\u00e4 on kyse, no t\u00e4st\u00e4:<\/p>\n<p>Jaajo on t\u00e4n\u00e4\u00e4n p\u00e4\u00e4ssyt etsim\u00e4\u00e4n tryffeleit\u00e4 Italian Albassa. Mukaansa h\u00e4n sai tryffelikoira Renen.<\/p>\n<p>-Pient\u00e4 haistelua ja sitten l\u00f6ysi ekan paikan, hihkuu Jaajo p\u00e4ivityksess\u00e4\u00e4n.<\/p>\n<p>Omistajan on syyt\u00e4 yritt\u00e4\u00e4 siirt\u00e4\u00e4 koira sivuun ennen kuin tryffelikoiran haistama tryffeli l\u00f6ytyy \u2013 muuten se p\u00e4\u00e4tyy sen omaan suuhun.<\/p>\n<p>\u2013 Lopputuloksena 14-grammainen valkotryffeli arvoita 60-70 euroa. SIIIIIIS WHAAAT! Jaajo parkaisee ja jatkaa parkuaan:<\/p>\n<p>\u2013 Rene saattaa tunnin reissulla l\u00f6yt\u00e4\u00e4 1000 euron edest\u00e4 tryffeleit\u00e4! V\u00e4lill\u00e4 on kuulema my\u00f6s sy\u00f6nyt samanarvoisia kimpaleita, kun kukaan ei ole ehtinyt v\u00e4liin.<\/p>\n<p>Lue my\u00f6s: <a href=\"https:\/\/www.como.fi\/uutiset\/jaajo-linnonmaa-antoi-tyoparilleen-kymppitonnin-kellon-siina-on-vain-ikava-mutta\/\" title=\"Jaajo Linnonmaa antoi ty\u00f6parilleen kymppitonnin kellon \u2013 siin\u00e4 on vain ik\u00e4v\u00e4 mutta!\" class=\"underline-custom !font-montserrat !font-bold !underline-offset-4 !decoration-4 !decoration-red-600 !text-md\" rel=\"nofollow noopener\" target=\"_blank\">Jaajo Linnonmaa antoi ty\u00f6parilleen kymppitonnin kellon \u2013 siin\u00e4 on vain ik\u00e4v\u00e4 mutta!<\/a><\/p>\n<p>Lue my\u00f6s: <a href=\"https:\/\/www.como.fi\/uutiset\/diili-juontaja-jaajon-omat-bisnekset-alyttomasti-firmoja-mutta-mita-jaa-kateen\/\" title=\"Diili-juontaja Jaajon omat bisnekset: \u00c4lytt\u00f6m\u00e4sti firmoja, mutta mit\u00e4 j\u00e4\u00e4 k\u00e4teen?\" class=\"underline-custom !font-montserrat !font-bold !underline-offset-4 !decoration-4 !decoration-red-600 !text-md\" rel=\"nofollow noopener\" target=\"_blank\">Diili-juontaja Jaajon omat bisnekset: \u00c4lytt\u00f6m\u00e4sti firmoja, mutta mit\u00e4 j\u00e4\u00e4 k\u00e4teen?<\/a><\/p>\n<p>Nyt Jaajo haistaa selv\u00e4sti tryffelin tuoksun nen\u00e4ss\u00e4\u00e4n.<\/p>\n<p>-Nyt keksin miten lapset saa viem\u00e4\u00e4n koiraa ulos, h\u00e4n suunnittelee.<\/p>\n<p>Kohta on Jaajolla taatusti oma tryffelikoira.<\/p>\n<p><strong><a href=\"https:\/\/www.instagram.com\/p\/DTk-_9yDC5S\/?img_index=1\" rel=\"nofollow noopener\" target=\"_blank\">P\u00e4ivitys t\u00e4ss\u00e4<\/a><\/strong> ellei se n\u00e4y alla.<\/p>\n<p>\t\t\t\t<script async src=\"\/\/www.instagram.com\/embed.js\"><\/script><\/p>\n","protected":false},"excerpt":{"rendered":"Diilist\u00e4kin tuttu Jaajo on mies, joka on keksinyt monenlaista, mutta ei viel\u00e4 t\u00e4t\u00e4 bisnest\u00e4. Odottakaahan, kohta kuuluu. Hyv\u00e4ss\u00e4&hellip;\n","protected":false},"author":2,"featured_media":144374,"comment_status":"","ping_status":"","sticky":false,"template":"","format":"standard","meta":{"footnotes":""},"categories":[136],"tags":[407,137,33,31,30,2681,408,32,109],"class_list":{"0":"post-144373","1":"post","2":"type-post","3":"status-publish","4":"format-standard","5":"has-post-thumbnail","7":"category-julkkikset","8":"tag-celebrities","9":"tag-entertainment","10":"tag-fi","11":"tag-finland","12":"tag-finnish","13":"tag-jaajo-linnonmaa","14":"tag-julkkikset","15":"tag-suomi","16":"tag-viihde"},"share_on_mastodon":{"url":"https:\/\/pubeurope.com\/@fi\/115907285658298953","error":""},"_links":{"self":[{"href":"https:\/\/www.europesays.com\/fi\/wp-json\/wp\/v2\/posts\/144373","targetHints":{"allow":["GET"]}}],"collection":[{"href":"https:\/\/www.europesays.com\/fi\/wp-json\/wp\/v2\/posts"}],"about":[{"href":"https:\/\/www.europesays.com\/fi\/wp-json\/wp\/v2\/types\/post"}],"author":[{"embeddable":true,"href":"https:\/\/www.europesays.com\/fi\/wp-json\/wp\/v2\/users\/2"}],"replies":[{"embeddable":true,"href":"https:\/\/www.europesays.com\/fi\/wp-json\/wp\/v2\/comments?post=144373"}],"version-history":[{"count":0,"href":"https:\/\/www.europesays.com\/fi\/wp-json\/wp\/v2\/posts\/144373\/revisions"}],"wp:featuredmedia":[{"embeddable":true,"href":"https:\/\/www.europesays.com\/fi\/wp-json\/wp\/v2\/media\/144374"}],"wp:attachment":[{"href":"https:\/\/www.europesays.com\/fi\/wp-json\/wp\/v2\/media?parent=144373"}],"wp:term":[{"taxonomy":"category","embeddable":true,"href":"https:\/\/www.europesays.com\/fi\/wp-json\/wp\/v2\/categories?post=144373"},{"taxonomy":"post_tag","embeddable":true,"href":"https:\/\/www.europesays.com\/fi\/wp-json\/wp\/v2\/tags?post=144373"}],"curies":[{"name":"wp","href":"https:\/\/api.w.org\/{rel}","templated":true}]}}