{"id":144383,"date":"2026-01-16T23:18:08","date_gmt":"2026-01-16T23:18:08","guid":{"rendered":"https:\/\/www.europesays.com\/fi\/144383\/"},"modified":"2026-01-16T23:18:08","modified_gmt":"2026-01-16T23:18:08","slug":"purettavassa-talossa-syttyi-tulipalo-turussa","status":"publish","type":"post","link":"https:\/\/www.europesays.com\/fi\/144383\/","title":{"rendered":"Purettavassa talossa syttyi tulipalo Turussa"},"content":{"rendered":"<p>Palo on saatu sammumaan.<\/p>\n<p>16.1. 22:56<\/p>\n<p class=\"article-body mb-nof-24 px-nof-16\">Purettavassa kiinteist\u00f6ss\u00e4 Turun Uittamossa syttyi tulipalo perjantai-iltana, kertoo Varsinais-Suomen pelastuslaitos.<\/p>\n<p class=\"article-body mb-nof-24 px-nof-16\">Pelastuslaitos kertoo saaneensa palon nopeasti hallintaan ja sammumaan. J\u00e4lkiraivausty\u00f6 kohteessa Rusthollinrinteell\u00e4 jatkuu viel\u00e4 tunnin tai kahden ajan, pelastuslaitos kertoo iltakymmenen aikaan perjantaina.<\/p>\n<p><img decoding=\"async\" src=\"https:\/\/www.europesays.com\/fi\/wp-content\/uploads\/2026\/01\/1768605488_662_468.jpg\" alt=\"Paikalla oli useita pelastuslaitoksen yksik\u00f6it\u00e4.\" class=\"_Img_1rerz_1\" style=\"aspect-ratio:0.5572916666666666\" loading=\"eager\"\/><\/p>\n<p class=\"article-picture-caption\">Paikalla oli useita pelastuslaitoksen yksik\u00f6it\u00e4. Kuva:\u00a0Lukijan kuva \/ Kuvakaappaus videolta<\/p>\n<p><img decoding=\"async\" src=\"https:\/\/www.europesays.com\/fi\/wp-content\/uploads\/2026\/01\/1768605488_146_468.jpg\" alt=\"\" class=\"_Img_1rerz_1\" style=\"aspect-ratio:0.5572916666666666\" loading=\"eager\"\/><\/p>\n<p class=\"article-picture-caption\">Kuva:\u00a0Lukijan kuva \/ Kuvakaappaus videolta<\/p>\n<p class=\"article-body mb-nof-24 px-nof-16\">Palo ei aiheuttanut henkil\u00f6vahinkoja, mutta savunmuodostus aiheutti palon alkuvaiheessa \u201dliev\u00e4\u00e4 haittaa l\u00e4hialueen asukkaille\u201d, pelastuslaitos kertoo.<\/p>\n<p class=\"article-body mb-nof-24 px-nof-16\">Palon syttymissyy ei t\u00e4ll\u00e4 hetkell\u00e4 ole selvill\u00e4.<\/p>\n<p class=\"article-body mb-nof-24 px-nof-16\">Kyseess\u00e4 ollut purettava kiinteist\u00f6 oli pinta-alaltaan noin 1\u202f500 neli\u00f6metri\u00e4, kertoo p\u00e4ivyst\u00e4v\u00e4 palomestari <a class=\"font-bold underline-offset-[0.12em] [text-decoration:var(--person-link-text-decoration)] ![text-decoration-color:var(--person-link-text-decoration-color)]\" href=\"https:\/\/www.is.fi\/haku\/?query=Toni%20Riuttanen\" rel=\"nofollow noopener\" target=\"_blank\">Toni Riuttanen<\/a> Varsinais-Suomen pelastuslaitokselta. Talossa on aiemmin toiminut seurakuntatalo ja liikehuoneistoja, Riuttanen kertoo.<\/p>\n<p class=\"article-body mb-nof-24 px-nof-16\">H\u00e4n kertoo talon olleen tyhjill\u00e4\u00e4n viime vuoden loppupuolelta, ja sen purkut\u00f6iden olevan nyt k\u00e4ynniss\u00e4.<\/p>\n<p class=\"article-body mb-nof-24 px-nof-16\">Pelastuslaitos on edelleen paikan p\u00e4\u00e4ll\u00e4 ja suorittaa raivaust\u00f6it\u00e4. My\u00f6s kohteen omistaja on k\u00e4ynyt paikalla, Riuttanen kertoo.<\/p>\n<p class=\"article-body mb-nof-24 px-nof-16\">Lis\u00e4ksi poliisi k\u00e4vi Riuttasen mukaan palopaikalla. Lounais-Suomen poliisilaitoksen mukaan poliisilla ei kuitenkaan en\u00e4\u00e4 hieman ennen iltayht\u00e4toista perjantaina ollut aktiivista teht\u00e4v\u00e4\u00e4 paikalla.<\/p>\n<p class=\"article-body mb-nof-24 px-nof-16\">Pelastuslaitoksen Riuttasen mukaan palosta syntynyt savuhaitta ei aivan ehtinyt ylt\u00e4\u00e4 l\u00e4himpiin asuintaloihin jokseenkin tihe\u00e4sti asutulla Uittamon alueella.<\/p>\n<p class=\"article-body mb-nof-24 px-nof-16\">\u2013\u2009Jos olisi kunnolla ehtinyt l\u00e4hte\u00e4 palo etenem\u00e4\u00e4n, olisi varmasti ollut suurempaa haittaa l\u00e4hialueen asukkaille, Riuttanen sanoo.<\/p>\n","protected":false},"excerpt":{"rendered":"Palo on saatu sammumaan. 16.1. 22:56 Purettavassa kiinteist\u00f6ss\u00e4 Turun Uittamossa syttyi tulipalo perjantai-iltana, kertoo Varsinais-Suomen pelastuslaitos. Pelastuslaitos kertoo&hellip;\n","protected":false},"author":2,"featured_media":144384,"comment_status":"","ping_status":"","sticky":false,"template":"","format":"standard","meta":{"footnotes":""},"categories":[12],"tags":[22,23,26,27,33,31,30,17,34,24,25,28,29,15,18,21,32,19,20,16],"class_list":{"0":"post-144383","1":"post","2":"type-post","3":"status-publish","4":"format-standard","5":"has-post-thumbnail","7":"category-suomi","8":"tag-breaking-news","9":"tag-breakingnews","10":"tag-featured-news","11":"tag-featurednews","12":"tag-fi","13":"tag-finland","14":"tag-finnish","15":"tag-headlines","16":"tag-ilta-sanomat","17":"tag-latest-news","18":"tag-latestnews","19":"tag-main-news","20":"tag-mainnews","21":"tag-news","22":"tag-otsikot","23":"tag-paauutiset","24":"tag-suomi","25":"tag-top-stories","26":"tag-topstories","27":"tag-uutiset"},"share_on_mastodon":{"url":"https:\/\/pubeurope.com\/@fi\/115907336833615627","error":""},"_links":{"self":[{"href":"https:\/\/www.europesays.com\/fi\/wp-json\/wp\/v2\/posts\/144383","targetHints":{"allow":["GET"]}}],"collection":[{"href":"https:\/\/www.europesays.com\/fi\/wp-json\/wp\/v2\/posts"}],"about":[{"href":"https:\/\/www.europesays.com\/fi\/wp-json\/wp\/v2\/types\/post"}],"author":[{"embeddable":true,"href":"https:\/\/www.europesays.com\/fi\/wp-json\/wp\/v2\/users\/2"}],"replies":[{"embeddable":true,"href":"https:\/\/www.europesays.com\/fi\/wp-json\/wp\/v2\/comments?post=144383"}],"version-history":[{"count":0,"href":"https:\/\/www.europesays.com\/fi\/wp-json\/wp\/v2\/posts\/144383\/revisions"}],"wp:featuredmedia":[{"embeddable":true,"href":"https:\/\/www.europesays.com\/fi\/wp-json\/wp\/v2\/media\/144384"}],"wp:attachment":[{"href":"https:\/\/www.europesays.com\/fi\/wp-json\/wp\/v2\/media?parent=144383"}],"wp:term":[{"taxonomy":"category","embeddable":true,"href":"https:\/\/www.europesays.com\/fi\/wp-json\/wp\/v2\/categories?post=144383"},{"taxonomy":"post_tag","embeddable":true,"href":"https:\/\/www.europesays.com\/fi\/wp-json\/wp\/v2\/tags?post=144383"}],"curies":[{"name":"wp","href":"https:\/\/api.w.org\/{rel}","templated":true}]}}