{"id":144385,"date":"2026-01-16T23:19:08","date_gmt":"2026-01-16T23:19:08","guid":{"rendered":"https:\/\/www.europesays.com\/fi\/144385\/"},"modified":"2026-01-16T23:19:08","modified_gmt":"2026-01-16T23:19:08","slug":"pilkkija-loytyi-kuolleena-rymattylasta-turun-sanomat","status":"publish","type":"post","link":"https:\/\/www.europesays.com\/fi\/144385\/","title":{"rendered":"Pilkkij\u00e4 l\u00f6ytyi kuolleena Rym\u00e4ttyl\u00e4st\u00e4 | Turun Sanomat"},"content":{"rendered":"<p class=\"teksti\">Merest\u00e4 l\u00f6ytyi perjantaina kuollut ihminen Naantalin Rym\u00e4ttyl\u00e4ss\u00e4. Poliisi kertoo saaneensa puoli kuuden aikoihin illalla ilmoituksen, jonka mukaan aikaisin aamulla pilkille l\u00e4hteneen auto l\u00f6ytyi R\u00f6\u00f6l\u00e4n vierasvenesatamasta. Autosta johtivat j\u00e4ljet j\u00e4\u00e4lle.<\/p>\n<p class=\"teksti\">Poliisi ryhtyi etsim\u00e4\u00e4n pilkkij\u00e4\u00e4 yhteisty\u00f6ss\u00e4 Rajavartiolaitoksen kanssa ja l\u00f6ysi h\u00e4net kuolleena. Asiaa tutkitaan kuolemansyyn selvitt\u00e4misen\u00e4.<\/p>\n<p class=\"teksti\">Poliisi varoittaa tiedotteessaan j\u00e4\u00e4lle menemisest\u00e4. J\u00e4\u00e4 on paikoitellen heikkoa tai sit\u00e4 ei ole ollenkaan.<\/p>\n","protected":false},"excerpt":{"rendered":"Merest\u00e4 l\u00f6ytyi perjantaina kuollut ihminen Naantalin Rym\u00e4ttyl\u00e4ss\u00e4. Poliisi kertoo saaneensa puoli kuuden aikoihin illalla ilmoituksen, jonka mukaan aikaisin&hellip;\n","protected":false},"author":2,"featured_media":144386,"comment_status":"","ping_status":"","sticky":false,"template":"","format":"standard","meta":{"footnotes":""},"categories":[5],"tags":[22,23,26,27,33,31,30,17,24,25,28,29,15,18,21,32,19,20,16],"class_list":{"0":"post-144385","1":"post","2":"type-post","3":"status-publish","4":"format-standard","5":"has-post-thumbnail","7":"category-otsikot","8":"tag-breaking-news","9":"tag-breakingnews","10":"tag-featured-news","11":"tag-featurednews","12":"tag-fi","13":"tag-finland","14":"tag-finnish","15":"tag-headlines","16":"tag-latest-news","17":"tag-latestnews","18":"tag-main-news","19":"tag-mainnews","20":"tag-news","21":"tag-otsikot","22":"tag-paauutiset","23":"tag-suomi","24":"tag-top-stories","25":"tag-topstories","26":"tag-uutiset"},"share_on_mastodon":{"url":"https:\/\/pubeurope.com\/@fi\/115907340704236460","error":""},"_links":{"self":[{"href":"https:\/\/www.europesays.com\/fi\/wp-json\/wp\/v2\/posts\/144385","targetHints":{"allow":["GET"]}}],"collection":[{"href":"https:\/\/www.europesays.com\/fi\/wp-json\/wp\/v2\/posts"}],"about":[{"href":"https:\/\/www.europesays.com\/fi\/wp-json\/wp\/v2\/types\/post"}],"author":[{"embeddable":true,"href":"https:\/\/www.europesays.com\/fi\/wp-json\/wp\/v2\/users\/2"}],"replies":[{"embeddable":true,"href":"https:\/\/www.europesays.com\/fi\/wp-json\/wp\/v2\/comments?post=144385"}],"version-history":[{"count":0,"href":"https:\/\/www.europesays.com\/fi\/wp-json\/wp\/v2\/posts\/144385\/revisions"}],"wp:featuredmedia":[{"embeddable":true,"href":"https:\/\/www.europesays.com\/fi\/wp-json\/wp\/v2\/media\/144386"}],"wp:attachment":[{"href":"https:\/\/www.europesays.com\/fi\/wp-json\/wp\/v2\/media?parent=144385"}],"wp:term":[{"taxonomy":"category","embeddable":true,"href":"https:\/\/www.europesays.com\/fi\/wp-json\/wp\/v2\/categories?post=144385"},{"taxonomy":"post_tag","embeddable":true,"href":"https:\/\/www.europesays.com\/fi\/wp-json\/wp\/v2\/tags?post=144385"}],"curies":[{"name":"wp","href":"https:\/\/api.w.org\/{rel}","templated":true}]}}