{"id":144395,"date":"2026-01-16T23:43:08","date_gmt":"2026-01-16T23:43:08","guid":{"rendered":"https:\/\/www.europesays.com\/fi\/144395\/"},"modified":"2026-01-16T23:43:08","modified_gmt":"2026-01-16T23:43:08","slug":"islanti-raivostui-usalle-tama-on-vakavaa","status":"publish","type":"post","link":"https:\/\/www.europesays.com\/fi\/144395\/","title":{"rendered":"Islanti raivostui USA:lle \u2013 \u201dT\u00e4m\u00e4 on vakavaa\u201d"},"content":{"rendered":"<p>Donald Trumpin valitseman suurl\u00e4hettil\u00e4sehdokkaan puheet Islannista Yhdysvaltain 52. osavaltiona vuosivat julkisuuteen. Billy Longin mielest\u00e4 asia ei ole vakava, mutta Islannissa ajatellaan toisin.<\/p>\n<p><img decoding=\"async\" class=\"image image-show image-preview\" src=\"https:\/\/www.europesays.com\/fi\/wp-content\/uploads\/2026\/01\/2ae9baa814ef191b1d6df5feef889e37f7fe685d86e0b8c9ab9b5e52a48fed87.jpg\" alt=\"\"\/><img decoding=\"async\" class=\"image image-show\" src=\"https:\/\/www.europesays.com\/fi\/wp-content\/uploads\/2026\/01\/1768606988_906_2ae9baa814ef191b1d6df5feef889e37f7fe685d86e0b8c9ab9b5e52a48fed87.jpg\" alt=\"\"\/><\/p>\n<p>Islannin ulkoministeri Thorgerdur Katrin Gunnarsdottiria (kuvassa) vaaditaan nyt asettumaan Billy Longin suurl\u00e4hettil\u00e4snimityst\u00e4 vastaan. Soeren Stache\/dpa via ZUMA Press<\/p>\n<p class=\"paragraph\">Huoli Yhdysvaltain aluelaajennuspyrkimyksist\u00e4 on levinnyt Islantiin.<\/p>\n<p class=\"paragraph\"><strong>Donald Trumpin<\/strong> valinta Yhdysvaltain uudeksi Islannin-suurl\u00e4hettil\u00e4\u00e4ksi, missourilainen <strong>Billy Long<\/strong>, on kohun keskell\u00e4 julkisuuteen vuotaneen vitsins\u00e4 vuoksi. <a href=\"https:\/\/www.politico.com\/newsletters\/inside-congress\/2026\/01\/14\/more-floor-meltdowns-threaten-funding-bills-00727023\" target=\"_blank\" rel=\"noopener nofollow\">Politico-verkkolehti paljasti<\/a>, kuinka Long oli vitsaillut Washingtonissa Islannista Yhdysvaltain 52. osavaltiona ja itsest\u00e4\u00e4n osavaltion kuvern\u00f6\u00f6rin\u00e4.<\/p>\n<p class=\"paragraph\">Paljastus sai suuttuneet islantilaiset reagoimaan sek\u00e4 virallisella poliittisella tasolla ett\u00e4  kansalaisliikehdint\u00e4n\u00e4. Tuhansien islantilaisten <a href=\"https:\/\/www.theguardian.com\/world\/2026\/jan\/15\/anger-iceland-incoming-us-ambassador-52nd-state-joke\" target=\"_blank\" rel=\"noopener nofollow\">kerrotaan allekirjoittaneen vetoomuksen<\/a>, ett\u00e4 Islanti asettuisi virallisesti vastustamaan Trumpin ehdokkaan nimitt\u00e4mist\u00e4 Islannin-l\u00e4hettil\u00e4\u00e4ksi.<\/p>\n<p class=\"paragraph\">\u2013 Ulkoministeri\u00f6 on ottanut yhteytt\u00e4 Yhdysvaltain l\u00e4hetyst\u00f6\u00f6n varmistaakseen v\u00e4itettyjen kommenttien aitouden, Islannin ulkoministeri\u00f6 puolestaan kertoi medialle.<\/p>\n<p class=\"paragraph\">Islannin hallitsevan Vi\u00f0reisn-puolueen j\u00e4sen <strong>Sigmar Gu\u00f0mundsson<\/strong> huomauttaa paikallislehden haastattelussa, ett\u00e4 kommentit on pakko ottaa vakavasti ja ett\u00e4 vitsailu osoittaa kunnioituksen puutetta pieni\u00e4 maita kohtaan. H\u00e4n liitti keskusteluun Yhdysvaltain vakavat pyrkimykset saada Tanskalle kuuluva Gr\u00f6nlanti hallintaansa ja omistukseensa.<\/p>\n<p class=\"paragraph\">\u2013 Ei ole ep\u00e4ilyst\u00e4k\u00e4\u00e4n siit\u00e4, ett\u00e4 t\u00e4m\u00e4 on \u00e4\u00e4rimm\u00e4isen vakava asia pienelle maalle kuten Islannille. Meid\u00e4n t\u00e4ytyy ymm\u00e4rt\u00e4\u00e4, ett\u00e4 kaikki turvallisuusargumentit, jotka Yhdysvallat liitt\u00e4\u00e4 Gr\u00f6nlantiin, koskevat my\u00f6s Islantia, h\u00e4n sanoo.<\/p>\n<p class=\"paragraph\">Long itse ei pid\u00e4 asiaa vakavana, mutta h\u00e4n on kohun my\u00f6t\u00e4 pahoitellut vitsailuaan, <a href=\"https:\/\/www.arctictoday.com\/trumps-iceland-ambassador-pick-apologizes-for-52nd-state-comment\/\" target=\"_blank\" rel=\"noopener nofollow\">kertoo muun muassa Arctic Today<\/a>.<\/p>\n<p class=\"paragraph\">\u2013 Siin\u00e4 ei ollut mit\u00e4\u00e4n vakavaa. Olin sellaisten ihmisten seurassa, joita en ollut tavannut kolmeen vuoteen, ja k\u00e4ynniss\u00e4 oli vitsailu [Trumpin erityisl\u00e4hettil\u00e4s] <strong>Jeff Landryst\u00e4<\/strong> Gr\u00f6nlannin kuvern\u00f6\u00f6rin\u00e4, ja sitten he alkoivat vitsailla minusta. Jos joku loukkaantui siit\u00e4, pyyd\u00e4n anteeksi, Long sanoo.<\/p>\n<p class=\"paragraph\">Long sanoo pit\u00e4v\u00e4ns\u00e4 reaktiota ymm\u00e4rrett\u00e4v\u00e4n\u00e4 Yhdysvaltain Gr\u00f6nlanti-aikeiden valossa. H\u00e4n kuitenkin korosti, ett\u00e4 Islannin suhteen kyse oli vitsailusta.<\/p>\n<p class=\"paragraph\">\u2013 Pyyd\u00e4n anteeksi kommenttiani ja odotan p\u00e4\u00e4sev\u00e4ni ty\u00f6skentelem\u00e4\u00e4n Islannin kanssa kanssa, h\u00e4n sanoo Arctic Todayn mukaan.<\/p>\n<p class=\"paragraph\">Yhdysvaltain kongressi ei viel\u00e4 ole vahvistanut Longin, entisen republikaanien kongressiedustajan, pesti\u00e4 Islantiin.<\/p>\n","protected":false},"excerpt":{"rendered":"Donald Trumpin valitseman suurl\u00e4hettil\u00e4sehdokkaan puheet Islannista Yhdysvaltain 52. osavaltiona vuosivat julkisuuteen. Billy Longin mielest\u00e4 asia ei ole vakava,&hellip;\n","protected":false},"author":2,"featured_media":144396,"comment_status":"","ping_status":"","sticky":false,"template":"","format":"standard","meta":{"footnotes":""},"categories":[14],"tags":[35,22,23,26,27,33,31,30,17,24,25,28,29,15,18,21,142,637,144,32,19,20,56,16,638,59,60,61,143],"class_list":{"0":"post-144395","1":"post","2":"type-post","3":"status-publish","4":"format-standard","5":"has-post-thumbnail","7":"category-ulkomaat","8":"tag-24h","9":"tag-breaking-news","10":"tag-breakingnews","11":"tag-featured-news","12":"tag-featurednews","13":"tag-fi","14":"tag-finland","15":"tag-finnish","16":"tag-headlines","17":"tag-latest-news","18":"tag-latestnews","19":"tag-main-news","20":"tag-mainnews","21":"tag-news","22":"tag-otsikot","23":"tag-paauutiset","24":"tag-poliitikot","25":"tag-politiikka","26":"tag-presidentti","27":"tag-suomi","28":"tag-top-stories","29":"tag-topstories","30":"tag-ulkomaat","31":"tag-uutiset","32":"tag-valtiovalta","33":"tag-world","34":"tag-world-news","35":"tag-worldnews","36":"tag-yhdysvaltain-politiikka"},"share_on_mastodon":{"url":"https:\/\/pubeurope.com\/@fi\/115907435240763075","error":""},"_links":{"self":[{"href":"https:\/\/www.europesays.com\/fi\/wp-json\/wp\/v2\/posts\/144395","targetHints":{"allow":["GET"]}}],"collection":[{"href":"https:\/\/www.europesays.com\/fi\/wp-json\/wp\/v2\/posts"}],"about":[{"href":"https:\/\/www.europesays.com\/fi\/wp-json\/wp\/v2\/types\/post"}],"author":[{"embeddable":true,"href":"https:\/\/www.europesays.com\/fi\/wp-json\/wp\/v2\/users\/2"}],"replies":[{"embeddable":true,"href":"https:\/\/www.europesays.com\/fi\/wp-json\/wp\/v2\/comments?post=144395"}],"version-history":[{"count":0,"href":"https:\/\/www.europesays.com\/fi\/wp-json\/wp\/v2\/posts\/144395\/revisions"}],"wp:featuredmedia":[{"embeddable":true,"href":"https:\/\/www.europesays.com\/fi\/wp-json\/wp\/v2\/media\/144396"}],"wp:attachment":[{"href":"https:\/\/www.europesays.com\/fi\/wp-json\/wp\/v2\/media?parent=144395"}],"wp:term":[{"taxonomy":"category","embeddable":true,"href":"https:\/\/www.europesays.com\/fi\/wp-json\/wp\/v2\/categories?post=144395"},{"taxonomy":"post_tag","embeddable":true,"href":"https:\/\/www.europesays.com\/fi\/wp-json\/wp\/v2\/tags?post=144395"}],"curies":[{"name":"wp","href":"https:\/\/api.w.org\/{rel}","templated":true}]}}