{"id":144399,"date":"2026-01-16T23:45:07","date_gmt":"2026-01-16T23:45:07","guid":{"rendered":"https:\/\/www.europesays.com\/fi\/144399\/"},"modified":"2026-01-16T23:45:07","modified_gmt":"2026-01-16T23:45:07","slug":"lopputulosta-ei-tietenkaan-sivuuteta-hjkn-hallinta-ei-riittanyt-pisteille-uutiset","status":"publish","type":"post","link":"https:\/\/www.europesays.com\/fi\/144399\/","title":{"rendered":"&#8221;Lopputulosta ei tietenk\u00e4\u00e4n sivuuteta&#8221; &#8211; HJK:n hallinta ei riitt\u00e4nyt pisteille | Uutiset"},"content":{"rendered":"<p>&#13;<br \/>\n\tNoin viikon valmistautumisen j\u00e4lkeen vuoden ensimm\u00e4iseen peliin l\u00e4htenyt Klubi v\u00e4l\u00e4ytteli n\u00e4ytt\u00e4vi\u00e4 hy\u00f6kk\u00e4yskomboja ja ahnasta pr\u00e4ssi\u00e4, mutta tulos j\u00e4i Talin hallissa tekem\u00e4tt\u00e4.&#13;\n<\/p>\n<p>&#13;<br \/>\n\tHJK l\u00e4hti peliin varsin nuorella kokoonpanolla. Avauksesta l\u00f6ytyi useita nuoriso-osaston edustajia Emil Leve\u00e4lahdesta, Antton Nylundista ja Toivo Merosta l\u00e4htien jo aiemmin liigajoukkueeseen murtautuneisiin Pyry Mentuun ja Kaius Simojokeen. Lis\u00e4ksi vaihtopenkin puolelta omat mahdollisuutensa saivat HJK Klubi 04:ss\u00e4 viime kaudella isossa roolissa pelanneet Otto Hannula, Stanislav Baranov ja Ville Vuorinen sek\u00e4 lainalta palannut Matias Ritari.&#13;\n<\/p>\n<p>&#13;<br \/>\n\tSyksyll\u00e4 Youth Leaguessa s\u00e4v\u00e4ytt\u00e4neet Jay De Nascimento ja joukkueen 16-vuotias kuopus Nicklas Kroupkin saivat my\u00f6s toisella jaksolla ensiesiintymisens\u00e4 edustusjoukkueessa.&#13;\n<\/p>\n<p>&#13;<br \/>\n\tMaalittoman avausjakson j\u00e4lkeen IFK Mariehamn sai tuulettaa vuoden ensimm\u00e4ist\u00e4 osumaa. Jiri Nissinen karkasi oikealta laidalta yksin l\u00e4pi, ja HJK-vahti Issam El Maach torjui h\u00e4nen ensimm\u00e4isen viimeistely-yrityksens\u00e4. Torjunnan j\u00e4lkeisen paluupallon Nissinen p\u00e4\u00e4si kuitenkin tuikkaamaan tyhj\u00e4\u00e4n maaliin.&#13;\n<\/p>\n<p>&#13;<br \/>\n\tKlubilla oli mahdollisuudet avata maalihanat itsekin, mutta maalipaikoissa ruuti oli m\u00e4rk\u00e4\u00e4, eiv\u00e4tk\u00e4 viimeistelyt osuneet tolppien v\u00e4liin. Lopussa tasoitus roikkui ilmassa, mutta p\u00e4\u00e4t\u00f6svihellyksen soidessa tulostaulu n\u00e4ytti HJK:lle nollaa.&#13;\n<\/p>\n<p>&#13;<br \/>\n\t\u2013 Peli oli pitki\u00e4 jaksoja meid\u00e4n kontrollissa. Saimme joko riistetty\u00e4 pallon ylh\u00e4\u00e4lt\u00e4 tai pakotettua vastustajan pidempiin sy\u00f6tt\u00f6ihin, joista pallo j\u00e4i meille. Pallon liikuttamisessa oli n\u00e4ht\u00e4viss\u00e4 sellaista yhteisty\u00f6t\u00e4 ja toimintaa, jonka per\u00e4ss\u00e4 me olemme. N\u00e4ihin asioihin voimme olla tyytyv\u00e4isi\u00e4, HJK:n p\u00e4\u00e4valmentaja Joonas Rantanen kommentoi ottelua.&#13;\n<\/p>\n<p>&#13;<br \/>\n\t\u2013 Toisella jaksolla et\u00e4isyydet alkoivat kasvaa ja hyv\u00e4t paineistamiset j\u00e4iv\u00e4t v\u00e4hiin. Toisaalta taas loimme hyv\u00e4n m\u00e4\u00e4r\u00e4n paikkoja, viimeistely vain j\u00e4i vajaaksi.&#13;\n<\/p>\n<p>&#13;<br \/>\n\tTulos j\u00e4i kuitenkin kaivelemaan Rantasta.&#13;\n<\/p>\n<p>&#13;<br \/>\n\t\u2013 IFK sai parista nopeasta hy\u00f6kk\u00e4yksest\u00e4 paikkansa ja teki yhdest\u00e4 maalin. Lopputulosta ei tietenk\u00e4\u00e4n sivuuteta emmek\u00e4 siihen ole tyytyv\u00e4isi\u00e4. N\u00e4imme kuitenkin peliss\u00e4 tiettyj\u00e4 hyvi\u00e4 asioita sek\u00e4 useammalta nuorelta pelaajalta kelvollisen esityksen. Ty\u00f6 jatkuu ja ensi viikko vie meit\u00e4 taas eteenp\u00e4in.&#13;\n<\/p>\n<p style=\"width: 100%; height: 0; padding-bottom: 56.25%; position: relative;\">\n","protected":false},"excerpt":{"rendered":"&#13; Noin viikon valmistautumisen j\u00e4lkeen vuoden ensimm\u00e4iseen peliin l\u00e4htenyt Klubi v\u00e4l\u00e4ytteli n\u00e4ytt\u00e4vi\u00e4 hy\u00f6kk\u00e4yskomboja ja ahnasta pr\u00e4ssi\u00e4, mutta tulos&hellip;\n","protected":false},"author":2,"featured_media":144400,"comment_status":"","ping_status":"","sticky":false,"template":"","format":"standard","meta":{"footnotes":""},"categories":[5],"tags":[22,23,26,27,33,31,30,17,24,25,28,29,15,18,21,32,19,20,16],"class_list":{"0":"post-144399","1":"post","2":"type-post","3":"status-publish","4":"format-standard","5":"has-post-thumbnail","7":"category-otsikot","8":"tag-breaking-news","9":"tag-breakingnews","10":"tag-featured-news","11":"tag-featurednews","12":"tag-fi","13":"tag-finland","14":"tag-finnish","15":"tag-headlines","16":"tag-latest-news","17":"tag-latestnews","18":"tag-main-news","19":"tag-mainnews","20":"tag-news","21":"tag-otsikot","22":"tag-paauutiset","23":"tag-suomi","24":"tag-top-stories","25":"tag-topstories","26":"tag-uutiset"},"share_on_mastodon":{"url":"https:\/\/pubeurope.com\/@fi\/115907442963750214","error":""},"_links":{"self":[{"href":"https:\/\/www.europesays.com\/fi\/wp-json\/wp\/v2\/posts\/144399","targetHints":{"allow":["GET"]}}],"collection":[{"href":"https:\/\/www.europesays.com\/fi\/wp-json\/wp\/v2\/posts"}],"about":[{"href":"https:\/\/www.europesays.com\/fi\/wp-json\/wp\/v2\/types\/post"}],"author":[{"embeddable":true,"href":"https:\/\/www.europesays.com\/fi\/wp-json\/wp\/v2\/users\/2"}],"replies":[{"embeddable":true,"href":"https:\/\/www.europesays.com\/fi\/wp-json\/wp\/v2\/comments?post=144399"}],"version-history":[{"count":0,"href":"https:\/\/www.europesays.com\/fi\/wp-json\/wp\/v2\/posts\/144399\/revisions"}],"wp:featuredmedia":[{"embeddable":true,"href":"https:\/\/www.europesays.com\/fi\/wp-json\/wp\/v2\/media\/144400"}],"wp:attachment":[{"href":"https:\/\/www.europesays.com\/fi\/wp-json\/wp\/v2\/media?parent=144399"}],"wp:term":[{"taxonomy":"category","embeddable":true,"href":"https:\/\/www.europesays.com\/fi\/wp-json\/wp\/v2\/categories?post=144399"},{"taxonomy":"post_tag","embeddable":true,"href":"https:\/\/www.europesays.com\/fi\/wp-json\/wp\/v2\/tags?post=144399"}],"curies":[{"name":"wp","href":"https:\/\/api.w.org\/{rel}","templated":true}]}}