{"id":144414,"date":"2026-01-17T00:10:10","date_gmt":"2026-01-17T00:10:10","guid":{"rendered":"https:\/\/www.europesays.com\/fi\/144414\/"},"modified":"2026-01-17T00:10:10","modified_gmt":"2026-01-17T00:10:10","slug":"mysteeripakettien-myyja-torjuu-huijausepailyt-suomessa-paketteja-hukkuu-nain-paljon","status":"publish","type":"post","link":"https:\/\/www.europesays.com\/fi\/144414\/","title":{"rendered":"Mysteeripakettien myyj\u00e4 torjuu huijausep\u00e4ilyt \u2013 Suomessa paketteja \u201dhukkuu\u201d n\u00e4in paljon"},"content":{"rendered":"<p>Vastaanottaja j\u00e4\u00e4 tavoittamatta tavallisimmin puutteellisten osoitetietojen vuoksi.<\/p>\n<p>Yll\u00e4olevalla videolla avataan kaksi mysteeripakettia.<\/p>\n<p>16.1. 19:10<\/p>\n<p class=\"article-body mb-nof-24 px-nof-16\">Kuljetus- ja kuriiriyhti\u00f6t toimittavat yksin suomalaisille vuosittain miljoonia paketteja, joista osa ei kuitenkaan l\u00f6yd\u00e4 vastaanottajaansa. N\u00e4ist\u00e4 osa taas ei palaa takaisin l\u00e4hett\u00e4j\u00e4llek\u00e4\u00e4n.<\/p>\n<p class=\"article-body mb-nof-24 px-nof-16\">Parhaillaan helsinkil\u00e4isess\u00e4 kauppakeskuksessa t\u00e4llaisia kadonneita paketteja myyd\u00e4\u00e4n kuluttajille, jotka maksavat niist\u00e4 kilohinnan tiet\u00e4m\u00e4tt\u00e4, mit\u00e4 sis\u00e4lt\u00e4 l\u00f6ytyy. Pakettien myyj\u00e4, ranskalainen King Colis kertoo hankkineensa kauppatavaransa muualta Euroopasta.<\/p>\n<p class=\"article-body mb-nof-24 px-nof-16\">Verkkokeskusteluissa on kummasteltu, miksi eri ostajat saattavat l\u00f6yt\u00e4\u00e4 paketeista tismalleen samaa tavaraa. On my\u00f6s ep\u00e4ilty, ett\u00e4 yhti\u00f6 ostaa osan myym\u00e4st\u00e4\u00e4n tavarasta netin halpakaupasta ja pakkaa sen myyt\u00e4v\u00e4ksi muka kadonneena pakettina.<\/p>\n<p><img decoding=\"async\" src=\"https:\/\/www.europesays.com\/fi\/wp-content\/uploads\/2026\/01\/1768608609_62_468.jpg\" alt=\"King Colisin paketteja Helsingin Kampissa tammikuun alussa.\" class=\"_Img_1rerz_1\" style=\"aspect-ratio:1.5\" loading=\"eager\"\/><\/p>\n<p class=\"article-picture-caption\">King Colisin paketteja Helsingin Kampissa tammikuun alussa. Kuva:\u00a0Lassi Rinne<\/p>\n<p class=\"article-body mb-nof-24 px-nof-16\">Toinen King Colisin perustajista ja sen toimitusjohtajana toimiva <a class=\"font-bold underline-offset-[0.12em] [text-decoration:var(--person-link-text-decoration)] ![text-decoration-color:var(--person-link-text-decoration-color)]\" href=\"https:\/\/www.is.fi\/haku\/?query=Kilian%20Denis\" rel=\"nofollow noopener\" target=\"_blank\">Kilian Denis<\/a> pit\u00e4\u00e4 asiakkaiden huolia ihan oikeutettuina, mutta sanoo v\u00e4itteiden olevan \u201dsataprosenttisesti v\u00e4\u00e4ri\u00e4\u201d. H\u00e4nen mukaansa pakettien myyj\u00e4t ovat antaneet kaikista paketeista todistuksensa, jonka mukaan ne todella ovat toimittamatta j\u00e4\u00e4neit\u00e4 paketteja.<\/p>\n<p class=\"article-body mb-nof-24 px-nof-16\">\u2013\u2009Ehk\u00e4 n\u00e4m\u00e4 huolet johtuvat siit\u00e4, ett\u00e4 joskus paketeista paljastuu \u201dk\u00e4ytettyj\u00e4\u201d tavaroita, mist\u00e4 ihmiset pettyv\u00e4t. T\u00e4m\u00e4 on kuitenkin aivan normaalia, sill\u00e4 my\u00f6s palautustuotteita joutuu hukkaan, Denis sanoo Ilta-Sanomille.<\/p>\n<p class=\"article-body mb-nof-24 px-nof-16\">Lue lis\u00e4\u00e4: <a class=\"underline underline-offset-[0.12em] [text-decoration-thickness:var(--generic-link-underline-thickness)] [text-decoration-color:var(--generic-link-underline-color)] [text-decoration-skip-ink:var(--generic-link-underline-skip-ink)] break-words\" href=\"https:\/\/www.is.fi\/taloussanomat\/art-2000011746450.html\" rel=\"nofollow noopener\" target=\"_blank\">Ostimme kaksi mysteeripakettia 40 eurolla \u2013 n\u00e4in k\u00e4vi, kun paketit avattiin<\/a><\/p>\n<p class=\"article-body mb-nof-24 px-nof-16\">Selitys l\u00f6ytyy my\u00f6s sille, miksi useasta paketista saattaa l\u00f6yty\u00e4 samaa tavaraa. Denis sanoo, ett\u00e4 hukatut paketit heijastavat vallitsevia trendej\u00e4.<\/p>\n<p class=\"article-body mb-nof-24 px-nof-16\">\u2013\u2009Jos jokin tuote nousee hittituotteeksi, l\u00f6ytyy sit\u00e4 hyvin todenn\u00e4k\u00f6isesti my\u00f6s hukattujen pakettien joukosta. Toiseksi, my\u00f6s yritykselt\u00e4 toiselle menevi\u00e4 paketteja hukkuu, Denis sanoo.<\/p>\n<p class=\"article-body mb-nof-24 px-nof-16\">\u2013\u2009Ja kuten tied\u00e4mme, yrityksill\u00e4 on tapana tilata yht\u00e4 tuotetta useampia kappaleita.<\/p>\n<p class=\"article-body mb-nof-24 px-nof-16\">Suomessakin paketteja niin sanotusti hukkuu. Matkahuollon pakettipalveluista vastaava liiketoimintap\u00e4\u00e4llikk\u00f6 <a class=\"font-bold underline-offset-[0.12em] [text-decoration:var(--person-link-text-decoration)] ![text-decoration-color:var(--person-link-text-decoration-color)]\" href=\"https:\/\/www.is.fi\/haku\/?query=Ranja%20Paasivirta\" rel=\"nofollow noopener\" target=\"_blank\">Ranja Paasivirta<\/a> kertoo Ilta-Sanomille, ett\u00e4 yleisin syy siihen, miksi l\u00e4hetyst\u00e4 ei saada vastaanottajalle perille on se, ett\u00e4 vastaanottaja ei nouda l\u00e4hetyst\u00e4 noutopisteest\u00e4.<\/p>\n<p class=\"article-body mb-nof-24 px-nof-16\">\u2013\u2009Yksi syy, miksi kuluttaja ei nouda pakettiaan on se, ett\u00e4 l\u00e4hetyksen s\u00e4hk\u00f6isiss\u00e4 tiedoissa on v\u00e4\u00e4r\u00e4t tai keksityt vastaanottajan kontaktitiedot, Paasivirta sanoo.<\/p>\n<p class=\"article-body mb-nof-24 px-nof-16\">H\u00e4nen mukaansa koko kuluttajille menev\u00e4st\u00e4 pakettim\u00e4\u00e4r\u00e4st\u00e4 v\u00e4hemm\u00e4n kuin yksi prosentti ei tavoita vastaanottajaansa. Enin osa n\u00e4ist\u00e4kin l\u00e4hetyksist\u00e4 palautuu l\u00e4hett\u00e4j\u00e4lle.<\/p>\n<p class=\"article-body mb-nof-24 px-nof-16\">\u2013 Mik\u00e4li emme tavoittaisi my\u00f6sk\u00e4\u00e4n alkuper\u00e4ist\u00e4 l\u00e4hett\u00e4j\u00e4\u00e4, l\u00e4hetys voidaan h\u00e4vitt\u00e4\u00e4 tai ohjata kierr\u00e4tykseen 60 p\u00e4iv\u00e4n j\u00e4lkeen kuljetusehtojemme mukaisesti. T\u00e4llaisia l\u00e4hetyksi\u00e4 on \u00e4\u00e4rimm\u00e4isen v\u00e4h\u00e4n, Paasivirta sanoo.<\/p>\n<p class=\"article-body mb-nof-24 px-nof-16\">Postnordin viestinn\u00e4st\u00e4 kerrotaan Ilta-Sanomille, ett\u00e4 ep\u00e4selvi\u00e4 paketteja yhti\u00f6ll\u00e4 on kuukausittain joistakin kymmenist\u00e4 kappaleista pariin sataan kappaletta.<\/p>\n<p class=\"article-body mb-nof-24 px-nof-16\">\u2013\u2009Satojentuhansien kuukausittain toimitettavien pakettien joukossa m\u00e4\u00e4r\u00e4 on siis hyvin pieni, Postnordin viestint\u00e4johtaja <a class=\"font-bold underline-offset-[0.12em] [text-decoration:var(--person-link-text-decoration)] ![text-decoration-color:var(--person-link-text-decoration-color)]\" href=\"https:\/\/www.is.fi\/haku\/?query=Katja%20Luotola\" rel=\"nofollow noopener\" target=\"_blank\">Katja Luotola<\/a> sanoo.<\/p>\n<p><img decoding=\"async\" src=\"https:\/\/www.europesays.com\/fi\/wp-content\/uploads\/2026\/01\/1768430588_967_468.jpg\" alt=\"Mysteeripakettien myynti aiheutti pitki\u00e4 jonoja Kampin kauppakeskukseen.\" class=\"_Img_1rerz_1\" style=\"aspect-ratio:1.5\" loading=\"eager\"\/><\/p>\n<p class=\"article-picture-caption\">Mysteeripakettien myynti aiheutti pitki\u00e4 jonoja Kampin kauppakeskukseen. Kuva:\u00a0Lassi Rinne<\/p>\n<p class=\"article-body mb-nof-24 px-nof-16\">Vastaanottaja j\u00e4\u00e4 tavoittamatta, jos paketissa ei ole riitt\u00e4vi\u00e4 tunnistetietoja. Huonosti kiinnitetty pakettikortti on saattanut kadota tai siit\u00e4 on jostain syyst\u00e4 tullut lukukelvoton. K\u00e4sin kirjoitetussa palautuskoodissa taas saattaa olla virhe tai se puuttuu paketista kokonaan.<\/p>\n<p class=\"article-body mb-nof-24 px-nof-16\">Postin tuotantojohtaja <a class=\"font-bold underline-offset-[0.12em] [text-decoration:var(--person-link-text-decoration)] ![text-decoration-color:var(--person-link-text-decoration-color)]\" href=\"https:\/\/www.is.fi\/haku\/?query=Mikko%20Hoikkala\" rel=\"nofollow noopener\" target=\"_blank\">Mikko Hoikkala<\/a> kommentoi vain lyhyesti ja sanoo, ett\u00e4 Posti ei liity mitenk\u00e4\u00e4n n\u00e4iden tuotteiden myyntiin. Postin toimittamatta j\u00e4\u00e4vien pakettien m\u00e4\u00e4r\u00e4\u00e4k\u00e4\u00e4n h\u00e4n ei kommentoi, vaan sanoo Postin noudattavan asiakkaidensa kanssa sovittuja k\u00e4yt\u00e4nt\u00f6j\u00e4.<\/p>\n","protected":false},"excerpt":{"rendered":"Vastaanottaja j\u00e4\u00e4 tavoittamatta tavallisimmin puutteellisten osoitetietojen vuoksi. Yll\u00e4olevalla videolla avataan kaksi mysteeripakettia. 16.1. 19:10 Kuljetus- ja kuriiriyhti\u00f6t toimittavat&hellip;\n","protected":false},"author":2,"featured_media":144415,"comment_status":"","ping_status":"","sticky":false,"template":"","format":"standard","meta":{"footnotes":""},"categories":[12],"tags":[22,23,26,27,33,31,30,17,34,24,25,28,29,15,18,21,32,19,20,16],"class_list":{"0":"post-144414","1":"post","2":"type-post","3":"status-publish","4":"format-standard","5":"has-post-thumbnail","7":"category-suomi","8":"tag-breaking-news","9":"tag-breakingnews","10":"tag-featured-news","11":"tag-featurednews","12":"tag-fi","13":"tag-finland","14":"tag-finnish","15":"tag-headlines","16":"tag-ilta-sanomat","17":"tag-latest-news","18":"tag-latestnews","19":"tag-main-news","20":"tag-mainnews","21":"tag-news","22":"tag-otsikot","23":"tag-paauutiset","24":"tag-suomi","25":"tag-top-stories","26":"tag-topstories","27":"tag-uutiset"},"share_on_mastodon":{"url":"https:\/\/pubeurope.com\/@fi\/115907541400794538","error":""},"_links":{"self":[{"href":"https:\/\/www.europesays.com\/fi\/wp-json\/wp\/v2\/posts\/144414","targetHints":{"allow":["GET"]}}],"collection":[{"href":"https:\/\/www.europesays.com\/fi\/wp-json\/wp\/v2\/posts"}],"about":[{"href":"https:\/\/www.europesays.com\/fi\/wp-json\/wp\/v2\/types\/post"}],"author":[{"embeddable":true,"href":"https:\/\/www.europesays.com\/fi\/wp-json\/wp\/v2\/users\/2"}],"replies":[{"embeddable":true,"href":"https:\/\/www.europesays.com\/fi\/wp-json\/wp\/v2\/comments?post=144414"}],"version-history":[{"count":0,"href":"https:\/\/www.europesays.com\/fi\/wp-json\/wp\/v2\/posts\/144414\/revisions"}],"wp:featuredmedia":[{"embeddable":true,"href":"https:\/\/www.europesays.com\/fi\/wp-json\/wp\/v2\/media\/144415"}],"wp:attachment":[{"href":"https:\/\/www.europesays.com\/fi\/wp-json\/wp\/v2\/media?parent=144414"}],"wp:term":[{"taxonomy":"category","embeddable":true,"href":"https:\/\/www.europesays.com\/fi\/wp-json\/wp\/v2\/categories?post=144414"},{"taxonomy":"post_tag","embeddable":true,"href":"https:\/\/www.europesays.com\/fi\/wp-json\/wp\/v2\/tags?post=144414"}],"curies":[{"name":"wp","href":"https:\/\/api.w.org\/{rel}","templated":true}]}}