{"id":144426,"date":"2026-01-17T00:35:07","date_gmt":"2026-01-17T00:35:07","guid":{"rendered":"https:\/\/www.europesays.com\/fi\/144426\/"},"modified":"2026-01-17T00:35:07","modified_gmt":"2026-01-17T00:35:07","slug":"poikkeuksellista-trump-kiitti-irania-teloitusten-peruuttamisesta-uutisia-lyhyesti","status":"publish","type":"post","link":"https:\/\/www.europesays.com\/fi\/144426\/","title":{"rendered":"Poikkeuksellista: Trump kiitti Irania teloitusten peruuttamisesta | Uutisia lyhyesti"},"content":{"rendered":"<p class=\"aw-1gybjub aw-5vja16 kEtdKx kmuxyA yle__article__paragraph\">Trump on antanut ymm\u00e4rt\u00e4\u00e4, ett\u00e4 Yhdysvallat voisi iske\u00e4 Iraniin sotilaallisesti, jos hallitus ryhtyisi joukkomurhiin laajojen mielenosoitusten aikana.<\/p>\n<p><img decoding=\"async\" alt=\"Trumpin ymp\u00e4rill\u00e4 parveilee lehdist\u00f6\u00e4.\" src=\"https:\/\/www.europesays.com\/fi\/wp-content\/uploads\/2026\/01\/39-1583007696a8a4c8b253.jpeg\" class=\"aw-1l9m598 hKVVvP\"\/><\/p>\n<p>Avaa kuvien katselu<\/p>\n<p>Trump puhui toimittajille Valkoisen talon edustalla perjantaina. Kuva: Brendan Smialowski \/ AFP<\/p>\n<p class=\"aw-1gybjub aw-1p7kakr kEtdKx cEmitX yle__article__paragraph\">Yhdysvaltain presidentti <strong class=\"aw-ak79eh KyCXm yle__article__strong\">Donald Trump<\/strong> teki perjantaina harvinaisen eleen kiitt\u00e4ess\u00e4\u00e4n Iranin hallitusta siit\u00e4, ett\u00e4 se peruutti suunnittelemansa teloitukset. Trumpin mukaan Iran suunnitteli satojen poliittisten vankien teloittamista.<\/p>\n<p class=\"aw-1gybjub aw-1p7kakr kEtdKx cEmitX yle__article__paragraph\">\u2013 Iran peruutti yli 800 ihmisen hirtt\u00e4misen, Trump kertoi toimittajille Valkoisessa talossa.<\/p>\n<p class=\"aw-1gybjub aw-1p7kakr kEtdKx cEmitX yle__article__paragraph\">\u2013 Arvostan suuresti sit\u00e4, ett\u00e4 he peruivat ne.<\/p>\n<p class=\"aw-1gybjub aw-1p7kakr kEtdKx cEmitX yle__article__paragraph\">Trump on antanut ymm\u00e4rt\u00e4\u00e4, ett\u00e4 Yhdysvallat voisi iske\u00e4 Iraniin sotilaallisesti, jos hallitus ryhtyisi joukkomurhiin laajojen mielenosoitusten aikana.<\/p>\n<p class=\"aw-1gybjub aw-1p7kakr kEtdKx cEmitX yle__article__paragraph\">Trump kuitenkin vihjasi, ett\u00e4 Yhdysvaltain sotilaallisen v\u00e4liintulon mahdollisuus on hiipumassa, koska Iran pid\u00e4tt\u00e4ytyi teloituksista.<\/p>\n<p class=\"aw-1gybjub aw-1p7kakr kEtdKx cEmitX yle__article__paragraph\">Aktivistien mukaan mielenosoitusten uhriluku jatkaa nousuaan.<\/p>\n<p class=\"aw-1gybjub aw-1p7kakr kEtdKx cEmitX yle__article__paragraph\">L\u00e4hde: AP<\/p>\n","protected":false},"excerpt":{"rendered":"Trump on antanut ymm\u00e4rt\u00e4\u00e4, ett\u00e4 Yhdysvallat voisi iske\u00e4 Iraniin sotilaallisesti, jos hallitus ryhtyisi joukkomurhiin laajojen mielenosoitusten aikana. Avaa&hellip;\n","protected":false},"author":2,"featured_media":144427,"comment_status":"","ping_status":"","sticky":false,"template":"","format":"standard","meta":{"footnotes":""},"categories":[14],"tags":[22,23,585,26,27,33,31,30,17,3648,24,25,996,28,29,15,18,21,32,19,20,56,16,59,60,61,619],"class_list":{"0":"post-144426","1":"post","2":"type-post","3":"status-publish","4":"format-standard","5":"has-post-thumbnail","7":"category-ulkomaat","8":"tag-breaking-news","9":"tag-breakingnews","10":"tag-donald-trump","11":"tag-featured-news","12":"tag-featurednews","13":"tag-fi","14":"tag-finland","15":"tag-finnish","16":"tag-headlines","17":"tag-iran","18":"tag-latest-news","19":"tag-latestnews","20":"tag-levottomuudet","21":"tag-main-news","22":"tag-mainnews","23":"tag-news","24":"tag-otsikot","25":"tag-paauutiset","26":"tag-suomi","27":"tag-top-stories","28":"tag-topstories","29":"tag-ulkomaat","30":"tag-uutiset","31":"tag-world","32":"tag-world-news","33":"tag-worldnews","34":"tag-yhdysvallat"},"share_on_mastodon":{"url":"https:\/\/pubeurope.com\/@fi\/115907639640746498","error":""},"_links":{"self":[{"href":"https:\/\/www.europesays.com\/fi\/wp-json\/wp\/v2\/posts\/144426","targetHints":{"allow":["GET"]}}],"collection":[{"href":"https:\/\/www.europesays.com\/fi\/wp-json\/wp\/v2\/posts"}],"about":[{"href":"https:\/\/www.europesays.com\/fi\/wp-json\/wp\/v2\/types\/post"}],"author":[{"embeddable":true,"href":"https:\/\/www.europesays.com\/fi\/wp-json\/wp\/v2\/users\/2"}],"replies":[{"embeddable":true,"href":"https:\/\/www.europesays.com\/fi\/wp-json\/wp\/v2\/comments?post=144426"}],"version-history":[{"count":0,"href":"https:\/\/www.europesays.com\/fi\/wp-json\/wp\/v2\/posts\/144426\/revisions"}],"wp:featuredmedia":[{"embeddable":true,"href":"https:\/\/www.europesays.com\/fi\/wp-json\/wp\/v2\/media\/144427"}],"wp:attachment":[{"href":"https:\/\/www.europesays.com\/fi\/wp-json\/wp\/v2\/media?parent=144426"}],"wp:term":[{"taxonomy":"category","embeddable":true,"href":"https:\/\/www.europesays.com\/fi\/wp-json\/wp\/v2\/categories?post=144426"},{"taxonomy":"post_tag","embeddable":true,"href":"https:\/\/www.europesays.com\/fi\/wp-json\/wp\/v2\/tags?post=144426"}],"curies":[{"name":"wp","href":"https:\/\/api.w.org\/{rel}","templated":true}]}}