{"id":144443,"date":"2026-01-17T01:01:07","date_gmt":"2026-01-17T01:01:07","guid":{"rendered":"https:\/\/www.europesays.com\/fi\/144443\/"},"modified":"2026-01-17T01:01:07","modified_gmt":"2026-01-17T01:01:07","slug":"trump-naytti-putinille-miten-oikeat-suurvallat-toimivat","status":"publish","type":"post","link":"https:\/\/www.europesays.com\/fi\/144443\/","title":{"rendered":"Trump n\u00e4ytti Putinille, miten oikeat suurvallat toimivat"},"content":{"rendered":"<p>P\u00e4\u00e4kirjoitus|Ven\u00e4j\u00e4ll\u00e4 on havaittavissa innostusta Trumpin etupiiripuheista ja voimapolitiikan korostamisesta. Trumpin operaatio Caracasissa kuitenkin osoitti, mihin Ven\u00e4j\u00e4 ei kykene.<\/p>\n<p class=\"article-body mb-nof-24 px-nof-16\">Viel\u00e4 \u00e4skett\u00e4in Ven\u00e4j\u00e4 oli Venezuelan diktaattorin Nicol\u00e1s Maduron t\u00e4rkeimpi\u00e4 tukijoita ja liittolaisia.<\/p>\n<p class=\"article-body mb-nof-24 px-nof-16\">Ven\u00e4j\u00e4 toimitti Venezuelalle j\u00e4re\u00e4\u00e4 aseistusta ja my\u00f6nsi avok\u00e4tisi\u00e4 lainoja. Ven\u00e4j\u00e4n johtajalla Vladimir Putinilla n\u00e4ytti aina olevan aikaa keskustella Maduron kanssa. Strateginen kumppanuuskin solmittiin.<\/p>\n<p class=\"article-body mb-nof-24 px-nof-16\">Mutta kun Yhdysvaltojen erikoisjoukot k\u00e4viv\u00e4t tammikuun alussa Caracasissa, Moskovassa ei metel\u00f6ity brooklynilaiseen tyrm\u00e4\u00e4n siirretyn Maduron kohtalosta. Ven\u00e4j\u00e4n ulkoministeri\u00f6 esitti tavanomaiset vuorosanansa ja tuomitsi iskun r\u00e4ike\u00e4ksi, mutta kukaan, jonka kannalla olisi oikeasti merkityst\u00e4, ei sanonut mit\u00e4\u00e4n.<\/p>\n<p class=\"article-body mb-nof-24 px-nof-16\">T\u00e4ss\u00e4 ei sin\u00e4ns\u00e4 ole mit\u00e4\u00e4n uutta. Ven\u00e4j\u00e4n keinot tukea ongelmiin joutuneita liittolaisiaan ovat olleet pitk\u00e4\u00e4n rajalliset. Sen sai huomata my\u00f6s Syyrian diktaattori Bashar al-Assad, joka siirsi toissa vuonna leirins\u00e4 Moskovaan. Uskonnolla omaa diktatuuriaan perustelevan Iranin johdon ei my\u00f6sk\u00e4\u00e4n kannata odottaa apua Moskovasta, jos Iranin korruptoitunut ja v\u00e4kivaltainen j\u00e4rjestelm\u00e4 romahtaa.<\/p>\n<p class=\"article-body mb-nof-24 px-nof-16\">Putinilla on tapana pysy\u00e4 hiljaa, kun asiat eiv\u00e4t suju tai ovat h\u00e4nelle kiusallisia. Se on ollut h\u00e4nen toimintatapansa valtakauden alusta asti.<\/p>\n<p class=\"article-body mb-nof-24 px-nof-16\">Moskovan p\u00e4\u00e4tt\u00e4jien hiljaisuus on nyt tavallistakin syvemp\u00e4\u00e4. Se tuli ilmi, kun Yhdysvallat pys\u00e4ytti Ven\u00e4j\u00e4n lipun alla kulkeneen Venezuelasta l\u00e4hteneen laivan Atlantilla. Viel\u00e4 jokin aika sitten ydinaseillaan uhkaillut Ven\u00e4j\u00e4 reagoi ensi alkuun liikenneministeri\u00f6ns\u00e4 tiedotteella.<\/p>\n<p class=\"article-body mb-nof-24 px-nof-16\">Viime vuosikymmenell\u00e4 Ven\u00e4j\u00e4n asema etenkin L\u00e4hi-id\u00e4ss\u00e4 voimistui. Kun Ven\u00e4j\u00e4 l\u00e4hetti h\u00e4vitt\u00e4j\u00e4ns\u00e4 al-Assadin tueksi, se kertoi muillekin olevansa valmis auttamaan liittolaisiaan. Se oli selke\u00e4 viesti L\u00e4hi-id\u00e4n tyranneille, jotka olivat kyll\u00e4 huomanneet, ett\u00e4 Yhdysvallat antoi Egyptin itsevaltiaan Hosni Mubarakin kaatua.<\/p>\n<p class=\"article-body mb-nof-24 px-nof-16\">Nyt Ven\u00e4j\u00e4 tuhlaa resursseja hy\u00f6kk\u00e4yssodassaan Ukrainassa, mik\u00e4 on heikent\u00e4nyt maan asemaa globaalisti. Ven\u00e4j\u00e4n kyvykkyys on paljon Kremlin kunnianhimoa rajoitetumpi. Siksi Ven\u00e4j\u00e4 ei juuri pystyisi tukemaan vanhoja liittolaisiaan, vaikka haluaisikin.<\/p>\n<blockquote class=\"p-[var(--citation-padding)] m-[var(--citation-margin)] border-y-[length:var(--citation-border-width)] border-y-[color:var(--citation-border-color)]\">\n<p>Sota Ukrainassa on Putinille nyt keskeisin asia.<\/p>\n<\/blockquote>\n<p class=\"article-body mb-nof-24 px-nof-16\">On ep\u00e4selv\u00e4\u00e4, kuinka paljon tukihaluja Ven\u00e4j\u00e4ll\u00e4 lopulta on. Sota Ukrainassa on Putinille nyt keskeisin asia, joka j\u00e4tt\u00e4\u00e4 kaiken muun varjoonsa. Se m\u00e4\u00e4ritt\u00e4\u00e4 my\u00f6s Putinin suhtautumista Yhdysvaltojen presidenttiin Donald Trumpiin. Putin n\u00e4ytt\u00e4\u00e4 uskovan, ett\u00e4 Trumpin avulla h\u00e4n voi saavuttaa omat tavoitteensa Ukrainassa, eik\u00e4 h\u00e4n siksi halua \u00e4rsytt\u00e4\u00e4 Trumpia. \u201dKolja\u201d Maduron kohtalolla ei ole t\u00e4ss\u00e4 peliss\u00e4 Putinille merkityst\u00e4.<\/p>\n<p class=\"article-body mb-nof-24 px-nof-16\">Moskovassa on my\u00f6s n\u00e4ht\u00e4viss\u00e4 varovaista innostusta Trumpin etupiiripuheista. Etupiirien tunnustaminen on ollut Ven\u00e4j\u00e4n tavoite koko ajan. Vaikka Ven\u00e4j\u00e4n ulkoministeri Sergei Lavrov papattaa mielell\u00e4\u00e4n kansainv\u00e4lisest\u00e4 oikeudesta, Trumpin markkinoima voimapolitiikka vastaa oikeastaan Kremlin n\u00e4kemyst\u00e4. Moskovassa seurataan Trumpin Gr\u00f6nlanti-puheitakin kiinnostuneesti, koska ne jakavat Natoa.<\/p>\n<p class=\"article-body mb-nof-24 px-nof-16\">Toisalta Trumpin halu ottaa Gr\u00f6nlanti Yhdysvaltojen haltuun her\u00e4tt\u00e4\u00e4 Moskovassa my\u00f6s hermostusta. Ven\u00e4j\u00e4 ei kaipaa Yhdysvaltojen vahvistumista Arktiksella.<\/p>\n<p class=\"article-body mb-nof-24 px-nof-16\">Katsoo asiaa miten p\u00e4in vain, Yhdysvaltojen ripe\u00e4 operaatio Caracasissa oli Putinille monin tavoin kiusallinen. Ven\u00e4j\u00e4n kauppaama ilmapuolustus osoittautui hy\u00f6dytt\u00f6m\u00e4ksi. Sit\u00e4kin nolompaa oli, ett\u00e4 Trump toimi niin kuin Putin suunnitteli tekev\u00e4ns\u00e4 Ukrainassa alkuvuodesta 2022. Kun Ven\u00e4j\u00e4n kyvyt ja voima eiv\u00e4t riitt\u00e4neet, Putin joutui siirtym\u00e4\u00e4n kalliiseen kulutussotaan.<\/p>\n<p class=\"article-body mb-nof-24 px-nof-16\">Samalla Putin tuli paljastaneeksi Ven\u00e4j\u00e4n kansainv\u00e4lisen aseman rajallisuuden. Ven\u00e4j\u00e4n kanssa suhdetta l\u00e4mmitelleet satraapit muistavat pitk\u00e4\u00e4n kuvat Madurosta k\u00e4siraudoissa.<\/p>\n","protected":false},"excerpt":{"rendered":"P\u00e4\u00e4kirjoitus|Ven\u00e4j\u00e4ll\u00e4 on havaittavissa innostusta Trumpin etupiiripuheista ja voimapolitiikan korostamisesta. Trumpin operaatio Caracasissa kuitenkin osoitti, mihin Ven\u00e4j\u00e4 ei kykene.&hellip;\n","protected":false},"author":2,"featured_media":3965,"comment_status":"","ping_status":"","sticky":false,"template":"","format":"standard","meta":{"footnotes":""},"categories":[14],"tags":[22,23,26,27,33,31,30,17,46,24,25,28,29,15,18,21,32,19,20,56,16,59,60,61],"class_list":{"0":"post-144443","1":"post","2":"type-post","3":"status-publish","4":"format-standard","5":"has-post-thumbnail","7":"category-ulkomaat","8":"tag-breaking-news","9":"tag-breakingnews","10":"tag-featured-news","11":"tag-featurednews","12":"tag-fi","13":"tag-finland","14":"tag-finnish","15":"tag-headlines","16":"tag-helsingin-sanomat","17":"tag-latest-news","18":"tag-latestnews","19":"tag-main-news","20":"tag-mainnews","21":"tag-news","22":"tag-otsikot","23":"tag-paauutiset","24":"tag-suomi","25":"tag-top-stories","26":"tag-topstories","27":"tag-ulkomaat","28":"tag-uutiset","29":"tag-world","30":"tag-world-news","31":"tag-worldnews"},"share_on_mastodon":{"url":"https:\/\/pubeurope.com\/@fi\/115907741811351543","error":""},"_links":{"self":[{"href":"https:\/\/www.europesays.com\/fi\/wp-json\/wp\/v2\/posts\/144443","targetHints":{"allow":["GET"]}}],"collection":[{"href":"https:\/\/www.europesays.com\/fi\/wp-json\/wp\/v2\/posts"}],"about":[{"href":"https:\/\/www.europesays.com\/fi\/wp-json\/wp\/v2\/types\/post"}],"author":[{"embeddable":true,"href":"https:\/\/www.europesays.com\/fi\/wp-json\/wp\/v2\/users\/2"}],"replies":[{"embeddable":true,"href":"https:\/\/www.europesays.com\/fi\/wp-json\/wp\/v2\/comments?post=144443"}],"version-history":[{"count":0,"href":"https:\/\/www.europesays.com\/fi\/wp-json\/wp\/v2\/posts\/144443\/revisions"}],"wp:featuredmedia":[{"embeddable":true,"href":"https:\/\/www.europesays.com\/fi\/wp-json\/wp\/v2\/media\/3965"}],"wp:attachment":[{"href":"https:\/\/www.europesays.com\/fi\/wp-json\/wp\/v2\/media?parent=144443"}],"wp:term":[{"taxonomy":"category","embeddable":true,"href":"https:\/\/www.europesays.com\/fi\/wp-json\/wp\/v2\/categories?post=144443"},{"taxonomy":"post_tag","embeddable":true,"href":"https:\/\/www.europesays.com\/fi\/wp-json\/wp\/v2\/tags?post=144443"}],"curies":[{"name":"wp","href":"https:\/\/api.w.org\/{rel}","templated":true}]}}