{"id":144444,"date":"2026-01-17T01:02:09","date_gmt":"2026-01-17T01:02:09","guid":{"rendered":"https:\/\/www.europesays.com\/fi\/144444\/"},"modified":"2026-01-17T01:02:09","modified_gmt":"2026-01-17T01:02:09","slug":"vrn-intercity-junan-lattia-tulvi-ilta-sanomat","status":"publish","type":"post","link":"https:\/\/www.europesays.com\/fi\/144444\/","title":{"rendered":"VR:n Intercity-junan lattia tulvi &#8211; Ilta-Sanomat"},"content":{"rendered":"<p>Matkustajat ohjattiin muualle istumaan.<\/p>\n<p>T\u00e4lt\u00e4 n\u00e4ytti vaunussa, jossa Alma istui.<\/p>\n<p>16.1. 19:04<\/p>\n<p class=\"article-body mb-nof-24 px-nof-16\">Kun 13-vuotias <a class=\"font-bold underline-offset-[0.12em] [text-decoration:var(--person-link-text-decoration)] ![text-decoration-color:var(--person-link-text-decoration-color)]\" href=\"https:\/\/www.is.fi\/haku\/?query=Alma\" rel=\"nofollow noopener\" target=\"_blank\">Alma<\/a> nosti katseensa matkapuhelimestaan VR:n junassa, h\u00e4n yll\u00e4ttyi \u2013 vaunun lattia oli t\u00e4ynn\u00e4 vett\u00e4.<\/p>\n<p class=\"article-body mb-nof-24 px-nof-16\">Alma matkusti perjantaina iltap\u00e4iv\u00e4ll\u00e4 kello 16.00 Helsingist\u00e4 l\u00e4hteneell\u00e4 Intercity 147 -junalla H\u00e4meenlinnaan viikonlopun ratsastusleirille.<\/p>\n<p class=\"article-body mb-nof-24 px-nof-16\">\u2013\u2009Katselin puhelinta, ja kun nostimme kaverin kanssa katseemme yl\u00f6s, vaunuun alkoi valua vett\u00e4 vessan suunnasta, Alma sanoo.<\/p>\n<p class=\"article-body mb-nof-24 px-nof-16\">Vett\u00e4 alkoi Alman mukaan valua kello 16.05 eli heti, kun juna oli p\u00e4\u00e4ssyt Helsingin p\u00e4\u00e4rautatieasemalta Pasilaan. Sen j\u00e4lkeen vett\u00e4 valui vaunun lattialle tasaisesti koko ajan.<\/p>\n<p class=\"article-body mb-nof-24 px-nof-16\">\u2013\u2009Muutkin matkustajat ihmetteliv\u00e4t tosi paljon veden valumista. Vaunussa oli aika paljon ihmisi\u00e4, Alma sanoo.<\/p>\n<p><img decoding=\"async\" src=\"https:\/\/www.europesays.com\/fi\/wp-content\/uploads\/2026\/01\/1768611729_202_468.jpg\" alt=\"Vett\u00e4 valui vaunun lattialle liki koko matkan Helsingist\u00e4 H\u00e4meenlinnaan.\" class=\"_Img_1rerz_1\" style=\"aspect-ratio:0.565625\" loading=\"eager\"\/><\/p>\n<p class=\"article-picture-caption\">Vett\u00e4 valui vaunun lattialle liki koko matkan Helsingist\u00e4 H\u00e4meenlinnaan. Kuva:\u00a0Lukijan kuva \/ Kuvakaappaus videolta<\/p>\n<p class=\"article-body mb-nof-24 px-nof-16\">VR:n viestint\u00e4 kertoi, ett\u00e4 yhden vaunun vessan lavuaarin hanan tiiviste oli mennyt rikki Helsingist\u00e4 Kuopioon matkaa tekev\u00e4ss\u00e4 Intercity 147 -junassa, ja sen takia vaunun lattialle valutti vett\u00e4.<\/p>\n<p class=\"article-body mb-nof-24 px-nof-16\">Kyse oli onneksi puhtaasta vedest\u00e4, ei likaisen veden poistoputkesta.<\/p>\n<p><img decoding=\"async\" src=\"https:\/\/www.europesays.com\/fi\/wp-content\/uploads\/2026\/01\/1768611729_402_468.jpg\" alt=\"Monet muutkin matkustajat ihmetteliv\u00e4t vesivahinkoa.\" class=\"_Img_1rerz_1\" style=\"aspect-ratio:0.565625\" loading=\"eager\"\/><\/p>\n<p class=\"article-picture-caption\">Monet muutkin matkustajat ihmetteliv\u00e4t vesivahinkoa. Kuva:\u00a0Lukijan kuva \/ Kuvakaappaus videolta<\/p>\n<p class=\"article-body mb-nof-24 px-nof-16\">Kyseinen vessa suljettiin ja vaunusta vedentulo katkaistiin. VR:n mukaan kyseisen vaunun matkustajat ohjattiin uusille paikoille muihin vaunuihin.<\/p>\n<p class=\"article-body mb-nof-24 px-nof-16\">Vahinko ei vaikuttanut junan aikatauluun, vaan juna etenee kohti Kuopiota t\u00e4ysin aikataulussaan. Aikataulun mukainen saapumisaika Kuopioon on kello 21.35.<\/p>\n","protected":false},"excerpt":{"rendered":"Matkustajat ohjattiin muualle istumaan. T\u00e4lt\u00e4 n\u00e4ytti vaunussa, jossa Alma istui. 16.1. 19:04 Kun 13-vuotias Alma nosti katseensa matkapuhelimestaan&hellip;\n","protected":false},"author":2,"featured_media":144445,"comment_status":"","ping_status":"","sticky":false,"template":"","format":"standard","meta":{"footnotes":""},"categories":[12],"tags":[22,23,26,27,33,31,30,17,34,24,25,28,29,15,18,21,32,19,20,16],"class_list":{"0":"post-144444","1":"post","2":"type-post","3":"status-publish","4":"format-standard","5":"has-post-thumbnail","7":"category-suomi","8":"tag-breaking-news","9":"tag-breakingnews","10":"tag-featured-news","11":"tag-featurednews","12":"tag-fi","13":"tag-finland","14":"tag-finnish","15":"tag-headlines","16":"tag-ilta-sanomat","17":"tag-latest-news","18":"tag-latestnews","19":"tag-main-news","20":"tag-mainnews","21":"tag-news","22":"tag-otsikot","23":"tag-paauutiset","24":"tag-suomi","25":"tag-top-stories","26":"tag-topstories","27":"tag-uutiset"},"share_on_mastodon":{"url":"https:\/\/pubeurope.com\/@fi\/115907745808149766","error":""},"_links":{"self":[{"href":"https:\/\/www.europesays.com\/fi\/wp-json\/wp\/v2\/posts\/144444","targetHints":{"allow":["GET"]}}],"collection":[{"href":"https:\/\/www.europesays.com\/fi\/wp-json\/wp\/v2\/posts"}],"about":[{"href":"https:\/\/www.europesays.com\/fi\/wp-json\/wp\/v2\/types\/post"}],"author":[{"embeddable":true,"href":"https:\/\/www.europesays.com\/fi\/wp-json\/wp\/v2\/users\/2"}],"replies":[{"embeddable":true,"href":"https:\/\/www.europesays.com\/fi\/wp-json\/wp\/v2\/comments?post=144444"}],"version-history":[{"count":0,"href":"https:\/\/www.europesays.com\/fi\/wp-json\/wp\/v2\/posts\/144444\/revisions"}],"wp:featuredmedia":[{"embeddable":true,"href":"https:\/\/www.europesays.com\/fi\/wp-json\/wp\/v2\/media\/144445"}],"wp:attachment":[{"href":"https:\/\/www.europesays.com\/fi\/wp-json\/wp\/v2\/media?parent=144444"}],"wp:term":[{"taxonomy":"category","embeddable":true,"href":"https:\/\/www.europesays.com\/fi\/wp-json\/wp\/v2\/categories?post=144444"},{"taxonomy":"post_tag","embeddable":true,"href":"https:\/\/www.europesays.com\/fi\/wp-json\/wp\/v2\/tags?post=144444"}],"curies":[{"name":"wp","href":"https:\/\/api.w.org\/{rel}","templated":true}]}}