{"id":144457,"date":"2026-01-17T01:28:14","date_gmt":"2026-01-17T01:28:14","guid":{"rendered":"https:\/\/www.europesays.com\/fi\/144457\/"},"modified":"2026-01-17T01:28:14","modified_gmt":"2026-01-17T01:28:14","slug":"paakirjoitus-eurooppa-odottaa-jannittyneena-tulevien-viikkojen-tapahtumia","status":"publish","type":"post","link":"https:\/\/www.europesays.com\/fi\/144457\/","title":{"rendered":"P\u00e4\u00e4kirjoitus | Eurooppa odottaa j\u00e4nnittyneen\u00e4 tulevien viikkojen tapahtumia"},"content":{"rendered":"<p class=\"teksti\">Tulevien viikkojen tapahtumilla voi olla rajuja vaikutuksia Euroopan jo valmiiksi kiristyneeseen turvallisuustilanteeseen. Ven\u00e4j\u00e4n tekem\u00e4 Krimin valtaus vuonna 2014 ja sotatoimet It\u00e4-Ukrainassa sek\u00e4 helmikuun 2022 laajamittainen hy\u00f6kk\u00e4ys Ukrainaan ovat tuoneet sodan uhan koko Eurooppaan.<\/p>\n<p class=\"teksti\">Tilannetta kirist\u00e4\u00e4 entisest\u00e4\u00e4n Euroopan unionin t\u00e4rkeimm\u00e4n liittolaisen Yhdysvaltojen koventunut ja arvaamaton linja. Yhdysvallat vangitsi tammikuun alussa Venezuelan presidentin Nicolas Maduron. Yhdysvaltojen toimia mielenosoituksia v\u00e4kivaltaisesti torjuvaa perivihollistaan Irania vastaan odotetaan.<\/p>\n<p class=\"teksti\">Presidentti Donald Trumpin vaatimukset Gr\u00f6nlannin liitt\u00e4misest\u00e4 Yhdysvaltoihin uhkaisivat toteutuessaan puolustusliitto Naton toimintaa.<\/p>\n<p class=\"teksti\">EU-komissio esitti keskiviikkona Ukrainalle annettavaksi 90 miljardin euron tukilainaa, josta 60 miljardia on tarkoitettu sotilaalliseen apuun. Tukilainan vakuutena k\u00e4ytet\u00e4\u00e4n EU:n budjettia, josta my\u00f6s hoidetaan lainan hoitokulut.<\/p>\n<p>Jatkuu mainoksen j\u00e4lkeen <\/p>\n<p> Mainos p\u00e4\u00e4ttyy<\/p>\n<p class=\"teksti\">Ukrainan rauhanneuvotteluissa on viime p\u00e4ivin\u00e4 ollut hiljaista. Ven\u00e4j\u00e4ll\u00e4 ei uskota olevan todellista halua tehd\u00e4 rauhaa, ellei se saa l\u00e4pi kohtuuttomia vaatimuksiaan, jotka tekisiv\u00e4t Ukrainasta sen vasallivaltion.<\/p>\n<p class=\"sitaatti\">Tilannetta kirist\u00e4\u00e4 entisest\u00e4\u00e4n Euroopan unionin t\u00e4rkeimm\u00e4n liittolaisen Yhdysvaltojen aiempaa aggressiivisempi linja.<\/p>\n<p class=\"teksti\">Yhdysvalloilta on odotettu Ven\u00e4j\u00e4n vahvempaa painostamista, mutta Trump n\u00e4ytt\u00e4\u00e4 ymm\u00e4rt\u00e4v\u00e4n Ven\u00e4j\u00e4\u00e4 paremmin kuin Ukrainaa. Yhdysvaltojen sotilaallisella iskulla Iraniin voisi olla kahdenlaisia vaikutuksia Ukrainan tilanteeseen.<\/p>\n<p class=\"teksti\">Isku heikent\u00e4isi Ven\u00e4j\u00e4n liittolaista Irania ja toisi s\u00e4r\u00f6j\u00e4 Trumpin ja Ven\u00e4j\u00e4n johdon v\u00e4lille. My\u00f6s Venezuela on ollut Ven\u00e4j\u00e4n tukija. Toisaalta sotatoimet Iranissa voisivat suunnata Yhdysvaltojen huomion kokonaan pois Ukrainasta, mik\u00e4 vahvistaisi Ven\u00e4j\u00e4n asemaa rauhanneuvotteluissa.<\/p>\n<p class=\"teksti\">Viime p\u00e4ivin\u00e4 on puhuttanut erityisesti Gr\u00f6nlannin tilanne. Trump on vaatinut kovasanaisesti Tanskan itsehallintoalueen Gr\u00f6nlannin liitt\u00e4mist\u00e4 Yhdysvaltoihin vetoamalla kansalliseen turvallisuuteen. Motiivina lienev\u00e4t my\u00f6s Gr\u00f6nlannin mittavat luonnonvarat. Sotilaallinen toiminta ei ole poissuljettu.<\/p>\n<p class=\"teksti\">Gr\u00f6nlannin p\u00e4\u00e4ministeri Jens-Frederik Nielsen on sanonut, ett\u00e4 Gr\u00f6nlanti ei halua olla osa Yhdysvaltoja. Tanskan, Gr\u00f6nlannin ja Yhdysvaltojen edustajat tapasivat keskiviikkona, mutta tilanteeseen ei l\u00f6ytynyt ratkaisua. Trump pehmensi puheitaan tapaamisen j\u00e4lkeen ja sanoi uskovansa, ett\u00e4 maat l\u00f6yt\u00e4v\u00e4t sovun.<\/p>\n<p class=\"teksti\">Liittolaismaan painostaminen on poikkeuksellista. Jos Yhdysvallat valloittaa Gr\u00f6nlannin sotilaallista voimaa k\u00e4ytt\u00e4en, on Nato tullut tiens\u00e4 p\u00e4\u00e4h\u00e4n ja Euroopan turvallisuusj\u00e4rjestys menee uusiksi.<\/p>\n<p class=\"teksti\">EU:n on tiivistett\u00e4v\u00e4 rivej\u00e4\u00e4n sek\u00e4 vahvistettava turvallisuuttaan ja resilienssi\u00e4\u00e4n. Aikaa ei en\u00e4\u00e4 ole tuhlattavaksi.<\/p>\n","protected":false},"excerpt":{"rendered":"Tulevien viikkojen tapahtumilla voi olla rajuja vaikutuksia Euroopan jo valmiiksi kiristyneeseen turvallisuustilanteeseen. Ven\u00e4j\u00e4n tekem\u00e4 Krimin valtaus vuonna 2014&hellip;\n","protected":false},"author":2,"featured_media":2022,"comment_status":"","ping_status":"","sticky":false,"template":"","format":"standard","meta":{"footnotes":""},"categories":[14],"tags":[22,23,26,27,33,31,30,17,24,25,28,29,15,18,21,32,19,20,56,16,59,60,61],"class_list":{"0":"post-144457","1":"post","2":"type-post","3":"status-publish","4":"format-standard","5":"has-post-thumbnail","7":"category-ulkomaat","8":"tag-breaking-news","9":"tag-breakingnews","10":"tag-featured-news","11":"tag-featurednews","12":"tag-fi","13":"tag-finland","14":"tag-finnish","15":"tag-headlines","16":"tag-latest-news","17":"tag-latestnews","18":"tag-main-news","19":"tag-mainnews","20":"tag-news","21":"tag-otsikot","22":"tag-paauutiset","23":"tag-suomi","24":"tag-top-stories","25":"tag-topstories","26":"tag-ulkomaat","27":"tag-uutiset","28":"tag-world","29":"tag-world-news","30":"tag-worldnews"},"share_on_mastodon":{"url":"https:\/\/pubeurope.com\/@fi\/115907847985680163","error":""},"_links":{"self":[{"href":"https:\/\/www.europesays.com\/fi\/wp-json\/wp\/v2\/posts\/144457","targetHints":{"allow":["GET"]}}],"collection":[{"href":"https:\/\/www.europesays.com\/fi\/wp-json\/wp\/v2\/posts"}],"about":[{"href":"https:\/\/www.europesays.com\/fi\/wp-json\/wp\/v2\/types\/post"}],"author":[{"embeddable":true,"href":"https:\/\/www.europesays.com\/fi\/wp-json\/wp\/v2\/users\/2"}],"replies":[{"embeddable":true,"href":"https:\/\/www.europesays.com\/fi\/wp-json\/wp\/v2\/comments?post=144457"}],"version-history":[{"count":0,"href":"https:\/\/www.europesays.com\/fi\/wp-json\/wp\/v2\/posts\/144457\/revisions"}],"wp:featuredmedia":[{"embeddable":true,"href":"https:\/\/www.europesays.com\/fi\/wp-json\/wp\/v2\/media\/2022"}],"wp:attachment":[{"href":"https:\/\/www.europesays.com\/fi\/wp-json\/wp\/v2\/media?parent=144457"}],"wp:term":[{"taxonomy":"category","embeddable":true,"href":"https:\/\/www.europesays.com\/fi\/wp-json\/wp\/v2\/categories?post=144457"},{"taxonomy":"post_tag","embeddable":true,"href":"https:\/\/www.europesays.com\/fi\/wp-json\/wp\/v2\/tags?post=144457"}],"curies":[{"name":"wp","href":"https:\/\/api.w.org\/{rel}","templated":true}]}}