{"id":144460,"date":"2026-01-17T01:30:08","date_gmt":"2026-01-17T01:30:08","guid":{"rendered":"https:\/\/www.europesays.com\/fi\/144460\/"},"modified":"2026-01-17T01:30:08","modified_gmt":"2026-01-17T01:30:08","slug":"assat-voitti-ilveksen-jaakoneen-hajoaminen-aiheutti-ongelmia-urheilu","status":"publish","type":"post","link":"https:\/\/www.europesays.com\/fi\/144460\/","title":{"rendered":"\u00c4ss\u00e4t voitti Ilveksen, j\u00e4\u00e4koneen hajoaminen aiheutti ongelmia | Urheilu"},"content":{"rendered":"<p>\u00c4ss\u00e4t nappasi miesten j\u00e4\u00e4kiekkoliigassa maukkaan kotivoiton, kun se kukisti Ilveksen 2\u20131. \u00c4ss\u00e4t oli voittanut ennen perjantaita yhdeks\u00e4st\u00e4 tuoreimmasta ottelustaan vain kaksi.<\/p>\n<p>\u00c4ssien pisterohmu oli Ilvest\u00e4 vastaan Aleksi Anttalainen, joka teki porilaisten molemmat maalit. Ilveksen Radek Kucerik lensi toisessa er\u00e4ss\u00e4 suihkuun, kun h\u00e4n osui poikittaisella mailalla \u00c4ssien Feetu Knihti\u00e4 kaulan tiet\u00e4mille.<\/p>\n<p>Ottelu alkoi vasta kello 19.30, ja se p\u00e4\u00e4ttyi odotettua my\u00f6hemmin j\u00e4\u00e4koneen hajottua ensimm\u00e4isell\u00e4 er\u00e4tauolla. Korvaava kone saatiin lopulta j\u00e4\u00e4lle, ja toinen er\u00e4 alkoi viiv\u00e4styksen j\u00e4lkeen.<\/p>\n<p>Ilves on sarjataulukossa seitsem\u00e4nten\u00e4 ja \u00c4ss\u00e4t kahdeksantena.<\/p>\n","protected":false},"excerpt":{"rendered":"\u00c4ss\u00e4t nappasi miesten j\u00e4\u00e4kiekkoliigassa maukkaan kotivoiton, kun se kukisti Ilveksen 2\u20131. \u00c4ss\u00e4t oli voittanut ennen perjantaita yhdeks\u00e4st\u00e4 tuoreimmasta&hellip;\n","protected":false},"author":2,"featured_media":144461,"comment_status":"","ping_status":"","sticky":false,"template":"","format":"standard","meta":{"footnotes":""},"categories":[5],"tags":[1274,22,23,26,27,33,31,30,17,1143,24,25,41,28,29,1146,15,18,21,32,1145,3731,19,20,16],"class_list":{"0":"post-144460","1":"post","2":"type-post","3":"status-publish","4":"format-standard","5":"has-post-thumbnail","7":"category-otsikot","8":"tag-ammattiurheilu","9":"tag-breaking-news","10":"tag-breakingnews","11":"tag-featured-news","12":"tag-featurednews","13":"tag-fi","14":"tag-finland","15":"tag-finnish","16":"tag-headlines","17":"tag-jaakiekko","18":"tag-latest-news","19":"tag-latestnews","20":"tag-liikunta-ja-urheilu","21":"tag-main-news","22":"tag-mainnews","23":"tag-miesten-jaakiekko","24":"tag-news","25":"tag-otsikot","26":"tag-paauutiset","27":"tag-suomi","28":"tag-talviurheilu","29":"tag-tampereen-ilves","30":"tag-top-stories","31":"tag-topstories","32":"tag-uutiset"},"share_on_mastodon":{"url":"https:\/\/pubeurope.com\/@fi\/115907855796120978","error":""},"_links":{"self":[{"href":"https:\/\/www.europesays.com\/fi\/wp-json\/wp\/v2\/posts\/144460","targetHints":{"allow":["GET"]}}],"collection":[{"href":"https:\/\/www.europesays.com\/fi\/wp-json\/wp\/v2\/posts"}],"about":[{"href":"https:\/\/www.europesays.com\/fi\/wp-json\/wp\/v2\/types\/post"}],"author":[{"embeddable":true,"href":"https:\/\/www.europesays.com\/fi\/wp-json\/wp\/v2\/users\/2"}],"replies":[{"embeddable":true,"href":"https:\/\/www.europesays.com\/fi\/wp-json\/wp\/v2\/comments?post=144460"}],"version-history":[{"count":0,"href":"https:\/\/www.europesays.com\/fi\/wp-json\/wp\/v2\/posts\/144460\/revisions"}],"wp:featuredmedia":[{"embeddable":true,"href":"https:\/\/www.europesays.com\/fi\/wp-json\/wp\/v2\/media\/144461"}],"wp:attachment":[{"href":"https:\/\/www.europesays.com\/fi\/wp-json\/wp\/v2\/media?parent=144460"}],"wp:term":[{"taxonomy":"category","embeddable":true,"href":"https:\/\/www.europesays.com\/fi\/wp-json\/wp\/v2\/categories?post=144460"},{"taxonomy":"post_tag","embeddable":true,"href":"https:\/\/www.europesays.com\/fi\/wp-json\/wp\/v2\/tags?post=144460"}],"curies":[{"name":"wp","href":"https:\/\/api.w.org\/{rel}","templated":true}]}}