{"id":144462,"date":"2026-01-17T01:39:09","date_gmt":"2026-01-17T01:39:09","guid":{"rendered":"https:\/\/www.europesays.com\/fi\/144462\/"},"modified":"2026-01-17T01:39:09","modified_gmt":"2026-01-17T01:39:09","slug":"iranin-internet-yhteyksien-katkos-jatkuu-kolmatta-paivaa-uutisia-lyhyesti-2","status":"publish","type":"post","link":"https:\/\/www.europesays.com\/fi\/144462\/","title":{"rendered":"Iranin internet-yhteyksien katkos jatkuu kolmatta p\u00e4iv\u00e4\u00e4 | Uutisia lyhyesti"},"content":{"rendered":"<p class=\"aw-1gybjub aw-1p7kakr kEtdKx cEmitX yle__article__paragraph\">L\u00e4hi-id\u00e4ss\u00e4 sijaitsevan Iranin internet-yhteyksien katkos on t\u00e4h\u00e4n aamuun menness\u00e4 kest\u00e4nyt yli 84 tuntia eli kolme ja puoli vuorokautta. Asiasta kertoo internet-yhteyksi\u00e4 seuraava Netblocks-sivusto.<\/p>\n<p class=\"aw-1gybjub aw-1p7kakr kEtdKx cEmitX yle__article__paragraph\">Sivuston mukaan internet-yhteyksien katkoa voidaan kiert\u00e4\u00e4 lyhytaaltoradioilla, maan rajojen l\u00e4heisyydess\u00e4 sijaitsevilla toisten valtioiden alueella sijaitsevien matkapuhelinverkkoasemien avulla, Starlink-satelliittipalvelun avulla tai satelliittipuhelimilla.<\/p>\n<p class=\"aw-1gybjub aw-1p7kakr kEtdKx cEmitX yle__article__paragraph\">Iranissa on parisen viikkoa ollut laajoja hallinnon vastaisia mielenosoituksia.<\/p>\n","protected":false},"excerpt":{"rendered":"L\u00e4hi-id\u00e4ss\u00e4 sijaitsevan Iranin internet-yhteyksien katkos on t\u00e4h\u00e4n aamuun menness\u00e4 kest\u00e4nyt yli 84 tuntia eli kolme ja puoli vuorokautta.&hellip;\n","protected":false},"author":2,"featured_media":74,"comment_status":"","ping_status":"","sticky":false,"template":"","format":"standard","meta":{"footnotes":"","_share_on_mastodon":"0"},"categories":[87],"tags":[33,31,30,148,2011,3648,2571,32,91,92,56],"class_list":["post-144462","post","type-post","status-publish","format-standard","has-post-thumbnail","category-internet","tag-fi","tag-finland","tag-finnish","tag-internet","tag-internet-yhteys","tag-iran","tag-mielenosoitukset","tag-suomi","tag-technology","tag-teknologia","tag-ulkomaat"],"share_on_mastodon":{"url":"https:\/\/pubeurope.com\/@fi\/115907891231424876","error":""},"_links":{"self":[{"href":"https:\/\/www.europesays.com\/fi\/wp-json\/wp\/v2\/posts\/144462","targetHints":{"allow":["GET"]}}],"collection":[{"href":"https:\/\/www.europesays.com\/fi\/wp-json\/wp\/v2\/posts"}],"about":[{"href":"https:\/\/www.europesays.com\/fi\/wp-json\/wp\/v2\/types\/post"}],"author":[{"embeddable":true,"href":"https:\/\/www.europesays.com\/fi\/wp-json\/wp\/v2\/users\/2"}],"replies":[{"embeddable":true,"href":"https:\/\/www.europesays.com\/fi\/wp-json\/wp\/v2\/comments?post=144462"}],"version-history":[{"count":0,"href":"https:\/\/www.europesays.com\/fi\/wp-json\/wp\/v2\/posts\/144462\/revisions"}],"wp:featuredmedia":[{"embeddable":true,"href":"https:\/\/www.europesays.com\/fi\/wp-json\/wp\/v2\/media\/74"}],"wp:attachment":[{"href":"https:\/\/www.europesays.com\/fi\/wp-json\/wp\/v2\/media?parent=144462"}],"wp:term":[{"taxonomy":"category","embeddable":true,"href":"https:\/\/www.europesays.com\/fi\/wp-json\/wp\/v2\/categories?post=144462"},{"taxonomy":"post_tag","embeddable":true,"href":"https:\/\/www.europesays.com\/fi\/wp-json\/wp\/v2\/tags?post=144462"}],"curies":[{"name":"wp","href":"https:\/\/api.w.org\/{rel}","templated":true}]}}