{"id":144469,"date":"2026-01-17T01:54:06","date_gmt":"2026-01-17T01:54:06","guid":{"rendered":"https:\/\/www.europesays.com\/fi\/144469\/"},"modified":"2026-01-17T01:54:06","modified_gmt":"2026-01-17T01:54:06","slug":"iaea-zaporizhzhjan-ydinvoimalan-alueelle-aselepo","status":"publish","type":"post","link":"https:\/\/www.europesays.com\/fi\/144469\/","title":{"rendered":"IAEA: Zaporizhzhjan ydinvoimalan alueelle aselepo"},"content":{"rendered":"<p><strong class=\"typography-bold\">Kansainv\u00e4linen atomienergiaj\u00e4rjest\u00f6 IAEA kertoo p\u00e4\u00e4sseens\u00e4 sopimukseen Ven\u00e4j\u00e4n ja Ukrainan kanssa paikallisesta aselevosta Zaporizhzhjan ydinvoimalan alueella.<\/strong><\/p>\n<p>J\u00e4rjest\u00f6n <a class=\"underline\" data-testid=\"external-link\" href=\"https:\/\/www.iaea.org\/newscenter\/pressreleases\/update-337-iaea-director-general-statement-on-situation-in-ukraine\" rel=\"noopener noreferrer nofollow\" data-sentry-component=\"ExternalLink\" data-sentry-source-file=\"ExternalLink.tsx\" target=\"_blank\">mukaan<\/a> paikallinen aselepo mahdollistaa Zaporizhzhjan ydinvoimalan ainoan j\u00e4ljell\u00e4 olevan varavoimalinjan korjausten aloittamisen. Voimalinja vaurioitui sotatoimissa tammikuun alussa.<\/p>\n<p>Vaurion takia ydinvoimala on sen ainoan toimivan p\u00e4\u00e4voimalinjan varassa.<\/p>\n<p>Ukrainalaisteknikot aloittavat IAEA:n mukaan korjausty\u00f6t l\u00e4hip\u00e4ivin\u00e4. Ryhm\u00e4 j\u00e4rjest\u00f6n edustajia matkustaa taisteluiden etulinjalle valvomaan korjaust\u00f6it\u00e4.<\/p>\n<p>IAEA ei tarkenna, kauanko paikallinen aselepo kest\u00e4\u00e4.<\/p>\n<p>Ven\u00e4j\u00e4n miehitt\u00e4m\u00e4 Zaporizhzhjan ydinvoimala on Euroopan suurin. Voimalan kuusi reaktoria on suljettu, mutta s\u00e4hk\u00f6\u00e4 tarvitaan niiden j\u00e4\u00e4hdytt\u00e4miseen ja turvamekanismien yll\u00e4pit\u00e4miseen.<\/p>\n","protected":false},"excerpt":{"rendered":"Kansainv\u00e4linen atomienergiaj\u00e4rjest\u00f6 IAEA kertoo p\u00e4\u00e4sseens\u00e4 sopimukseen Ven\u00e4j\u00e4n ja Ukrainan kanssa paikallisesta aselevosta Zaporizhzhjan ydinvoimalan alueella. J\u00e4rjest\u00f6n mukaan paikallinen&hellip;\n","protected":false},"author":2,"featured_media":49929,"comment_status":"","ping_status":"","sticky":false,"template":"","format":"standard","meta":{"footnotes":""},"categories":[14],"tags":[22,23,26,27,33,31,30,17,24,25,28,29,15,18,21,32,19,20,56,16,59,60,61],"class_list":{"0":"post-144469","1":"post","2":"type-post","3":"status-publish","4":"format-standard","5":"has-post-thumbnail","7":"category-ulkomaat","8":"tag-breaking-news","9":"tag-breakingnews","10":"tag-featured-news","11":"tag-featurednews","12":"tag-fi","13":"tag-finland","14":"tag-finnish","15":"tag-headlines","16":"tag-latest-news","17":"tag-latestnews","18":"tag-main-news","19":"tag-mainnews","20":"tag-news","21":"tag-otsikot","22":"tag-paauutiset","23":"tag-suomi","24":"tag-top-stories","25":"tag-topstories","26":"tag-ulkomaat","27":"tag-uutiset","28":"tag-world","29":"tag-world-news","30":"tag-worldnews"},"share_on_mastodon":{"url":"https:\/\/pubeurope.com\/@fi\/115907950228858767","error":""},"_links":{"self":[{"href":"https:\/\/www.europesays.com\/fi\/wp-json\/wp\/v2\/posts\/144469","targetHints":{"allow":["GET"]}}],"collection":[{"href":"https:\/\/www.europesays.com\/fi\/wp-json\/wp\/v2\/posts"}],"about":[{"href":"https:\/\/www.europesays.com\/fi\/wp-json\/wp\/v2\/types\/post"}],"author":[{"embeddable":true,"href":"https:\/\/www.europesays.com\/fi\/wp-json\/wp\/v2\/users\/2"}],"replies":[{"embeddable":true,"href":"https:\/\/www.europesays.com\/fi\/wp-json\/wp\/v2\/comments?post=144469"}],"version-history":[{"count":0,"href":"https:\/\/www.europesays.com\/fi\/wp-json\/wp\/v2\/posts\/144469\/revisions"}],"wp:featuredmedia":[{"embeddable":true,"href":"https:\/\/www.europesays.com\/fi\/wp-json\/wp\/v2\/media\/49929"}],"wp:attachment":[{"href":"https:\/\/www.europesays.com\/fi\/wp-json\/wp\/v2\/media?parent=144469"}],"wp:term":[{"taxonomy":"category","embeddable":true,"href":"https:\/\/www.europesays.com\/fi\/wp-json\/wp\/v2\/categories?post=144469"},{"taxonomy":"post_tag","embeddable":true,"href":"https:\/\/www.europesays.com\/fi\/wp-json\/wp\/v2\/tags?post=144469"}],"curies":[{"name":"wp","href":"https:\/\/api.w.org\/{rel}","templated":true}]}}