{"id":144664,"date":"2026-01-17T07:58:06","date_gmt":"2026-01-17T07:58:06","guid":{"rendered":"https:\/\/www.europesays.com\/fi\/144664\/"},"modified":"2026-01-17T07:58:06","modified_gmt":"2026-01-17T07:58:06","slug":"tanskassa-ja-gronlannissa-osoitetaan-tanaan-mielta-yhdysvaltain-uhkailua-vastaan-uutissuomalainen","status":"publish","type":"post","link":"https:\/\/www.europesays.com\/fi\/144664\/","title":{"rendered":"Tanskassa ja Gr\u00f6nlannissa osoitetaan t\u00e4n\u00e4\u00e4n mielt\u00e4 Yhdysvaltain uhkailua vastaan | Uutissuomalainen"},"content":{"rendered":"<p>Tanskassa ja Gr\u00f6nlannissa j\u00e4rjestet\u00e4\u00e4n t\u00e4n\u00e4\u00e4n mielenosoituksia, joilla vastustetaan Yhdysvaltain uhkauksia ottaa Gr\u00f6nlanti haltuun.<\/p>\n<p>Gr\u00f6nlannin p\u00e4\u00e4kaupungissa Nuukissa sek\u00e4 eri puolilla Tanskaa j\u00e4rjestett\u00e4viin mielenosoituksiin odotetaan tuhansia ihmisi\u00e4.<\/p>\n<p>Tanskassa mielenosoituksia on tekeill\u00e4 ainakin nelj\u00e4ss\u00e4 kaupungissa: K\u00f6\u00f6penhaminassa, \u00c5rhusissa, Odensessa ja Aalborgissa.<\/p>\n<p>Gr\u00f6nlantilaisten yhdistys Tanskassa kertoo verkkosivuillaan, ett\u00e4 tarkoituksena on l\u00e4hett\u00e4\u00e4 selke\u00e4 ja yhten\u00e4inen viesti demokratian ja ihmisoikeuksien kunnioittamisesta Gr\u00f6nlannissa.<\/p>\n<p>Mielenosoituksen on m\u00e4\u00e4r\u00e4 alkaa K\u00f6\u00f6penhaminassa yhdelt\u00e4 iltap\u00e4iv\u00e4ll\u00e4. Mielenosoittajien on m\u00e4\u00e4r\u00e4 seisahtua Yhdysvaltain suurl\u00e4hetyst\u00f6n edustalla tuntia my\u00f6hemmin.<\/p>\n<p>Nuukissa l\u00e4hdet\u00e4\u00e4n marssimaan viidelt\u00e4 iltap\u00e4iv\u00e4ll\u00e4 Suomen aikaa. Gr\u00f6nlannin lippuja kantavien mielenosoittajien on m\u00e4\u00e4r\u00e4 suunnata Yhdysvaltain konsulaatille.<\/p>\n<p>\t\t\t\tTrump uhkaili tuontitulleilla<\/p>\n<p>Yhdysvaltain presidentti Donald Trump on vaatinut Gr\u00f6nlannin liitt\u00e4mist\u00e4 Yhdysvaltoihin ja esitt\u00e4nyt v\u00e4itteit\u00e4, joiden mukaan Kiina ja Ven\u00e4j\u00e4 aikoisivat vallata Gr\u00f6nlannin. Tanska on toistuvasti torjunut alueliitosvaatimukset.<\/p>\n<p>Trump sanoi perjantaina, ett\u00e4 h\u00e4n saattaa asettaa tuontitulleja maille, jotka eiv\u00e4t tue h\u00e4nen Gr\u00f6nlanti-suunnitelmiaan.<\/p>\n<p>Gr\u00f6nlannin ulkoministeri Vivian Motzfeldt ja Tanskan ulkoministeri Lars L\u00f6kke Rasmussen tapasivat Yhdysvaltain ulkoministerin Marco Rubion sek\u00e4 varapresidentti J. D. Vancen aiemmin t\u00e4ll\u00e4 viikolla Washingtonissa.<\/p>\n<p>Yhdysvaltain vaatimukset eiv\u00e4t pehmenneet tapaamisen j\u00e4lkeen.<\/p>\n","protected":false},"excerpt":{"rendered":"Tanskassa ja Gr\u00f6nlannissa j\u00e4rjestet\u00e4\u00e4n t\u00e4n\u00e4\u00e4n mielenosoituksia, joilla vastustetaan Yhdysvaltain uhkauksia ottaa Gr\u00f6nlanti haltuun. Gr\u00f6nlannin p\u00e4\u00e4kaupungissa Nuukissa sek\u00e4 eri&hellip;\n","protected":false},"author":2,"featured_media":144665,"comment_status":"","ping_status":"","sticky":false,"template":"","format":"standard","meta":{"footnotes":"","_share_on_mastodon":"0"},"categories":[14],"tags":[24721,722,22,23,585,26,27,33,31,30,17,24,25,28,29,15,18,21,637,144,103,32,19,20,56,16,59,60,61,796],"class_list":["post-144664","post","type-post","status-publish","format-standard","has-post-thumbnail","category-ulkomaat","tag-aalborg","tag-amerikka","tag-breaking-news","tag-breakingnews","tag-donald-trump","tag-featured-news","tag-featurednews","tag-fi","tag-finland","tag-finnish","tag-headlines","tag-latest-news","tag-latestnews","tag-main-news","tag-mainnews","tag-news","tag-otsikot","tag-paauutiset","tag-politiikka","tag-presidentti","tag-sosiaalikysymykset","tag-suomi","tag-top-stories","tag-topstories","tag-ulkomaat","tag-uutiset","tag-world","tag-world-news","tag-worldnews","tag-yhteiskunta"],"share_on_mastodon":{"url":"https:\/\/pubeurope.com\/@fi\/115909381599307449","error":""},"_links":{"self":[{"href":"https:\/\/www.europesays.com\/fi\/wp-json\/wp\/v2\/posts\/144664","targetHints":{"allow":["GET"]}}],"collection":[{"href":"https:\/\/www.europesays.com\/fi\/wp-json\/wp\/v2\/posts"}],"about":[{"href":"https:\/\/www.europesays.com\/fi\/wp-json\/wp\/v2\/types\/post"}],"author":[{"embeddable":true,"href":"https:\/\/www.europesays.com\/fi\/wp-json\/wp\/v2\/users\/2"}],"replies":[{"embeddable":true,"href":"https:\/\/www.europesays.com\/fi\/wp-json\/wp\/v2\/comments?post=144664"}],"version-history":[{"count":0,"href":"https:\/\/www.europesays.com\/fi\/wp-json\/wp\/v2\/posts\/144664\/revisions"}],"wp:featuredmedia":[{"embeddable":true,"href":"https:\/\/www.europesays.com\/fi\/wp-json\/wp\/v2\/media\/144665"}],"wp:attachment":[{"href":"https:\/\/www.europesays.com\/fi\/wp-json\/wp\/v2\/media?parent=144664"}],"wp:term":[{"taxonomy":"category","embeddable":true,"href":"https:\/\/www.europesays.com\/fi\/wp-json\/wp\/v2\/categories?post=144664"},{"taxonomy":"post_tag","embeddable":true,"href":"https:\/\/www.europesays.com\/fi\/wp-json\/wp\/v2\/tags?post=144664"}],"curies":[{"name":"wp","href":"https:\/\/api.w.org\/{rel}","templated":true}]}}