{"id":144821,"date":"2026-01-17T12:14:11","date_gmt":"2026-01-17T12:14:11","guid":{"rendered":"https:\/\/www.europesays.com\/fi\/144821\/"},"modified":"2026-01-17T12:14:11","modified_gmt":"2026-01-17T12:14:11","slug":"jaana-pelkoselta-lyhyt-kuitti-paivanpolitiikasta","status":"publish","type":"post","link":"https:\/\/www.europesays.com\/fi\/144821\/","title":{"rendered":"Jaana Pelkoselta lyhyt kuitti p\u00e4iv\u00e4npolitiikasta"},"content":{"rendered":"<p>            Atte Kajova\n        <\/p>\n<p class=\"subtitle \">Jaana Pelkonen se ei vaikuta vanhenevan laisinkaan.<\/p>\n<p class=\"article-content article-content-width !bg-background\"> on niit\u00e4 ihmisi\u00e4, jotka ovat juoneet tarujen Graalin maljasta.<\/p>\n<p class=\"article-content article-content-width !bg-background\">48-vuotias Jaana ei n\u00e4yt\u00e4 vanhenevan laisinkaan.<\/p>\n<p class=\"article-content article-content-width !bg-background\">Jaana on my\u00f6s ikuisesti 1990-luvulla ala-asteik\u00e4isin\u00e4 olleiden idoli, sill\u00e4 h\u00e4n juonsi\u00a0Tilt-peliohjelmaa.<\/p>\n<p>        <a itemprop=\"url\" href=\"https:\/\/www.seiska.fi\/kotimaa\/jaana-pelkoselta-poikkeuksellinen-perhekuva\/1883178\" rel=\"nofollow noopener\" target=\"_blank\"><\/p>\n<p>\nLomailee Kreikassa\n<\/p>\n<p class=\"section-date\">\n        <strong class=\"article-section\" data-section=\"kotimaa\"><br \/>\n            kotimaa<br \/>\n        <\/strong><br \/>\n        1.8.2025 08:00\n    <\/p>\n<p>Jaana Pelkoselta poikkeuksellinen perhekuva\n    <\/p>\n<p itemprop=\"description\" class=\"subtitle \">\n    Yksityisyydest\u00e4\u00e4n tarkka juontaja teki lomallaan yll\u00e4tt\u00e4v\u00e4n poikkeuksen.\n<\/p>\n<p>        <\/a><\/p>\n<p class=\"article-content article-content-width !bg-background\">Nyt Jaana juontaa toisena juontajana The Voice of Finlandissa \u2013 tsempaten esiripun takana olevia esiintyji\u00e4.<\/p>\n<p>                <img decoding=\"async\" src=\"https:\/\/www.europesays.com\/fi\/wp-content\/uploads\/2026\/01\/2045699.webp.jpeg\" width=\"576\" height=\"322\" alt=\"Jaanan kulta on komea lent\u00e4j\u00e4 Niko Aho.\" loading=\"lazy\" \/>            <\/p>\n<p>\n            Jaanan kulta on komea lent\u00e4j\u00e4 Niko Aho.<br \/>\n            Tomi Natri\n        <\/p>\n<p>&#8221;Juuri siell\u00e4 miss\u00e4 kuuluukin &#8221;<\/p>\n<p class=\"article-content article-content-width !bg-background\">Jaana on my\u00f6s ex-kansanedustaja, sill\u00e4 h\u00e4n toimi eduskunnassa kolmena kautena vuosina 2011\u20132023.<\/p>\n<p class=\"article-content article-content-width !bg-background\">Onko kokoomuslaisella ik\u00e4v\u00e4 p\u00e4\u00e4tt\u00e4viin teht\u00e4viin?<\/p>\n<p class=\"article-content article-content-width !bg-background\">\u2013 No, olen yh\u00e4 Helsingin kaupunginvaltuutettu, siin\u00e4 on ihan tarpeeksi politiikkaa t\u00e4m\u00e4nhetkiseen el\u00e4m\u00e4\u00e4n.<\/p>\n<p>        <a itemprop=\"url\" href=\"https:\/\/www.seiska.fi\/katso\/muistatko-viela-helsingin-euroviisut\/1701866\" rel=\"nofollow noopener\" target=\"_blank\"><\/p>\n<p>\nEuroviisut\n<\/p>\n<p class=\"section-date\">\n        <strong class=\"article-section\" data-section=\"katso\"><br \/>\n            katso<br \/>\n        <\/strong><br \/>\n        17.5.2025 13:15\n    <\/p>\n<p>Muistatko viel\u00e4 Helsingin Euroviisut?\n    <\/p>\n<p itemprop=\"description\" class=\"subtitle \">\n    Kun Suomi j\u00e4rjesti ensimm\u00e4isen ja toistaiseksi ainoan kerran viisut, n\u00e4htiin finaalil\u00e4hetyksess\u00e4 Joulupukki ja Krisse Salminen.\n<\/p>\n<p>        <\/a><\/p>\n<p class=\"article-content article-content-width !bg-background\">T\u00e4ll\u00e4 hetkell\u00e4 kokoomusjohtoista hallitusta syytet\u00e4\u00e4n l\u00e4hestulkoon kaikesta mahdollisesta \u2013 jopa telkkarissa py\u00f6rivien uusintojen uusinnoista.<\/p>\n<p class=\"article-content article-content-width !bg-background\">Pit\u00e4isik\u00f6 Jaanan olla hallituksessa laittamassa s\u00f6ss\u00f6tt\u00e4jille suitset suuhun?<\/p>\n<p class=\"article-content article-content-width !bg-background\">\u2013 Jaanan ei pit\u00e4isi olla siell\u00e4. Jaana on juuri siell\u00e4 miss\u00e4 kuuluukin, kuuluu linjaus.<\/p>\n<p>                <img decoding=\"async\" src=\"https:\/\/www.europesays.com\/fi\/wp-content\/uploads\/2026\/01\/2045701.webp.jpeg\" width=\"576\" height=\"720\" alt=\"Jaanan asu on l\u00e4hes identtinen sein\u00e4n kanssa. Mik\u00e4\u00e4n sein\u00e4ruusu ei Jaana kuitenkaan toden totta ole.\" loading=\"lazy\" \/>            <\/p>\n<p>\n            Jaanan asu on l\u00e4hes identtinen sein\u00e4n kanssa. Mik\u00e4\u00e4n sein\u00e4ruusu ei Jaana kuitenkaan toden totta ole.<br \/>\n            Atte Kajova\n        <\/p>\n<p> Esiintymisvalmennusta?<\/p>\n<p class=\"article-content article-content-width !bg-background\">Valtiotieteiden maisteri kertoo el\u00e4m\u00e4n kohtelevan hyvin.<\/p>\n<p class=\"article-content article-content-width !bg-background\">\u2013 Ihania ty\u00f6projekteja.<\/p>\n<p class=\"article-content article-content-width !bg-background\">Ehk\u00e4 jotain uuttakin.<\/p>\n<p>        <a itemprop=\"url\" href=\"https:\/\/www.seiska.fi\/kotimaa\/kauneus-terveys-jaana-pelkosella-erikoinen-asumiskuvio\/2022048\" rel=\"nofollow noopener\" target=\"_blank\"><\/p>\n<p>\nJaana Pelkonen Kauneus &amp; Terveys -lehdess\u00e4:\n<\/p>\n<p class=\"section-date\">\n        <strong class=\"article-section\" data-section=\"kotimaa\"><br \/>\n            kotimaa<br \/>\n        <\/strong><br \/>\n        15.12.2025 14:01\n    <\/p>\n<p>Kauneus &amp; Terveys: Jaana Pelkosella erikoinen asumiskuvio\n    <\/p>\n<p itemprop=\"description\" class=\"subtitle \">\n    Jaanan ja Nikon arkea rytmitt\u00e4\u00e4 ty\u00f6t, jotka pit\u00e4v\u00e4t heid\u00e4t my\u00f6s eri kaupungeissa.\n<\/p>\n<p>        <\/a><\/p>\n<p class=\"article-content article-content-width !bg-background\">\u2013 Olen haaveillut pidemp\u00e4\u00e4n, ett\u00e4 p\u00e4\u00e4sisin valmentamaan ihmisi\u00e4.<\/p>\n<p class=\"article-content article-content-width !bg-background\">Esiintymisvalmennus kuulostaa kielt\u00e4m\u00e4tt\u00e4 silt\u00e4, ett\u00e4 on ihme, ettei Jaana ole sen tiimoilta jo t\u00f6it\u00e4 tehnyt.<\/p>\n<p class=\"article-content article-content-width !bg-background\">\u2013 Meiss\u00e4 kaikissa piilee se oma esiintyj\u00e4, haluan l\u00e4hte\u00e4 auttamaan ihmisi\u00e4 t\u00e4ss\u00e4.<\/p>\n<p>                <img decoding=\"async\" src=\"https:\/\/www.europesays.com\/fi\/wp-content\/uploads\/2026\/01\/2045704.webp.jpeg\" width=\"576\" height=\"322\" alt=\"Herran vuonna 2007 Jaana juonsi yhdess\u00e4 Mikko Leppilammen kanssa Euroviisut.\" loading=\"lazy\" \/>            <\/p>\n<p>\n            Herran vuonna 2007 Jaana juonsi yhdess\u00e4 Mikko Leppilammen kanssa Euroviisut.<br \/>\n            Allerin arkisto\n        <\/p>\n<p>&#8221;Koko perhe tanssii&#8221;<\/p>\n<p class=\"article-content article-content-width !bg-background\">8-vuotiaan tytt\u00e4ren \u00e4iti kertoo lapsen sek\u00e4 tanssivan kilpaa ett\u00e4 pelaavan jalkapalloa.<\/p>\n<p class=\"article-content article-content-width !bg-background\">\u2013 Meid\u00e4n koko perhe tanssii, se on ehk\u00e4 sellainen yhdist\u00e4v\u00e4 tekij\u00e4.<\/p>\n<p class=\"article-content article-content-width !bg-background\">Haaveitakin l\u00f6ytyy \u2013 kuten Lappiin matkustaminen.<\/p>\n<p class=\"article-content article-content-width !bg-background\">Jaana tosin oli syksyll\u00e4 Muoniossa, jossa kuvattiin Suurta seikkailua, jonka juontajana Jaana toimii.<\/p>\n<p class=\"article-content article-content-width !bg-background\">Mies on komea lent\u00e4j\u00e4.<\/p>\n<p class=\"article-content article-content-width !bg-background\">\u2013 Joo, h\u00e4n on komea lent\u00e4j\u00e4, joo, Jaana p\u00e4\u00e4tt\u00e4\u00e4 kirkkain silmin.<\/p>\n","protected":false},"excerpt":{"rendered":"Atte Kajova Jaana Pelkonen se ei vaikuta vanhenevan laisinkaan. on niit\u00e4 ihmisi\u00e4, jotka ovat juoneet tarujen Graalin maljasta.&hellip;\n","protected":false},"author":2,"featured_media":144822,"comment_status":"","ping_status":"","sticky":false,"template":"","format":"standard","meta":{"footnotes":""},"categories":[130],"tags":[137,24740,33,31,30,8018,5735,1240,32,6878,24741,109],"class_list":{"0":"post-144821","1":"post","2":"type-post","3":"status-publish","4":"format-standard","5":"has-post-thumbnail","7":"category-viihde","8":"tag-entertainment","9":"tag-esiintymisvalmennus","10":"tag-fi","11":"tag-finland","12":"tag-finnish","13":"tag-jaana-pelkonen","14":"tag-poliitikko","15":"tag-raha","16":"tag-suomi","17":"tag-the-voice-of-finland","18":"tag-tilt","19":"tag-viihde"},"share_on_mastodon":{"url":"https:\/\/pubeurope.com\/@fi\/115910388184971424","error":""},"_links":{"self":[{"href":"https:\/\/www.europesays.com\/fi\/wp-json\/wp\/v2\/posts\/144821","targetHints":{"allow":["GET"]}}],"collection":[{"href":"https:\/\/www.europesays.com\/fi\/wp-json\/wp\/v2\/posts"}],"about":[{"href":"https:\/\/www.europesays.com\/fi\/wp-json\/wp\/v2\/types\/post"}],"author":[{"embeddable":true,"href":"https:\/\/www.europesays.com\/fi\/wp-json\/wp\/v2\/users\/2"}],"replies":[{"embeddable":true,"href":"https:\/\/www.europesays.com\/fi\/wp-json\/wp\/v2\/comments?post=144821"}],"version-history":[{"count":0,"href":"https:\/\/www.europesays.com\/fi\/wp-json\/wp\/v2\/posts\/144821\/revisions"}],"wp:featuredmedia":[{"embeddable":true,"href":"https:\/\/www.europesays.com\/fi\/wp-json\/wp\/v2\/media\/144822"}],"wp:attachment":[{"href":"https:\/\/www.europesays.com\/fi\/wp-json\/wp\/v2\/media?parent=144821"}],"wp:term":[{"taxonomy":"category","embeddable":true,"href":"https:\/\/www.europesays.com\/fi\/wp-json\/wp\/v2\/categories?post=144821"},{"taxonomy":"post_tag","embeddable":true,"href":"https:\/\/www.europesays.com\/fi\/wp-json\/wp\/v2\/tags?post=144821"}],"curies":[{"name":"wp","href":"https:\/\/api.w.org\/{rel}","templated":true}]}}