{"id":144876,"date":"2026-01-17T13:47:07","date_gmt":"2026-01-17T13:47:07","guid":{"rendered":"https:\/\/www.europesays.com\/fi\/144876\/"},"modified":"2026-01-17T13:47:07","modified_gmt":"2026-01-17T13:47:07","slug":"reddit-sai-haastajan-internetin-entinen-etusivu-palasi","status":"publish","type":"post","link":"https:\/\/www.europesays.com\/fi\/144876\/","title":{"rendered":"Reddit sai haastajan &#8211; Internetin entinen &#8221;etusivu&#8221; palasi"},"content":{"rendered":"<p>Sivustolla panostetaan k\u00e4ytt\u00e4jien todentamiseen paljastamatta henkil\u00f6llisyytt\u00e4.<\/p>\n<p>Digg oli aikanaan sit\u00e4, mit\u00e4 Reddit <a href=\"https:\/\/techcrunch.com\/2026\/01\/14\/digg-launches-its-new-reddit-rival-to-the-public\/\" target=\"_blank\" rel=\"noreferrer noopener nofollow\">on<\/a> nyt, ja ehk\u00e4 joidenkin mielest\u00e4 v\u00e4h\u00e4n enemm\u00e4nkin. Se oli hetken yksi Internetin merkitt\u00e4vimpi\u00e4 sivustoja ja paikka, jossa p\u00e4\u00e4tettiin, mitk\u00e4 mielenkiintoiset asiat nousevat nettikansalaisten verkkokalvoille.<\/p>\n<p>Digg oli Web 2.0 -aikakauden j\u00e4ttil\u00e4inen, jonka arvo nousi vuonna 2008 jopa 175 miljoonaan dollariin. Se j\u00e4i kuitenkin Redditin varjoon, ja sitten se pilkottiin osiin vuonna 2012. Reddit jatkoi kasvuaan yhteis\u00f6l\u00e4ht\u00f6isen\u00e4 alustana, listautui p\u00f6rssiin ja tienaa nykyisin rahaa my\u00f6s teko\u00e4ly-yhti\u00f6iden kanssa tehdyill\u00e4 lisenssisopimuksilla k\u00e4ytt\u00e4j\u00e4sis\u00e4ll\u00f6n hy\u00f6dynt\u00e4misest\u00e4.<\/p>\n<p>Digg on nyt tekem\u00e4ss\u00e4 paluuta. Palvelu on avannut avoimen betansa yleis\u00f6lle, ja sivusto on alkuper\u00e4isen perustajansa <strong>Kevin Rosen <\/strong>osaomistuksessa. Mukana on my\u00f6s Redditin toinen perustaja <strong>Alexis Ohanian,<\/strong> jonka sijoitusyhti\u00f6 on ollut keskeinen Diggin uudelleenk\u00e4ynnistyksess\u00e4.<\/p>\n<p>Rose ja Ohanian uskovat, ett\u00e4 nykyinen sosiaalinen media k\u00e4rsii bottiongelmista, toksisuudesta ja luottamuspulasta. T\u00e4t\u00e4 vastaan aiotaan kamppailla erilaisilla mekanismeilla, joilla k\u00e4ytt\u00e4j\u00e4 voidaan todentaa paljastamatta henkil\u00f6lllisyytt\u00e4 tai arkaluonteisia tietoja.<\/p>\n<p>Esimerkiksi \u00e4lysormusta k\u00e4sittelev\u00e4ss\u00e4 ryhm\u00e4ss\u00e4 vain tuotteen omistajat saisivat osallistua keskusteluun. Moderointi halutaan pit\u00e4\u00e4 niin ik\u00e4\u00e4n l\u00e4pin\u00e4kyv\u00e4n\u00e4.<\/p>\n<p>Uusi Digg muistuttaa perusidealtaan Redditi\u00e4. K\u00e4ytt\u00e4j\u00e4t selaavat eri yhteis\u00f6jen sis\u00e4lt\u00f6virtoja, julkaisevat viestej\u00e4 sek\u00e4 kommentoivat ja \u00e4\u00e4nest\u00e4v\u00e4t sis\u00e4lt\u00f6j\u00e4. Palvelu toimii sek\u00e4 verkkosivuna ett\u00e4 mobiilisovelluksena, ja kuka tahansa voi perustaa omia yhteis\u00f6j\u00e4\u00e4n l\u00e4hes mist\u00e4 aiheesta tahansa.<\/p>\n","protected":false},"excerpt":{"rendered":"Sivustolla panostetaan k\u00e4ytt\u00e4jien todentamiseen paljastamatta henkil\u00f6llisyytt\u00e4. Digg oli aikanaan sit\u00e4, mit\u00e4 Reddit on nyt, ja ehk\u00e4 joidenkin mielest\u00e4&hellip;\n","protected":false},"author":2,"featured_media":144877,"comment_status":"","ping_status":"","sticky":false,"template":"","format":"standard","meta":{"footnotes":"","_share_on_mastodon":"0"},"categories":[87],"tags":[33,31,30,148,8790,1028,32,91,92],"class_list":["post-144876","post","type-post","status-publish","format-standard","has-post-thumbnail","category-internet","tag-fi","tag-finland","tag-finnish","tag-internet","tag-reddit","tag-sosiaalinen-media","tag-suomi","tag-technology","tag-teknologia"],"share_on_mastodon":{"url":"https:\/\/pubeurope.com\/@fi\/115910753837029437","error":""},"_links":{"self":[{"href":"https:\/\/www.europesays.com\/fi\/wp-json\/wp\/v2\/posts\/144876","targetHints":{"allow":["GET"]}}],"collection":[{"href":"https:\/\/www.europesays.com\/fi\/wp-json\/wp\/v2\/posts"}],"about":[{"href":"https:\/\/www.europesays.com\/fi\/wp-json\/wp\/v2\/types\/post"}],"author":[{"embeddable":true,"href":"https:\/\/www.europesays.com\/fi\/wp-json\/wp\/v2\/users\/2"}],"replies":[{"embeddable":true,"href":"https:\/\/www.europesays.com\/fi\/wp-json\/wp\/v2\/comments?post=144876"}],"version-history":[{"count":0,"href":"https:\/\/www.europesays.com\/fi\/wp-json\/wp\/v2\/posts\/144876\/revisions"}],"wp:featuredmedia":[{"embeddable":true,"href":"https:\/\/www.europesays.com\/fi\/wp-json\/wp\/v2\/media\/144877"}],"wp:attachment":[{"href":"https:\/\/www.europesays.com\/fi\/wp-json\/wp\/v2\/media?parent=144876"}],"wp:term":[{"taxonomy":"category","embeddable":true,"href":"https:\/\/www.europesays.com\/fi\/wp-json\/wp\/v2\/categories?post=144876"},{"taxonomy":"post_tag","embeddable":true,"href":"https:\/\/www.europesays.com\/fi\/wp-json\/wp\/v2\/tags?post=144876"}],"curies":[{"name":"wp","href":"https:\/\/api.w.org\/{rel}","templated":true}]}}