{"id":144955,"date":"2026-01-17T16:03:06","date_gmt":"2026-01-17T16:03:06","guid":{"rendered":"https:\/\/www.europesays.com\/fi\/144955\/"},"modified":"2026-01-17T16:03:06","modified_gmt":"2026-01-17T16:03:06","slug":"the-voice-of-finland-2026-elastinen-paljastaa-poikkeuksellisen-rap-yllatyksen","status":"publish","type":"post","link":"https:\/\/www.europesays.com\/fi\/144955\/","title":{"rendered":"The Voice of Finland 2026: Elastinen paljastaa poikkeuksellisen rap-yll\u00e4tyksen"},"content":{"rendered":"<p>\n            The Voice of Finland. Elastinen. ATTE KAJOVA<br \/>\n            ATTE KAJOVA\n        <\/p>\n<p class=\"subtitle \">Uudella The Voice of Finland -kaudella Elastinen lupaa merkitt\u00e4v\u00e4\u00e4 muutosta.<\/p>\n<p class=\"article-content article-content-width !bg-background\">Vuoden 2026 The Voice of Finland -kaudella t\u00e4htivalmentajina jatkavat ,  ja . Uutena valmentajana n\u00e4hd\u00e4\u00e4n .<\/p>\n<p class=\"font-weight-bold m-font-weight-bold article-content article-content-width !bg-background\">Video: Jenni Vartiainen kertoo syist\u00e4\u00e4n l\u00e4hte\u00e4 The Voice of Finlandiin<\/p>\n<p class=\"article-content article-content-width !bg-background\">Elastisen mukaan ohjelman tekeminen on kaikkea muuta kuin kevytt\u00e4. Erityisesti \u00c4\u00e4ni ratkaisee -vaihe on artistille henkisesti kuormittava, mutta samalla juuri se pit\u00e4\u00e4 kipin\u00e4n yll\u00e4 vuodesta toiseen.<\/p>\n<p class=\"article-content article-content-width !bg-background\">\u2013 Jokainen laulaja on siin\u00e4 hetkess\u00e4 ainutkertainen. On pakko keskitty\u00e4 t\u00e4ysill\u00e4, nollata edellinen ja siirty\u00e4 seuraavaan 30 sekunnissa, Elastinen kuvailee.<\/p>\n<p class=\"article-content article-content-width !bg-background\">Juuri siksi The Voice jaksaa innostaa kaudesta toiseen.<\/p>\n<p class=\"article-content article-content-width !bg-background\">\u2013 T\u00e4m\u00e4 pit\u00e4\u00e4 minut inspiroituneena. Ja kun sen oppii, ett\u00e4 energia kiert\u00e4\u00e4, siit\u00e4 haluaa pit\u00e4\u00e4 kiinni. Toivon, ett\u00e4 saan tehd\u00e4 musiikkiin liittyvi\u00e4 t\u00f6it\u00e4 koko ik\u00e4ni.<\/p>\n<p>        <a itemprop=\"url\" href=\"https:\/\/www.seiska.fi\/katso\/arttu-wiskari-avoimena-alkoholinkayostaan-tama-on-tilanne-nyt\/2046956\" rel=\"nofollow noopener\" target=\"_blank\"><\/p>\n<p>\nT\u00e4m\u00e4 on tilanne nyt\n<\/p>\n<p class=\"section-date\">\n        <strong class=\"article-section\" data-section=\"katso\"><br \/>\n            katso<br \/>\n        <\/strong><br \/>\n        15.1. 11:15\n    <\/p>\n<p>Arttu Wiskari avoimena alkoholink\u00e4y\u00f6st\u00e4\u00e4n \u2013 t\u00e4m\u00e4 on tilanne nyt\n    <\/p>\n<p itemprop=\"description\" class=\"subtitle \">\n    Arttu Wiskari palaa j\u00e4lleen The Voice of Finland -ohjelman t\u00e4htivalmentajaksi.\n<\/p>\n<p>        <\/a><\/p>\n<p>Rapin suhteen poikkeus<\/p>\n<p class=\"article-content article-content-width !bg-background\">Yksi tulevan kauden kiinnostavimmista yll\u00e4tyksist\u00e4 liittyy r\u00e4ppiin. Kyseisen genren parista itse ponnistanut Elastinen on aiemmin suhtautunut varauksella rap-artistien sopivuuteen The Voiceen.<\/p>\n<p class=\"article-content article-content-width !bg-background\">\u2013 Kotimainen r\u00e4ppi sopii formaattiin tosi huonosti. R\u00e4pin ydin on siin\u00e4, ett\u00e4 olet t\u00e4ysin oma itsesi, tulkitset omaa materiaaliasi covereiden sijaan ja kerrot omasta el\u00e4m\u00e4st\u00e4si, Elastinen m\u00e4\u00e4rittelee.<\/p>\n<p class=\"article-content article-content-width !bg-background\">T\u00e4ll\u00e4 kaudella tilanne kuitenkin muuttuu.<\/p>\n<p class=\"article-content article-content-width !bg-background\">\u2013 Siell\u00e4 saattaa olla tulossa merkitt\u00e4v\u00e4 muutos asiaan. Meill\u00e4 on mukana rap-pohjainen artisti, joka on oikeasti poikkeuksellinen. Sen verran voin sanoa, Elastinen vihjaa.<\/p>\n<p>        <a itemprop=\"url\" href=\"https:\/\/www.seiska.fi\/katso\/tassa-ovat-the-voice-of-finlandin-kilpailijat-mukana-useita-julkkiksia\/2044712\" rel=\"nofollow noopener\" target=\"_blank\"><\/p>\n<p>\nThe Voice of Finland\n<\/p>\n<p class=\"section-date\">\n        <strong class=\"article-section\" data-section=\"katso\"><br \/>\n            katso<br \/>\n        <\/strong><br \/>\n        13.1. 12:27\n    <\/p>\n<p>T\u00e4ss\u00e4 ovat The Voice of Finlandin kilpailijat \u2013 mukana useita julkkiksia\n    <\/p>\n<p itemprop=\"description\" class=\"subtitle \">\n    The Voice of Finland alkaa j\u00e4lleen 23. tammikuuta.\n<\/p>\n<p>        <\/a><\/p>\n<p>\u201dPutkikatseella musiikki edell\u00e4\u201d<\/p>\n<p class=\"article-content article-content-width !bg-background\">Perheen n\u00e4k\u00f6kulmasta The Voice on Elastiselle jopa poikkeuksellisen selke\u00e4 ty\u00f6rupeama.<\/p>\n<p class=\"article-content article-content-width !bg-background\">\u2013 T\u00e4m\u00e4 on melkein kuin p\u00e4iv\u00e4ty\u00f6. On sovitut aikataulut, kun taas artistin arki on yleens\u00e4 aika kaoottista ja iltapainotteista, Elastinen kertoo.<\/p>\n<p class=\"article-content article-content-width !bg-background\">Juuri selkeys on tehnyt hyv\u00e4\u00e4.<\/p>\n<p class=\"article-content article-content-width !bg-background\">\u2013 Perhe on antanut raamit kaikelle luovalle haahuilulle. 35 vuotta meni putkikatseella musiikki edell\u00e4, ja t\u00e4m\u00e4 on ollut yll\u00e4tt\u00e4v\u00e4n virkist\u00e4v\u00e4\u00e4, kolmen lapsen is\u00e4 kertoo.<\/p>\n<p class=\"article-content article-content-width !bg-background\">Kotona ohjelmaa ei kuitenkaan juuri katsota \u2013 eik\u00e4 Elastinen katso itse\u00e4\u00e4n mielell\u00e4\u00e4n ruudulta.<\/p>\n<p class=\"article-content article-content-width !bg-background\">\u2013 En tykk\u00e4\u00e4 katsoa itse\u00e4ni yht\u00e4\u00e4n. Jos jotain, niin katson laulajien p\u00e4tki\u00e4, Elastinen paljastaa.<\/p>\n<p class=\"italic m-italic article-content article-content-width !bg-background\">The Voice of Finland Nelosella ja Ruudussa 23.1. kello 19.30.<\/p>\n<p>        <a itemprop=\"url\" href=\"https:\/\/www.seiska.fi\/katso\/the-voice-of-finland-palaa-muistatko-nama-vanhat-tahtivalmentajat\/2044591\" rel=\"nofollow noopener\" target=\"_blank\"><\/p>\n<p>\nThe Voice of Finland\n<\/p>\n<p class=\"section-date\">\n        <strong class=\"article-section\" data-section=\"katso\"><br \/>\n            katso<br \/>\n        <\/strong><br \/>\n        13.1. 11:16\n    <\/p>\n<p>The Voice of Finland palaa \u2013 muistatko n\u00e4m\u00e4 vanhat t\u00e4htivalmentajat?\n    <\/p>\n<p itemprop=\"description\" class=\"subtitle \">\n    Ensimm\u00e4isten The Voice of Finland -kausien juontajan paikalta muistetaan kohunimi.\n<\/p>\n<p>        <\/a><\/p>\n","protected":false},"excerpt":{"rendered":"The Voice of Finland. Elastinen. ATTE KAJOVA ATTE KAJOVA Uudella The Voice of Finland -kaudella Elastinen lupaa merkitt\u00e4v\u00e4\u00e4&hellip;\n","protected":false},"author":2,"featured_media":144956,"comment_status":"","ping_status":"","sticky":false,"template":"","format":"standard","meta":{"footnotes":""},"categories":[133],"tags":[11879,137,33,31,30,11878,24760,1758,5918,7420,2158,5458,32,206,6878,156,24759,109],"class_list":{"0":"post-144955","1":"post","2":"type-post","3":"status-publish","4":"format-standard","5":"has-post-thumbnail","7":"category-televisiot","8":"tag-elastinen","9":"tag-entertainment","10":"tag-fi","11":"tag-finland","12":"tag-finnish","13":"tag-jenni-vartiainen","14":"tag-musiikkigenre","15":"tag-nelonen","16":"tag-rap","17":"tag-rappi","18":"tag-ruutu","19":"tag-sanni","20":"tag-suomi","21":"tag-televisiot","22":"tag-the-voice-of-finland","23":"tag-tv","24":"tag-uutuuskausi","25":"tag-viihde"},"share_on_mastodon":{"url":"https:\/\/pubeurope.com\/@fi\/115911288780971568","error":""},"_links":{"self":[{"href":"https:\/\/www.europesays.com\/fi\/wp-json\/wp\/v2\/posts\/144955","targetHints":{"allow":["GET"]}}],"collection":[{"href":"https:\/\/www.europesays.com\/fi\/wp-json\/wp\/v2\/posts"}],"about":[{"href":"https:\/\/www.europesays.com\/fi\/wp-json\/wp\/v2\/types\/post"}],"author":[{"embeddable":true,"href":"https:\/\/www.europesays.com\/fi\/wp-json\/wp\/v2\/users\/2"}],"replies":[{"embeddable":true,"href":"https:\/\/www.europesays.com\/fi\/wp-json\/wp\/v2\/comments?post=144955"}],"version-history":[{"count":0,"href":"https:\/\/www.europesays.com\/fi\/wp-json\/wp\/v2\/posts\/144955\/revisions"}],"wp:featuredmedia":[{"embeddable":true,"href":"https:\/\/www.europesays.com\/fi\/wp-json\/wp\/v2\/media\/144956"}],"wp:attachment":[{"href":"https:\/\/www.europesays.com\/fi\/wp-json\/wp\/v2\/media?parent=144955"}],"wp:term":[{"taxonomy":"category","embeddable":true,"href":"https:\/\/www.europesays.com\/fi\/wp-json\/wp\/v2\/categories?post=144955"},{"taxonomy":"post_tag","embeddable":true,"href":"https:\/\/www.europesays.com\/fi\/wp-json\/wp\/v2\/tags?post=144955"}],"curies":[{"name":"wp","href":"https:\/\/api.w.org\/{rel}","templated":true}]}}