{"id":14498,"date":"2025-08-24T00:11:10","date_gmt":"2025-08-24T00:11:10","guid":{"rendered":"https:\/\/www.europesays.com\/fi\/14498\/"},"modified":"2025-08-24T00:11:10","modified_gmt":"2025-08-24T00:11:10","slug":"mm-paikkaan-uskova-oliver-helander-uhoaa-jos-halutaan-jonkinlaista-menestysta-minun-pitaisi-olla-mukana-urheilua-lyhyesti","status":"publish","type":"post","link":"https:\/\/www.europesays.com\/fi\/14498\/","title":{"rendered":"MM-paikkaan uskova Oliver Helander uhoaa: \u201dJos halutaan jonkinlaista menestyst\u00e4, minun pit\u00e4isi olla mukana\u201d | Urheilua lyhyesti"},"content":{"rendered":"<p class=\"sc-jYczwO sc-dNFkOE bUKqJd eiHPxO yle__article__paragraph\">Helanderin mukaan Timattiliigan hyv\u00e4 heittosarja johtui yksinkertaisesti siit\u00e4, ett\u00e4 h\u00e4n pystyi heitt\u00e4m\u00e4\u00e4n terveen\u00e4.<\/p>\n<p><img decoding=\"async\" alt=\"Oliver Helander kastar spjut.\" src=\"https:\/\/www.europesays.com\/fi\/wp-content\/uploads\/2025\/08\/39-151140568a9cb33d4951.jpeg\" class=\"sc-dntSTA iywpZY\"\/><\/p>\n<p>Avaa kuvien katselu<\/p>\n<p>Kuva: Chai v.d. Laage \/ AOP<\/p>\n<ul aria-label=\"Tekij\u00e4t\" class=\"sc-cCVJLD hgYMQq\">\n<li class=\"sc-pYNGo dfIAWA\">Paavo Forsberg, <\/li>\n<li class=\"sc-pYNGo dfIAWA\">Aino Paloniemi<\/li>\n<\/ul>\n<p class=\"sc-jYczwO sc-ciCoXh bUKqJd cIOueB yle__article__paragraph\"><strong class=\"sc-eEHciv gtNhAX yle__article__strong\">Oliver Helander<\/strong> kiskaisi vaikean alkukauden j\u00e4lkeen miesten keih\u00e4\u00e4n kotimaisen k\u00e4rkituloksen 83,97 Brysselin Timanttiliigan kilpailussa perjantaina. Suomalainen ylitti 80 metrin rajan kaikkiaan kolmesti.<\/p>\n<p class=\"sc-jYczwO sc-ciCoXh bUKqJd cIOueB yle__article__paragraph\">Helanderin mukaan mainio heittosarja ei johtunut tavallisesta paremmasta vireest\u00e4, vaan yksinkertaisesti siit\u00e4, ett\u00e4 h\u00e4n pystyy vihdoin heitt\u00e4m\u00e4\u00e4n ilman vaivoja.<\/p>\n<p class=\"sc-jYczwO sc-ciCoXh bUKqJd cIOueB yle__article__paragraph\">Esimerkiksi Kalevan kisojen finaalin Helander j\u00e4tti kesken nivusessa olleiden tuntemusten takia. Nyt kunto on hyv\u00e4, eik\u00e4 vammoja ole.<\/p>\n<p class=\"sc-jYczwO sc-ciCoXh bUKqJd cIOueB yle__article__paragraph\">\u2013 Kalevan kisoissa olisi my\u00f6s satavarmasti ollut tuollainen tulos, jos vain paikat olisivat olleet kunnossa. Silloin ei ollut j\u00e4rke\u00e4 l\u00e4hte\u00e4 rikkomaan itse\u00e4ni. Sitten kausi olisi p\u00e4\u00e4ttynyt siihen enk\u00e4 olisi pystynyt heitt\u00e4m\u00e4\u00e4n t\u00e4\u00e4ll\u00e4, ja MM-unelma olisi j\u00e4\u00e4nyt v\u00e4liin, Helander sanoo.<\/p>\n<p class=\"sc-jYczwO sc-ciCoXh bUKqJd cIOueB yle__article__paragraph\">\u2013 Oli kaikin puolin j\u00e4rkev\u00e4 p\u00e4\u00e4t\u00f6s j\u00e4tt\u00e4\u00e4 se kisa kesken ja keskitty\u00e4 Brysseliin. T\u00e4m\u00e4 meni sen verran hyvin, ett\u00e4 uskon vahvasti, ett\u00e4 minut valitaan MM-joukkueeseen.<\/p>\n<p>Seuraa Ruotsi-ottelua<\/p>\n<p class=\"sc-jYczwO sc-ciCoXh bUKqJd cIOueB yle__article__paragraph\">My\u00f6s Ruotsi-ottelussa keih\u00e4st\u00e4 heitt\u00e4v\u00e4t <strong class=\"sc-eEHciv gtNhAX yle__article__strong\">Toni Ker\u00e4nen<\/strong>, <strong class=\"sc-eEHciv gtNhAX yle__article__strong\">Eemil Porvari<\/strong> ja <strong class=\"sc-eEHciv gtNhAX yle__article__strong\">Lassi Etel\u00e4talo<\/strong> ovat valintakelpoisia Tokioon. Helander tunnustaa, ettei h\u00e4nen paikkansa MM-kisoissa ole Brysselin onnistumisesta huolimatta viel\u00e4 varma.<\/p>\n<p class=\"sc-jYczwO sc-ciCoXh bUKqJd cIOueB yle__article__paragraph\">\u2013 Ei se varmaan varma ole, mutta kyll\u00e4 min\u00e4 n\u00e4en sen v\u00e4h\u00e4n sill\u00e4 tavalla, ett\u00e4 jos halutaan jonkinn\u00e4k\u00f6ist\u00e4 keih\u00e4smenestyst\u00e4, niin minun pit\u00e4isi olla siin\u00e4 joukkueessa mukana.<\/p>\n<p class=\"sc-jYczwO sc-ciCoXh bUKqJd cIOueB yle__article__paragraph\">Helander aikoo pit\u00e4\u00e4 Ruotsi-ottelun miesten keih\u00e4skisaa silm\u00e4ll\u00e4.<\/p>\n<p class=\"sc-jYczwO sc-ciCoXh bUKqJd cIOueB yle__article__paragraph\">\u2013 Kai sit\u00e4 on pakko seurata. Se on minulle kuitenkin aika t\u00e4rke\u00e4 kisa. Pit\u00e4\u00e4 katsoa, miten he heitt\u00e4v\u00e4t.<\/p>\n<p class=\"sc-jYczwO sc-ciCoXh bUKqJd cIOueB yle__article__paragraph\">Seuraavien viikkojen aikana Helander aikoo keskitty\u00e4 laadukkaaseen perustreeniin ja k\u00e4yd\u00e4 tekem\u00e4ss\u00e4 muutamia heittoharjoituksia.<\/p>\n<p class=\"sc-jYczwO sc-ciCoXh bUKqJd cIOueB yle__article__paragraph\">\u2013 Sitten pit\u00e4isi olla kaikki valmista heitt\u00e4\u00e4 pitk\u00e4lle.<\/p>\n","protected":false},"excerpt":{"rendered":"Helanderin mukaan Timattiliigan hyv\u00e4 heittosarja johtui yksinkertaisesti siit\u00e4, ett\u00e4 h\u00e4n pystyi heitt\u00e4m\u00e4\u00e4n terveen\u00e4. Avaa kuvien katselu Kuva: Chai&hellip;\n","protected":false},"author":2,"featured_media":14499,"comment_status":"","ping_status":"","sticky":false,"template":"","format":"standard","meta":{"footnotes":""},"categories":[5],"tags":[22,23,26,27,33,31,30,17,5808,4182,24,25,28,29,5567,15,2819,18,21,32,4181,19,20,16,162,2611],"class_list":{"0":"post-14498","1":"post","2":"type-post","3":"status-publish","4":"format-standard","5":"has-post-thumbnail","7":"category-otsikot","8":"tag-breaking-news","9":"tag-breakingnews","10":"tag-featured-news","11":"tag-featurednews","12":"tag-fi","13":"tag-finland","14":"tag-finnish","15":"tag-headlines","16":"tag-kalevan-kisat","17":"tag-keihaanheitto","18":"tag-latest-news","19":"tag-latestnews","20":"tag-main-news","21":"tag-mainnews","22":"tag-miesten-keihaanheitto","23":"tag-news","24":"tag-oliver-helander","25":"tag-otsikot","26":"tag-paauutiset","27":"tag-suomi","28":"tag-timanttiliiga","29":"tag-top-stories","30":"tag-topstories","31":"tag-uutiset","32":"tag-yleisurheilu","33":"tag-yleisurheilun-mm-2025"},"share_on_mastodon":{"url":"","error":""},"_links":{"self":[{"href":"https:\/\/www.europesays.com\/fi\/wp-json\/wp\/v2\/posts\/14498","targetHints":{"allow":["GET"]}}],"collection":[{"href":"https:\/\/www.europesays.com\/fi\/wp-json\/wp\/v2\/posts"}],"about":[{"href":"https:\/\/www.europesays.com\/fi\/wp-json\/wp\/v2\/types\/post"}],"author":[{"embeddable":true,"href":"https:\/\/www.europesays.com\/fi\/wp-json\/wp\/v2\/users\/2"}],"replies":[{"embeddable":true,"href":"https:\/\/www.europesays.com\/fi\/wp-json\/wp\/v2\/comments?post=14498"}],"version-history":[{"count":0,"href":"https:\/\/www.europesays.com\/fi\/wp-json\/wp\/v2\/posts\/14498\/revisions"}],"wp:featuredmedia":[{"embeddable":true,"href":"https:\/\/www.europesays.com\/fi\/wp-json\/wp\/v2\/media\/14499"}],"wp:attachment":[{"href":"https:\/\/www.europesays.com\/fi\/wp-json\/wp\/v2\/media?parent=14498"}],"wp:term":[{"taxonomy":"category","embeddable":true,"href":"https:\/\/www.europesays.com\/fi\/wp-json\/wp\/v2\/categories?post=14498"},{"taxonomy":"post_tag","embeddable":true,"href":"https:\/\/www.europesays.com\/fi\/wp-json\/wp\/v2\/tags?post=14498"}],"curies":[{"name":"wp","href":"https:\/\/api.w.org\/{rel}","templated":true}]}}