{"id":145382,"date":"2026-01-18T04:45:06","date_gmt":"2026-01-18T04:45:06","guid":{"rendered":"https:\/\/www.europesays.com\/fi\/145382\/"},"modified":"2026-01-18T04:45:06","modified_gmt":"2026-01-18T04:45:06","slug":"han-kuulee-muttei-kuuntele-donald-trump-on-kuin-oppikirjaesimerkki-aikajohdonmukaisuusongelmasta","status":"publish","type":"post","link":"https:\/\/www.europesays.com\/fi\/145382\/","title":{"rendered":"H\u00e4n kuulee, muttei kuuntele \u2013 Donald Trump on kuin oppikirjaesimerkki aikajohdonmukaisuusongelmasta"},"content":{"rendered":"<p>Kukaan ei ole lain yl\u00e4puolella, ja t\u00e4m\u00e4 totisesti p\u00e4tee my\u00f6s Yhdysvaltain keskuspankin p\u00e4\u00e4johtajaan. Niin sanoi <strong>Jerome Powell<\/strong>, kyseisen keskuspankin p\u00e4\u00e4johtaja, <a href=\"https:\/\/www.federalreserve.gov\/newsevents\/speech\/powell20260111a.htm\" target=\"_blank\" rel=\"noreferrer noopener nofollow\">videolausunnossaan<\/a> tammikuussa.<\/p>\n<p>Powellista on k\u00e4ynniss\u00e4 rikostutkinta, joka liittyy keskuspankin rakennusten remonttiin. Videoviestiss\u00e4\u00e4n Powell sanoi, ett\u00e4 oikeasti kyse ei kuitenkaan ole remontista. Pikemminkin siit\u00e4, ett\u00e4 keskuspankki on asettanut ohjauskorot parhaan arvionsa mukaisesti eik\u00e4 sen mukaisesti, mit\u00e4 presidentti <strong>Donald Trump<\/strong> on toivonut.<\/p>\n<p>Powellin edelt\u00e4j\u00e4t, kollegat Euroopasta ja pomot Wall Streetin pankeista ovat asettuneet h\u00e4nen tuekseen. JPMorgan Chasen johtaja <strong>Jamie Dimon<\/strong> on <a href=\"https:\/\/www.economist.com\/finance-and-economics\/2026\/01\/14\/jerome-powell-punches-back\" target=\"_blank\" rel=\"noreferrer noopener nofollow\">sanonut<\/a>, ett\u00e4 keskuspankin itsen\u00e4isyyden murentaminen ei varmaankaan ole hyv\u00e4 idea.<\/p>\n<p>Powellin kausi pankin johdossa p\u00e4\u00e4ttyy toukokuussa. Trump saa nimitt\u00e4\u00e4 seuraajan.<br \/>Kuka ikin\u00e4 uudeksi johtajaksi nimitet\u00e4\u00e4nkin, h\u00e4n saa vain yhden \u00e4\u00e4nen 12-j\u00e4seniseen komiteaan, joka p\u00e4\u00e4tt\u00e4\u00e4 ohjauskoroista. <\/p>\n<p>Powellin kausi komiteassa jatkuu vuoteen 2028 saakka. Tavallisesti p\u00e4\u00e4johtajat ovat eronneet komiteasta samalla, kun heid\u00e4n kautensa p\u00e4\u00e4johtajana on p\u00e4\u00e4ttynyt. Ehk\u00e4 Powell valitsee toisin. Ihan Trumpin kiusaksi tai puolustaakseen konservatiivisen keskuspankkiirin ideaa. <\/p>\n<p>Idea on taloustieteilij\u00e4 <strong>Kenneth Rogoffin<\/strong>. Se oli Rogoffin ratkaisu niin sanottuun aikajohdonmukaisuusongelmaan.<\/p>\n<p>Aikajohdonmukaisuusongelma taas on hieno sana sille, ett\u00e4 poliitikot ovat usein aika lyhytn\u00e4k\u00f6isi\u00e4. Poliitikoilla on kiusaus vaatia mahdollisimman matalia korkoja. Matalat korot ruokkivat talouskasvua, ja siit\u00e4h\u00e4n poliitikot pit\u00e4v\u00e4t, kasvulukuja on mukava esitell\u00e4 \u00e4\u00e4nest\u00e4jille.<\/p>\n<p>Matalien korkojen k\u00e4\u00e4nt\u00f6puoli on korkea inflaatio. Siksi tarvitaan konservatiivinen keskuspankkiiri, joka keskittyy seuraavien vaalien sijaan miettim\u00e4\u00e4n pidemm\u00e4n aikav\u00e4lin hy\u00f6tyj\u00e4. Keskuspankkiirin toimikausi pit\u00e4\u00e4 olla suht pitk\u00e4 ja h\u00e4nen erottamisensa pit\u00e4\u00e4 tehd\u00e4 mahdollisimman vaikeaksi.  <\/p>\n<p>Niin v\u00e4ltet\u00e4\u00e4n se, mit\u00e4 esimerkiksi Turkissa on n\u00e4hty. Kuten Trump, Turkin presidentti <strong>Recep Tayyip Erdo\u011fan<\/strong>\u00a0ei h\u00e4nk\u00e4\u00e4n pid\u00e4 korkeista koroista. Niinp\u00e4 h\u00e4n heitti keskuspankkinsa johtajan pihalle ja palkkasi tilalle h\u00e4nen toiveilleen my\u00f6t\u00e4mielisemm\u00e4n pomon. <\/p>\n<p>T\u00e4m\u00e4n veivauksen lopputulema on n\u00e4ht\u00e4viss\u00e4 Turkin inflaatioluvuissa, jotka ovat kaksinumeroisia.  <\/p>\n<p>Poliitikkojen toiveet talouskasvua kiihdytt\u00e4v\u00e4st\u00e4 korkopolitiikasta eiv\u00e4t ole ominaisia vain autoritaarisesti johdetuille maille. Vastaavia toiveita on kuultu my\u00f6s Euroopassa. <\/p>\n<p>\u201dI hear, but I don\u2019t listen\u201d, sanoi Euroopan keskuspankin ensimm\u00e4inen p\u00e4\u00e4johtaja vuonna 2001, kun h\u00e4nelt\u00e4 toivottiin matalampia korkoja.<\/p>\n<p>Vuonna 2022 silloinen p\u00e4\u00e4ministeri Sanna Marin tviittaili, ett\u00e4 \u201dvallitsevissa rahapolitiikan ideoissa on jotain pahasti pieless\u00e4\u201d.<\/p>\n<p>Mik\u00e4 niiss\u00e4 on pieless\u00e4? T\u00e4h\u00e4n yritin tuolloin etsi\u00e4 vastausta Suomen Kuvalehden jutussa. Marinin n\u00e4kemykset j\u00e4iv\u00e4t v\u00e4h\u00e4n ep\u00e4selviksi, koska h\u00e4n ei halunnut kommentoida. Sen sijaan ymm\u00e4rsin itse aiempaa paremmin, miksi keskuspankin itsen\u00e4isyys on niin t\u00e4rke\u00e4\u00e4:<\/p>\n<p>            Lue juttu: Liian kallis kori          <\/p>\n","protected":false},"excerpt":{"rendered":"Kukaan ei ole lain yl\u00e4puolella, ja t\u00e4m\u00e4 totisesti p\u00e4tee my\u00f6s Yhdysvaltain keskuspankin p\u00e4\u00e4johtajaan. Niin sanoi Jerome Powell, kyseisen&hellip;\n","protected":false},"author":2,"featured_media":145383,"comment_status":"","ping_status":"","sticky":false,"template":"","format":"standard","meta":{"footnotes":"","_share_on_mastodon":"0"},"categories":[76],"tags":[12023,79,77,33,31,30,12025,32,78],"class_list":["post-145382","post","type-post","status-publish","format-standard","has-post-thumbnail","category-talous","tag-ajankohtainen","tag-business","tag-economy","tag-fi","tag-finland","tag-finnish","tag-juttu-2","tag-suomi","tag-talous"],"share_on_mastodon":{"url":"https:\/\/pubeurope.com\/@fi\/115914284945386079","error":""},"_links":{"self":[{"href":"https:\/\/www.europesays.com\/fi\/wp-json\/wp\/v2\/posts\/145382","targetHints":{"allow":["GET"]}}],"collection":[{"href":"https:\/\/www.europesays.com\/fi\/wp-json\/wp\/v2\/posts"}],"about":[{"href":"https:\/\/www.europesays.com\/fi\/wp-json\/wp\/v2\/types\/post"}],"author":[{"embeddable":true,"href":"https:\/\/www.europesays.com\/fi\/wp-json\/wp\/v2\/users\/2"}],"replies":[{"embeddable":true,"href":"https:\/\/www.europesays.com\/fi\/wp-json\/wp\/v2\/comments?post=145382"}],"version-history":[{"count":0,"href":"https:\/\/www.europesays.com\/fi\/wp-json\/wp\/v2\/posts\/145382\/revisions"}],"wp:featuredmedia":[{"embeddable":true,"href":"https:\/\/www.europesays.com\/fi\/wp-json\/wp\/v2\/media\/145383"}],"wp:attachment":[{"href":"https:\/\/www.europesays.com\/fi\/wp-json\/wp\/v2\/media?parent=145382"}],"wp:term":[{"taxonomy":"category","embeddable":true,"href":"https:\/\/www.europesays.com\/fi\/wp-json\/wp\/v2\/categories?post=145382"},{"taxonomy":"post_tag","embeddable":true,"href":"https:\/\/www.europesays.com\/fi\/wp-json\/wp\/v2\/tags?post=145382"}],"curies":[{"name":"wp","href":"https:\/\/api.w.org\/{rel}","templated":true}]}}