{"id":145579,"date":"2026-01-18T10:20:08","date_gmt":"2026-01-18T10:20:08","guid":{"rendered":"https:\/\/www.europesays.com\/fi\/145579\/"},"modified":"2026-01-18T10:20:08","modified_gmt":"2026-01-18T10:20:08","slug":"al-pate-mustajarven-kuolinilmoitus-julkaistiin-hautajaiset-laheisten-ja-ystavien-kesken-pirkanmaa","status":"publish","type":"post","link":"https:\/\/www.europesays.com\/fi\/145579\/","title":{"rendered":"AL: Pate Mustaj\u00e4rven kuolinilmoitus julkaistiin \u2013 hautajaiset l\u00e4heisten ja yst\u00e4vien kesken | Pirkanmaa"},"content":{"rendered":"<p class=\"aw-1gybjub aw-5vja16 kEtdKx kmuxyA yle__article__paragraph\">Mustaj\u00e4rven omasta toiveesta hautajaiset eiv\u00e4t ole julkinen tilaisuus.<\/p>\n<p><img decoding=\"async\" alt=\"Suomalainen muusikko Pauli Antero \u201dPate\u201d Mustaj\u00e4rvi.\" src=\"https:\/\/www.europesays.com\/fi\/wp-content\/uploads\/2025\/11\/39-124545765cf4c566386c.jpeg\" class=\"aw-1l9m598 hKVVvP\"\/><\/p>\n<p>Avaa kuvien katselu<\/p>\n<p>Pate Mustaj\u00e4rvi tuli tunnetuksi Popeda-yhtyeen solistina. Popeda perustettiin vuonna 1977 Tampereella. Kuva: Benjamin Suomela \/ Yle<\/p>\n<p class=\"aw-1gybjub aw-1p7kakr kEtdKx cEmitX yle__article__paragraph\">Muusikko <strong class=\"aw-ak79eh KyCXm yle__article__strong\">Pauli \u201dPate\u201d Mustaj\u00e4rven<\/strong> kuolinilmoitus julkaistiin sunnuntaina <a class=\"aw-iao6s4 iHOxEa yle__article__link\" href=\"https:\/\/www.aamulehti.fi\/kulttuuri\/art-2000011751783.html\" role=\"link\" rel=\"nofollow noopener\" target=\"_blank\">Aamulehdess\u00e4<\/a>.<\/p>\n<p class=\"aw-1gybjub aw-1p7kakr kEtdKx cEmitX yle__article__paragraph\">Tapaninp\u00e4iv\u00e4n\u00e4 menehtynyt <a class=\"aw-iao6s4 iHOxEa yle__article__link\" href=\"https:\/\/yle.fi\/v\/video\/91-20201520\" role=\"link\" rel=\"nofollow noopener\" target=\"_blank\">Mustaj\u00e4rvi oli kuollessaan 69-vuotias<\/a>. H\u00e4n sairasti sy\u00f6p\u00e4\u00e4, josta <a class=\"aw-iao6s4 iHOxEa yle__article__link\" href=\"https:\/\/yle.fi\/a\/74-20194259\" role=\"link\" rel=\"nofollow noopener\" target=\"_blank\">kertoi marraskuussa<\/a> sosiaalisessa mediassa.<\/p>\n<p class=\"aw-1gybjub aw-1p7kakr kEtdKx cEmitX yle__article__paragraph\">Kuolinilmoituksen on allekirjoittanut Mustaj\u00e4rven leski <strong class=\"aw-ak79eh KyCXm yle__article__strong\">Tiina Mustaj\u00e4rvi<\/strong>.<\/p>\n<p class=\"aw-1gybjub aw-1p7kakr kEtdKx cEmitX yle__article__paragraph\">Tekstiksi on valittu v\u00e4rssy: Kyynelten l\u00e4pi loistavat \/ Onnellisten p\u00e4ivien muistot \/ Eik\u00e4 rakkaus kuole koskaan.<\/p>\n<p class=\"aw-1gybjub aw-1p7kakr kEtdKx cEmitX yle__article__paragraph\">Kuolinilmoituksessa kiitet\u00e4\u00e4n osanotosta ja my\u00f6t\u00e4el\u00e4misest\u00e4, mutta siin\u00e4 ei ole mainintaa Mustaj\u00e4rven hautajaisista.<\/p>\n<p class=\"aw-1gybjub aw-1p7kakr kEtdKx cEmitX yle__article__paragraph\">Aamulehden vastaava p\u00e4\u00e4toimittaja <strong class=\"aw-ak79eh KyCXm yle__article__strong\">Sanna Keskinen<\/strong> kertoo <a class=\"aw-iao6s4 iHOxEa yle__article__link\" href=\"https:\/\/www.aamulehti.fi\/kolumnit\/art-2000011753174.html\" role=\"link\" rel=\"nofollow noopener\" target=\"_blank\">kolumnissaan<\/a>, ett\u00e4 Mustaj\u00e4rven omasta toiveesta hautajaiset pidet\u00e4\u00e4n vain l\u00e4heisten ja yst\u00e4vien kesken. Mustaj\u00e4rven toive oli, ett\u00e4 my\u00f6s media kunnioittaa t\u00e4t\u00e4 toivetta.<\/p>\n<p class=\"aw-1gybjub aw-1p7kakr kEtdKx cEmitX yle__article__paragraph\">Mustaj\u00e4rve\u00e4 muisteltiin tammikuun alussa <a class=\"aw-iao6s4 iHOxEa yle__article__link\" href=\"https:\/\/yle.fi\/a\/74-20202297\" role=\"link\" rel=\"nofollow noopener\" target=\"_blank\">Ylen suorassa tv-l\u00e4hetyksess\u00e4<\/a>.<\/p>\n<p class=\"aw-1gybjub aw-1p7kakr kEtdKx cEmitX yle__article__paragraph\"><strong class=\"aw-ak79eh KyCXm yle__article__strong\">Katso tallenne muistol\u00e4hetyksest\u00e4:<\/strong><\/p>\n<p class=\"aw-1gybjub aw-1p7kakr kEtdKx cEmitX yle__article__paragraph\">Pate Mustaj\u00e4rvi \u2013 suomirockin legenda -muistol\u00e4hetyksen p\u00e4\u00e4osassa olivat Paten muusikkoyst\u00e4v\u00e4t ja soittokaverit sek\u00e4 muita muusikon uralle t\u00e4rkeit\u00e4 ihmisi\u00e4.<\/p>\n<p class=\"aw-1gybjub aw-1p7kakr kEtdKx cEmitX yle__article__paragraph\">My\u00f6s Tampereen kaupunki muisti Mustaj\u00e4rve\u00e4 <a class=\"aw-iao6s4 iHOxEa yle__article__link\" href=\"https:\/\/yle.fi\/a\/74-20202292\" role=\"link\" rel=\"nofollow noopener\" target=\"_blank\">heijastamalla t\u00e4m\u00e4n kuvan <\/a>Tammerkosken voimalaitoksen sein\u00e4\u00e4n.<\/p>\n","protected":false},"excerpt":{"rendered":"Mustaj\u00e4rven omasta toiveesta hautajaiset eiv\u00e4t ole julkinen tilaisuus. Avaa kuvien katselu Pate Mustaj\u00e4rvi tuli tunnetuksi Popeda-yhtyeen solistina. Popeda&hellip;\n","protected":false},"author":2,"featured_media":90124,"comment_status":"","ping_status":"","sticky":false,"template":"","format":"standard","meta":{"footnotes":"","_share_on_mastodon":"0"},"categories":[130],"tags":[137,33,31,30,440,108,4223,47,5730,553,10993,32,551,109],"class_list":["post-145579","post","type-post","status-publish","format-standard","has-post-thumbnail","category-viihde","tag-entertainment","tag-fi","tag-finland","tag-finnish","tag-ihmiset","tag-kulttuuri","tag-kuolleet","tag-musiikki","tag-pate-mustajarvi","tag-pirkanmaa","tag-popeda","tag-suomi","tag-tampere","tag-viihde"],"share_on_mastodon":{"url":"https:\/\/pubeurope.com\/@fi\/115915602170571847","error":""},"_links":{"self":[{"href":"https:\/\/www.europesays.com\/fi\/wp-json\/wp\/v2\/posts\/145579","targetHints":{"allow":["GET"]}}],"collection":[{"href":"https:\/\/www.europesays.com\/fi\/wp-json\/wp\/v2\/posts"}],"about":[{"href":"https:\/\/www.europesays.com\/fi\/wp-json\/wp\/v2\/types\/post"}],"author":[{"embeddable":true,"href":"https:\/\/www.europesays.com\/fi\/wp-json\/wp\/v2\/users\/2"}],"replies":[{"embeddable":true,"href":"https:\/\/www.europesays.com\/fi\/wp-json\/wp\/v2\/comments?post=145579"}],"version-history":[{"count":0,"href":"https:\/\/www.europesays.com\/fi\/wp-json\/wp\/v2\/posts\/145579\/revisions"}],"wp:featuredmedia":[{"embeddable":true,"href":"https:\/\/www.europesays.com\/fi\/wp-json\/wp\/v2\/media\/90124"}],"wp:attachment":[{"href":"https:\/\/www.europesays.com\/fi\/wp-json\/wp\/v2\/media?parent=145579"}],"wp:term":[{"taxonomy":"category","embeddable":true,"href":"https:\/\/www.europesays.com\/fi\/wp-json\/wp\/v2\/categories?post=145579"},{"taxonomy":"post_tag","embeddable":true,"href":"https:\/\/www.europesays.com\/fi\/wp-json\/wp\/v2\/tags?post=145579"}],"curies":[{"name":"wp","href":"https:\/\/api.w.org\/{rel}","templated":true}]}}