{"id":145580,"date":"2026-01-18T10:23:09","date_gmt":"2026-01-18T10:23:09","guid":{"rendered":"https:\/\/www.europesays.com\/fi\/145580\/"},"modified":"2026-01-18T10:23:09","modified_gmt":"2026-01-18T10:23:09","slug":"microsoft-lopettaa-lens-sovelluksensa-vahvisti-nyt-viimeisen-toimintapaivan-2","status":"publish","type":"post","link":"https:\/\/www.europesays.com\/fi\/145580\/","title":{"rendered":"Microsoft lopettaa Lens-sovelluksensa &#8211; vahvisti nyt viimeisen toimintap\u00e4iv\u00e4n"},"content":{"rendered":"<p class=\"wp-block-teknavifi-ingressheading\">Microsoft Lensin loppu l\u00e4hestyy.<\/p>\n<p><a href=\"https:\/\/mobiili.fi\/2025\/08\/09\/microsoft-lopettaa-lens-sovelluksensa\/\" rel=\"nofollow noopener\" target=\"_blank\">Alun perin Microsoft kertoi Lensin alasajosta jo elokuussa 2025<\/a>, jolloin lopun kerrottiin koittavan 15. joulukuuta. Sittemmin aikataulu on ven\u00e4ht\u00e4nyt.<\/p>\n<p>Microsoft on kertonut nyt <a href=\"https:\/\/support.microsoft.com\/en-us\/topic\/retirement-of-microsoft-lens-fc965de7-499d-4d38-aeae-f6e48271652d\" rel=\"nofollow noopener\" target=\"_blank\">tukisivuillaan<\/a>, ett\u00e4 Microsoft Lensin tuki p\u00e4\u00e4ttyy 9. helmikuuta. Samana p\u00e4iv\u00e4n\u00e4 sovellus poistetaan sek\u00e4 Applen App Storesta ett\u00e4 Google Playsta.<\/p>\n<p>Dokumenttien skannaaminen onnistuu Lensill\u00e4 viel\u00e4 9. maaliskuuta 2026 asti. T\u00e4m\u00e4n j\u00e4lkeen uusien skannausten tekeminen ei en\u00e4\u00e4 onnistu. Aiemmin tallennettuja skannauksia voi kuitenkin edelleen tarkastella, mik\u00e4li sovellus on jo asennettuna k\u00e4ytt\u00e4j\u00e4n laitteessa.<\/p>\n<p>Microsoft kehottaa k\u00e4ytt\u00e4ji\u00e4 siirtym\u00e4\u00e4n OneDrive-sovelluksen k\u00e4ytt\u00f6\u00f6n. Aiemmin vaihtoehdoksi tarjottiin Microsoft 365 Copilot -sovellusta, mutta mielenkiintoisesti suositus on sittemmin vaihtunut.<\/p>\n<p>Kaikkia varsin pidetyn Microsoft Lensin loppu ja tarjotut vaihtoehdot eiv\u00e4t ole miellytt\u00e4neet. Verrattuna yksinkertaiseen, suoraviivaiseen Lensiin Microsoftin tarjoamat vaihtoehdot ovat monimutkaisempia.<\/p>\n<p>Toki muilta kuin Microsoftilta tarjolle on my\u00f6s paljon erilaisia skannerisovelluksia.<\/p>\n<p>            <img decoding=\"async\" src=\"https:\/\/www.europesays.com\/fi\/wp-content\/uploads\/2026\/01\/1768731789_924_65c21c901e6ae35b44de81d90a2ca2d1c3a24c673e2e76f40f42ec61ae1d005a.jpeg\" alt=\"Markus Lehtiniitty \/ Mobiili.fi\" itemprop=\"image\"\/>          <\/p>\n<p>\n          Toimittaja<br \/>\n          Markus Lehtiniitty \/ Mobiili.fi\n        <\/p>\n","protected":false},"excerpt":{"rendered":"Microsoft Lensin loppu l\u00e4hestyy. Alun perin Microsoft kertoi Lensin alasajosta jo elokuussa 2025, jolloin lopun kerrottiin koittavan 15.&hellip;\n","protected":false},"author":2,"featured_media":145581,"comment_status":"","ping_status":"","sticky":false,"template":"","format":"standard","meta":{"footnotes":"","_share_on_mastodon":"0"},"categories":[76],"tags":[79,77,33,31,30,1567,24843,32,78],"class_list":["post-145580","post","type-post","status-publish","format-standard","has-post-thumbnail","category-talous","tag-business","tag-economy","tag-fi","tag-finland","tag-finnish","tag-microsoft","tag-microsoft-lens","tag-suomi","tag-talous"],"share_on_mastodon":{"url":"https:\/\/pubeurope.com\/@fi\/115915614073843136","error":""},"_links":{"self":[{"href":"https:\/\/www.europesays.com\/fi\/wp-json\/wp\/v2\/posts\/145580","targetHints":{"allow":["GET"]}}],"collection":[{"href":"https:\/\/www.europesays.com\/fi\/wp-json\/wp\/v2\/posts"}],"about":[{"href":"https:\/\/www.europesays.com\/fi\/wp-json\/wp\/v2\/types\/post"}],"author":[{"embeddable":true,"href":"https:\/\/www.europesays.com\/fi\/wp-json\/wp\/v2\/users\/2"}],"replies":[{"embeddable":true,"href":"https:\/\/www.europesays.com\/fi\/wp-json\/wp\/v2\/comments?post=145580"}],"version-history":[{"count":0,"href":"https:\/\/www.europesays.com\/fi\/wp-json\/wp\/v2\/posts\/145580\/revisions"}],"wp:featuredmedia":[{"embeddable":true,"href":"https:\/\/www.europesays.com\/fi\/wp-json\/wp\/v2\/media\/145581"}],"wp:attachment":[{"href":"https:\/\/www.europesays.com\/fi\/wp-json\/wp\/v2\/media?parent=145580"}],"wp:term":[{"taxonomy":"category","embeddable":true,"href":"https:\/\/www.europesays.com\/fi\/wp-json\/wp\/v2\/categories?post=145580"},{"taxonomy":"post_tag","embeddable":true,"href":"https:\/\/www.europesays.com\/fi\/wp-json\/wp\/v2\/tags?post=145580"}],"curies":[{"name":"wp","href":"https:\/\/api.w.org\/{rel}","templated":true}]}}