{"id":14584,"date":"2025-08-24T03:58:10","date_gmt":"2025-08-24T03:58:10","guid":{"rendered":"https:\/\/www.europesays.com\/fi\/14584\/"},"modified":"2025-08-24T03:58:10","modified_gmt":"2025-08-24T03:58:10","slug":"timanttiliigassa-hurjasteltiin-jattiyllatys-jukka-keskisalon-suomen-ennatyskin-kalpenee-urheilua-lyhyesti","status":"publish","type":"post","link":"https:\/\/www.europesays.com\/fi\/14584\/","title":{"rendered":"Timanttiliigassa hurjasteltiin j\u00e4ttiyll\u00e4tys \u2013 Jukka Keskisalon Suomen enn\u00e4tyskin kalpenee | Urheilua lyhyesti"},"content":{"rendered":"<p class=\"sc-jYczwO sc-dNFkOE bUKqJd eiHPxO yle__article__paragraph\">Luxemburgin Ruben Querinjean juhli Brysselin Timanttiliigassa ainutlaatuista ykk\u00f6ssijaa. Yksik\u00e4\u00e4n suomalainen estejuoksija ei ole juossut yht\u00e4 kovaa.<\/p>\n<p><img decoding=\"async\" alt=\"Ruben Querinjean s\u00e4v\u00e4ytti Timanttiliigan 3 000 metrin estejuoksussa.\" src=\"https:\/\/www.europesays.com\/fi\/wp-content\/uploads\/2025\/08\/39-151139668a9c4df7f6a7.jpeg\" class=\"sc-dntSTA iywpZY\"\/><\/p>\n<p>Avaa kuvien katselu<\/p>\n<p>Luxemburgin Ruben Querinjean kiri Brysselin estekisan voittoon. Kuva: Getty Images<\/p>\n<p class=\"sc-jYczwO sc-ciCoXh bUKqJd cIOueB yle__article__paragraph\"><a class=\"sc-jDJeIs gotUgl yle__article__link\" href=\"https:\/\/yle.fi\/a\/74-20177010\" role=\"link\" rel=\"nofollow noopener\" target=\"_blank\">Yleisurheilun MM-kilpailut 2025 j\u00e4rjestet\u00e4\u00e4n Tokiossa 13.\u201321. syyskuuta. Kisat n\u00e4hd\u00e4\u00e4n ja kuullaan suorina l\u00e4hetyksin\u00e4 Ylen kanavilla.<\/a><\/p>\n<p class=\"sc-jYczwO sc-ciCoXh bUKqJd cIOueB yle__article__paragraph\">Perjantai-iltana pidetyss\u00e4 Brysselin Timanttiliigassa koettiin historiallinen hetki. Miesten 3\u00a0000 metrin esteiss\u00e4 voittoon juoksi todellinen yll\u00e4tysnimi, Luxemburgin <strong class=\"sc-eEHciv gtNhAX yle__article__strong\">Ruben Querinjean<\/strong> maansa enn\u00e4tysajalla 8.09,37.<\/p>\n<p class=\"sc-jYczwO sc-ciCoXh bUKqJd cIOueB yle__article__paragraph\">23-vuotiaasta estejuoksijasta tuli maansa kaikkien aikojen ensimm\u00e4inen miespuolinen osakilpailuvoittaja Timanttiliigassa. Naisten puolella pikajuoksija <strong class=\"sc-eEHciv gtNhAX yle__article__strong\">Patrizia van der Weken<\/strong> ylsi viime vuonna historialliseen temppuun Pariisin Timanttiliigan satasella.<\/p>\n<p class=\"sc-jYczwO sc-ciCoXh bUKqJd cIOueB yle__article__paragraph\">Van der Weken pinkoi viime talvena 60 metrin juoksussa kolmanneksi niin EM- kuin MM-halleissa.<\/p>\n<p class=\"sc-jYczwO sc-ciCoXh bUKqJd cIOueB yle__article__paragraph\">Querinjean lohkaisi aiemmasta enn\u00e4tyksest\u00e4\u00e4n liki viisi sekuntia pois. H\u00e4nen edellinen enn\u00e4tyksens\u00e4 8.14,33 oli t\u00e4m\u00e4n kes\u00e4n Turun Paavo Nurmen kisoista, jossa h\u00e4n oli nelj\u00e4s.<\/p>\n<p class=\"sc-jYczwO sc-ciCoXh bUKqJd cIOueB yle__article__paragraph\">Kaikki t\u00e4m\u00e4n kauden parhaimmat menij\u00e4t eiv\u00e4t olleet paikalla, mutta Querinjean j\u00e4tti silti useita matkan tekij\u00e4miehi\u00e4 taakseen. Loppukiriss\u00e4 h\u00e4n kukisti MM-nelosen <strong class=\"sc-eEHciv gtNhAX yle__article__strong\">Getnet Walen<\/strong> (ETH). Nelj\u00e4nneksi ylt\u00e4nyt Kenian <strong class=\"sc-eEHciv gtNhAX yle__article__strong\">Abraham Kibiwot<\/strong> on olympiapronssimitalisti viime kes\u00e4lt\u00e4 Pariisista.<\/p>\n<p><img decoding=\"async\" alt=\"Ruben Querinjean s\u00e4v\u00e4ytti Timanttiliigan 3 000 metrin estejuoksussa.\" src=\"https:\/\/www.europesays.com\/fi\/wp-content\/uploads\/2025\/08\/39-151139768a9c5433de90.jpeg\" loading=\"lazy\" class=\"sc-dntSTA iywpZY\"\/><\/p>\n<p>Avaa kuvien katselu<\/p>\n<p>23-vuotias Ruben Querinjean on Luxemburgin toinen Timanttiliigan osakilpailuvoittaja. Kuva: Getty Images<\/p>\n<p class=\"sc-jYczwO sc-ciCoXh bUKqJd cIOueB yle__article__paragraph\">Nuoren juoksijan enn\u00e4tys on kohentunut kes\u00e4ll\u00e4 reippaasti, sill\u00e4 ennen t\u00e4t\u00e4 vuotta se oli 8.18,82. Maailmanlistalla h\u00e4n teki yli 20 pyk\u00e4l\u00e4n harppauksen sijalle 13. Tilastok\u00e4rki on moninkertainen arvokisavoittaja <strong class=\"sc-eEHciv gtNhAX yle__article__strong\">Soufiane El Bakkali<\/strong> (MAR) (8.00,70).<\/p>\n<p class=\"sc-jYczwO sc-ciCoXh bUKqJd cIOueB yle__article__paragraph\">Euroopan tilastossa h\u00e4n nousi kolmanneksi saksalaisten <strong class=\"sc-eEHciv gtNhAX yle__article__strong\">Frederik Ruppertin<\/strong> (8.01.49) ja <strong class=\"sc-eEHciv gtNhAX yle__article__strong\">Karl Bebendorfin<\/strong> (8.08,21) per\u00e4\u00e4n. 23-vuotiaan luxemburgilaisen ajan kovuudesta kertoo my\u00f6s se, ett\u00e4 se on kovempi kuin Suomen enn\u00e4tys.<\/p>\n<p class=\"sc-jYczwO sc-ciCoXh bUKqJd cIOueB yle__article__paragraph\"><strong class=\"sc-eEHciv gtNhAX yle__article__strong\">Jukka Keskisalon<\/strong> vuonna 2009 juoksema SE on 8.10,67. Euroopan mestari <strong class=\"sc-eEHciv gtNhAX yle__article__strong\">Topi Raitasen<\/strong> enn\u00e4tys on viisi vuotta sitten tehty 8.16,57.<\/p>\n<p class=\"sc-jYczwO sc-ciCoXh bUKqJd cIOueB yle__article__paragraph\">Querinjean juhli aiemmin t\u00e4n\u00e4 kes\u00e4n\u00e4 universiadikultaa Saksassa. Viime vuonna EM-kisoissa sek\u00e4 olympialaisissa h\u00e4n oli alkuer\u00e4vaiheessa, mutta nyt Tokion MM-kisoissa h\u00e4n kamppailee tosissaan finaalipaikasta.<\/p>\n<p><img decoding=\"async\" alt=\"Patrizia van der Weken on Luxemburgin k\u00e4rkiyleisurheilijoita.\" src=\"https:\/\/www.europesays.com\/fi\/wp-content\/uploads\/2025\/08\/39-151139568a9c4b017871.jpeg\" loading=\"lazy\" class=\"sc-dntSTA iywpZY\"\/><\/p>\n<p>Avaa kuvien katselu<\/p>\n<p>Luxemburgin Patrizia van der Weken on arvokisamitalisti 60 metrin juoksusta. Kuva: Getty Images<\/p>\n","protected":false},"excerpt":{"rendered":"Luxemburgin Ruben Querinjean juhli Brysselin Timanttiliigassa ainutlaatuista ykk\u00f6ssijaa. Yksik\u00e4\u00e4n suomalainen estejuoksija ei ole juossut yht\u00e4 kovaa. Avaa kuvien&hellip;\n","protected":false},"author":2,"featured_media":14585,"comment_status":"","ping_status":"","sticky":false,"template":"","format":"standard","meta":{"footnotes":""},"categories":[158],"tags":[5832,33,31,30,5833,5834,159,32,4181,160,162],"class_list":{"0":"post-14584","1":"post","2":"type-post","3":"status-publish","4":"format-standard","5":"has-post-thumbnail","7":"category-urheilu","8":"tag-3000-metrin-estejuoksu","9":"tag-fi","10":"tag-finland","11":"tag-finnish","12":"tag-jukka-keskisalo","13":"tag-kestavyysjuoksu","14":"tag-sports","15":"tag-suomi","16":"tag-timanttiliiga","17":"tag-urheilu","18":"tag-yleisurheilu"},"share_on_mastodon":{"url":"","error":""},"_links":{"self":[{"href":"https:\/\/www.europesays.com\/fi\/wp-json\/wp\/v2\/posts\/14584","targetHints":{"allow":["GET"]}}],"collection":[{"href":"https:\/\/www.europesays.com\/fi\/wp-json\/wp\/v2\/posts"}],"about":[{"href":"https:\/\/www.europesays.com\/fi\/wp-json\/wp\/v2\/types\/post"}],"author":[{"embeddable":true,"href":"https:\/\/www.europesays.com\/fi\/wp-json\/wp\/v2\/users\/2"}],"replies":[{"embeddable":true,"href":"https:\/\/www.europesays.com\/fi\/wp-json\/wp\/v2\/comments?post=14584"}],"version-history":[{"count":0,"href":"https:\/\/www.europesays.com\/fi\/wp-json\/wp\/v2\/posts\/14584\/revisions"}],"wp:featuredmedia":[{"embeddable":true,"href":"https:\/\/www.europesays.com\/fi\/wp-json\/wp\/v2\/media\/14585"}],"wp:attachment":[{"href":"https:\/\/www.europesays.com\/fi\/wp-json\/wp\/v2\/media?parent=14584"}],"wp:term":[{"taxonomy":"category","embeddable":true,"href":"https:\/\/www.europesays.com\/fi\/wp-json\/wp\/v2\/categories?post=14584"},{"taxonomy":"post_tag","embeddable":true,"href":"https:\/\/www.europesays.com\/fi\/wp-json\/wp\/v2\/tags?post=14584"}],"curies":[{"name":"wp","href":"https:\/\/api.w.org\/{rel}","templated":true}]}}