{"id":14597,"date":"2025-08-24T04:23:08","date_gmt":"2025-08-24T04:23:08","guid":{"rendered":"https:\/\/www.europesays.com\/fi\/14597\/"},"modified":"2025-08-24T04:23:08","modified_gmt":"2025-08-24T04:23:08","slug":"porilainen-mikael-nieminen-sairastui-vakavasti-akillisesti","status":"publish","type":"post","link":"https:\/\/www.europesays.com\/fi\/14597\/","title":{"rendered":"Porilainen Mikael Nieminen sairastui vakavasti \u00e4killisesti"},"content":{"rendered":"<p>Moderni l\u00e4\u00e4ketiede voi mahdollistaa normaalin el\u00e4m\u00e4n jatkumisen diagnoosissa, joka viel\u00e4 joitakin vuosikymmeni\u00e4 sitten oli l\u00e4hes tuomio py\u00f6r\u00e4tuoliin. N\u00e4in on k\u00e4ynyt porilaiselle Mikael Niemiselle, 44, jolle krooninen sairaus tuli puun takaa.<\/p>\n<p class=\"article-body margin-bottom-24 padding-x-16\">Pori<\/p>\n<p>Lue tiivistelm\u00e4<\/p>\n<p>Tiivistelm\u00e4 on teko\u00e4lyn tekem\u00e4 ja ihmisen tarkistama.<\/p>\n<p class=\"article-body margin-bottom-24 padding-x-16 sndp-summary-bullet-point-font\">Porilainen Mikael Nieminen, 44, sai yll\u00e4tt\u00e4v\u00e4n diagnoosin joulukuussa 2024 oikean silm\u00e4n l\u00e4hes sokeuduttua.<\/p>\n<p class=\"article-body margin-bottom-24 padding-x-16 sndp-summary-bullet-point-font\">Niemiselle l\u00f6ytyi nopeasti sopiva, tehokas apu uuden sukupolven biologisesta l\u00e4\u00e4kkeest\u00e4.<\/p>\n<p class=\"article-body margin-bottom-24 padding-x-16 sndp-summary-bullet-point-font\">H\u00e4n jatkaa normaalia el\u00e4m\u00e4\u00e4, k\u00e4y t\u00f6iss\u00e4 ja on pudottanut painoaan yhteens\u00e4 55 kiloa.<\/p>\n<p class=\"article-body margin-bottom-24 padding-x-16\">Mikael Niemist\u00e4 oli alkanut v\u00e4sytt\u00e4\u00e4. Ty\u00f6matkoineen h\u00e4n teki jopa 14-tuntisia p\u00e4ivi\u00e4. H\u00e4n sai siirretty\u00e4 ty\u00f6t l\u00e4hemm\u00e4s kotia. Se auttoi.<\/p>\n<p class=\"article-body margin-bottom-24 padding-x-16\">Sitten sormet alkoivat puutua. Vaivaa arveltiin sormien tulehdukseksi tai niskajumiksi.<\/p>\n<p class=\"article-body margin-bottom-24 padding-x-16\">Vuonna 2022 my\u00f6s nen\u00e4, huuli ja leuka puutuivat. Nyt tutkittiin hampaita ja poskionteloita, joista ei l\u00f6ytynyt mit\u00e4\u00e4n. Oireet meniv\u00e4t ohi.<\/p>\n<p class=\"article-body margin-bottom-24 padding-x-16\">Kun oikean silm\u00e4n n\u00e4k\u00f6 alkoi himmet\u00e4 viime vuonna, Nieminen pel\u00e4styi kunnolla. H\u00e4n oli vasta 44. Kotona oli kolme alaik\u00e4ist\u00e4 tyt\u00e4rt\u00e4.<\/p>\n<p class=\"article-body margin-bottom-24 padding-x-16\">\u201dOlin varma, ett\u00e4 se on aivokasvain tai -infarkti.\u201d<\/p>\n<p class=\"article-body margin-bottom-24 padding-x-16\">Syntynyt Porissa 1980. Kasvanut Meri-Porissa. Perhe: avopuoliso ja 9-, 10- ja 16-vuotiaat tytt\u00e4ret. Kaksi koiraa ja kissa.<\/p>\n<p class=\"article-body margin-bottom-24 padding-x-16\">Opiskellut logistiikkaa Raumalla ja liikenneopettajaksi Jyv\u00e4skyl\u00e4ss\u00e4. Henkil\u00f6liikenteen ja tavaraliikenteen ammattitutkinnot. El\u00e4inkuljettajan p\u00e4tevyys. Ajanut broilereita Viroon ja kaukoliikenteen busseja. Liikenneopettajana Porissa nelisen vuotta. Kouluttanut my\u00f6s taksinkuljettajia, erityisryhmien taksinkuljettajia, varusmiehi\u00e4.<\/p>\n<p class=\"article-body margin-bottom-24 padding-x-16\">\u201dKortissa ja opetusluvissa on kaikki mahdolliset kirjaimet paitsi moottoripy\u00f6ri\u00e4 en opeta. Nelipy\u00f6r\u00e4isest\u00e4 alkaen kaikki mik\u00e4 kulkee kumipy\u00f6rill\u00e4 tai teloilla, kiinnostaa.\u201d<\/p>\n<p class=\"article-body margin-bottom-24 padding-x-16\">K\u00e4ytt\u00e4j\u00e4nimi Instagramissa ja Threadsissa @mifffu<\/p>\n<p>MS-tauti<\/p>\n<p class=\"article-body margin-bottom-24 padding-x-16\">MS-tautia (multippeliskleroosi, my\u00f6s pes\u00e4kekovettumatauti) sairastavia on Suomessa noin 13\u202f000. Suomessa taudin yleisyys on maailman korkeimpia.<\/p>\n<p class=\"article-body margin-bottom-24 padding-x-16\">Parantumaton keskushermoston autoimmuunisairaus, joka vaikuttaa liikunta- ja toimintakykyyn.<\/p>\n<p class=\"article-body margin-bottom-24 padding-x-16\">Naisilla tautia on v\u00e4hint\u00e4\u00e4n kaksi kertaa enemm\u00e4n kuin miehill\u00e4. Yleisin sairastumisik\u00e4 on noin 20\u201340 vuotta.<\/p>\n<p class=\"article-body margin-bottom-24 padding-x-16\">MS-taudin syntymekanismia ei tunneta kunnolla. Kyse on monen tekij\u00e4n yhteisvaikutuksesta, mukaan lukien perint\u00f6- ja ymp\u00e4rist\u00f6tekij\u00e4t.<\/p>\n<p class=\"article-body margin-bottom-24 padding-x-16\">Epstein\u2013Barrin virus on todenn\u00e4k\u00f6isesti yksi t\u00e4rkeimmist\u00e4 riskitekij\u00f6ist\u00e4. My\u00f6s auringonvalon v\u00e4hyys, D-vitamiinin v\u00e4h\u00e4inen saanti talviaikaan, tupakointi ja ylipaino ovat tunnistettuja riskej\u00e4.<\/p>\n<p class=\"article-body margin-bottom-24 padding-x-16\">Suomalaisten MS-potilaiden sisaruksilla on 25-kertainen vaara sairastua tautiin.<\/p>\n<p class=\"article-body margin-bottom-24 padding-x-16\"><a class=\"article-genericlink\" href=\"https:\/\/www.terveyskirjasto.fi\/dlk00048\" rel=\"nofollow noopener\" target=\"_blank\">L\u00e4hde: Duodecim Terveyskirjasto<\/a><\/p>\n<p class=\"article-body margin-bottom-24 padding-x-16\">Nieminen oli k\u00e4v\u00e4issyt alkuoireista ty\u00f6terveysl\u00e4\u00e4k\u00e4rill\u00e4. L\u00e4\u00e4k\u00e4rin mukaan silm\u00e4t olivat kuivat ja silm\u00e4tipat tehoaisivat. N\u00e4k\u00f6 kuitenkin jatkoi heikkenemist\u00e4\u00e4n, kunnes silm\u00e4 oli l\u00e4hes sokea.<\/p>\n<p class=\"article-body margin-bottom-24 padding-x-16\">Toinen ty\u00f6terveysl\u00e4\u00e4k\u00e4ri tutki silm\u00e4\u00e4. Lasiaisen irtauma, t\u00e4ysin normaalia Niemisen ik\u00e4isell\u00e4.<\/p>\n<p class=\"article-body margin-bottom-24 padding-x-16\">Nieminen oli typertynyt. Tuttavapiiriss\u00e4 oli ollut samaa vaivaa, mutta ei se n\u00e4in oirehtinut.<\/p>\n<p class=\"article-body margin-bottom-24 padding-x-16\">H\u00e4n hakeutui itse silm\u00e4l\u00e4\u00e4k\u00e4riin, joka tutki silm\u00e4t perinpohjin. Silmiss\u00e4 ei ollut vikaa, mutta oikean silm\u00e4n n\u00e4k\u00f6hermo oli tulehtunut.<\/p>\n<p class=\"article-body margin-bottom-24 padding-x-16\">Nieminen soitti puolisolleen, joka ty\u00f6skentelee hoitajana Satasairaalassa.<\/p>\n<p class=\"article-body margin-bottom-24 padding-x-16\">\u201dH\u00e4n sanoi heti, ett\u00e4 sinulla on MS.\u201d<\/p>\n<p class=\"article-body margin-bottom-24 padding-x-16\">Silm\u00e4l\u00e4\u00e4k\u00e4ri l\u00e4hetti Niemisen tutkimuksiin. Jo tunnin p\u00e4\u00e4st\u00e4 h\u00e4n makasi peruutusajalla magneettikuvauksessa.<\/p>\n<p class=\"article-body margin-bottom-24 padding-x-16\">Aivoista l\u00f6ytyi seitsem\u00e4n plakkia eli aktiivista tulehduspes\u00e4kett\u00e4. H\u00e4net otettiin osastolle. Nieminen sai ensiavuksi niin kutsutun kortisonipulssin eli yhteen\u00e4 3 grammaa kortisonia.<\/p>\n<p class=\"article-body margin-bottom-24 padding-x-16\">Selk\u00e4ydinnesten\u00e4yte vahvisti, ett\u00e4 kyse oli todellakin <a class=\"article-genericlink\" href=\"https:\/\/www.terveyskirjasto.fi\/dlk00048\" rel=\"nofollow noopener\" target=\"_blank\">MS-taudista<\/a> eli multippeliskleroosista.<\/p>\n<p class=\"article-body margin-bottom-24 padding-x-16\">\u201dSe oli valtava helpotus. Luulin jo kuolevani.\u201d<\/p>\n<p><img decoding=\"async\" src=\"https:\/\/www.europesays.com\/fi\/wp-content\/uploads\/2025\/08\/1756009388_443_978.jpg\" alt=\"Mikael Nieminen huomasi oikean silm\u00e4n n\u00e4\u00f6n heikenneen \u00e4killisesti paloitellessaan lihaa marraskuussa 2024. \u201dMietin, miksi puukko ei osu siihen mihin olisin halunnut.\u201d\" class=\"_Img_tdqg8_1\" style=\"aspect-ratio:1.5011727912431587\" loading=\"eager\"\/><\/p>\n<p class=\"article-picture-caption\">Mikael Nieminen huomasi oikean silm\u00e4n n\u00e4\u00f6n heikenneen \u00e4killisesti paloitellessaan lihaa marraskuussa 2024. \u201dMietin, miksi puukko ei osu siihen mihin olisin halunnut.\u201d Kuva:\u00a0Sana Baran<\/p>\n<p class=\"article-body margin-bottom-24 padding-x-16\">Jatkotutkimuksissa selvisi, ett\u00e4 Niemisen sairaus on tyypilt\u00e4\u00e4n aaltoileva MS eli RRMS eli Relapsing-Remitting Multiple Sclerosis. Se on taudin yleisin muoto, jota on noin 85 prosenttia tapauksista.<\/p>\n<p class=\"article-body margin-bottom-24 padding-x-16\">Siin\u00e4 vuorottelevat neurologisia oireita pahentavat jaksot (relapsit), joita seuraa osittainen tai t\u00e4ydellinen toipumisjakso (remissio).<\/p>\n<p class=\"article-body margin-bottom-24 padding-x-16\">Relapseissa oireet pahenevat tai tulee uusia. Remissiossa oireet h\u00e4vi\u00e4v\u00e4t tai pysyv\u00e4t entisell\u00e4\u00e4n.<\/p>\n<p class=\"article-body margin-bottom-24 padding-x-16\">MS on silti yli kaiken yksil\u00f6llinen sairaus. Toistaiseksi Niemisen MS on oireillut harvoin ja on hyvin hallittavissa oikealla l\u00e4\u00e4kityksell\u00e4.<\/p>\n<p class=\"article-body margin-bottom-24 padding-x-16\">\u201dL\u00e4\u00e4k\u00e4ri vitsaili, ett\u00e4 olet voittanut neurosairausarpajaiset. H\u00e4n heitti, ett\u00e4 n\u00e4hd\u00e4\u00e4n 20 vuoden p\u00e4\u00e4st\u00e4.\u201d<\/p>\n<p class=\"article-body margin-bottom-24 padding-x-16\">Runsas vuosi sitten Niemiselle l\u00f6ytyi sopiva uuden sukupolven biologinen l\u00e4\u00e4ke. H\u00e4n n\u00e4ytt\u00e4\u00e4 pitk\u00e4\u00e4 injektiokyn\u00e4\u00e4, josta h\u00e4n pist\u00e4\u00e4 annoksen kerran kuussa.<\/p>\n<p class=\"article-body margin-bottom-24 padding-x-16\">Kyse on niin kutsutusta DMT-l\u00e4\u00e4kkeest\u00e4 (disease modifying treatment), joka tuhoaa Niemisen <a class=\"article-genericlink\" href=\"https:\/\/fi.wikipedia.org\/wiki\/B-solu\" rel=\"nofollow noopener\" target=\"_blank\">B-soluja,<\/a> jotka ovat osa ihmisen immuunij\u00e4rjestelm\u00e4\u00e4.<\/p>\n<p class=\"article-body margin-bottom-24 padding-x-16\">T\u00e4m\u00e4 tarkoittaa Niemisen mukaan sit\u00e4, ett\u00e4 h\u00e4nen immuniteettinsa laskee l\u00e4hes nolliin. Samalla l\u00e4\u00e4ke v\u00e4hent\u00e4\u00e4 MS-tulehduspes\u00e4kkeiden m\u00e4\u00e4r\u00e4\u00e4 ja pit\u00e4\u00e4 oireet kurissa.<\/p>\n<p class=\"article-body margin-bottom-24 padding-x-16\">Kes\u00e4kuun alussa Nieminen k\u00e4vi taas magneettikuvassa. Vanhat plakit olivat menett\u00e4neet aktiivisuutensa.<\/p>\n<p class=\"article-body margin-bottom-24 padding-x-16\">Niemisen saama biologinen l\u00e4\u00e4ke ei ole ollut saatavilla viel\u00e4 kovin monta vuotta Suomessa. H\u00e4n kiittelee maamme l\u00e4\u00e4kekorvausj\u00e4rjestelm\u00e4\u00e4.<\/p>\n<p class=\"article-body margin-bottom-24 padding-x-16\">\u201dYhdess\u00e4 injektiokyn\u00e4ss\u00e4 on reilun 1\u202f200 euron edest\u00e4 l\u00e4\u00e4kett\u00e4. Minulle yksi pistos maksaa 1,50 euroa.\u201d<\/p>\n<p class=\"article-body margin-bottom-24 padding-x-16\">Mikael Nieminen sai virallisen MS-diagnoosin joulukuussa 2024.<\/p>\n<p class=\"article-body margin-bottom-24 padding-x-16\">Oireita on j\u00e4lkik\u00e4teen ajateltuna ollut jo pidemp\u00e4\u00e4n, mutta niit\u00e4 ei osattu yhdist\u00e4\u00e4 MS-tautiin. Niemisen suvussa MS-tautia ei ole kuin yhdell\u00e4 kaukaisella serkulla.<\/p>\n<p class=\"article-body margin-bottom-24 padding-x-16\">J\u00e4rkytys diagnoosista oli etenkin Niemisen \u00e4idille varsin suuri. Nieminen ymm\u00e4rt\u00e4\u00e4 syyn nyt perehdytty\u00e4\u00e4n sairauteensa tarkemmin.<\/p>\n<p class=\"article-body margin-bottom-24 padding-x-16\">Takavuosina p\u00e4\u00e4asiallinen hoito MS:iin oli l\u00e4hinn\u00e4 kortisoni ja B- sek\u00e4 D-vitamiinit. Sairaus johti usein py\u00f6r\u00e4tuoliin.<\/p>\n<p class=\"article-body margin-bottom-24 padding-x-16\">N\u00e4iden mielikuvien varassa Nieminen on todennut valtaosan ainakin itse\u00e4\u00e4n vanhemmasta v\u00e4est\u00f6st\u00e4 operoivan.<\/p>\n<p class=\"article-body margin-bottom-24 padding-x-16\">\u201dSaan usein j\u00e4rkyttyneen vastaanoton, kun kerron sairaudestani.\u201d<\/p>\n<p class=\"article-body margin-bottom-24 padding-x-16\">Nuoremmat polvet ovat valveutuneempia. He tiet\u00e4v\u00e4t usein, ett\u00e4 l\u00e4\u00e4ketiede on edennyt harppauksin.<\/p>\n<p class=\"article-body margin-bottom-24 padding-x-16\">Nieminen totesi, ett\u00e4 avoimuus olisi h\u00e4nelle ainut vaihtoehto. H\u00e4n kertoi saman tien sairaudestaan ty\u00f6nantajalleen ja kollegoilleen laajassa pikaviestiryhm\u00e4ss\u00e4.<\/p>\n<p class=\"article-body margin-bottom-24 padding-x-16\">Vastaanotto oli hyv\u00e4 ja tsemppaava. Joukosta l\u00f6ytyi jopa toiselta paikkakunnalta yksi ty\u00f6kaveri, jolla oli sama tilanne.<\/p>\n<p class=\"article-body margin-bottom-24 padding-x-16\">Liikenneopettajan ty\u00f6 on jatkunut normaalisti.<\/p>\n<p class=\"article-body margin-bottom-24 padding-x-16\">\u201dEdes ajokorttini kirjaimiin ei ole koskettu.\u201d<\/p>\n<p><img decoding=\"async\" src=\"https:\/\/www.europesays.com\/fi\/wp-content\/uploads\/2025\/08\/1756009388_251_978.jpg\" alt=\"T\u00e4ss\u00e4 injektiokyn\u00e4ss\u00e4 on noin 1\u202f200 euron edest\u00e4 biologista l\u00e4\u00e4kett\u00e4, jota Mikael Nieminen ottaa kerran kuussa MS-tautiinsa. Pistosten lis\u00e4ksi h\u00e4n k\u00e4y verikokeissa kolmen kuukauden v\u00e4lein. L\u00e4\u00e4ke voi vaikuttaa maksa-arvoihin.\" class=\"_Img_tdqg8_1\" style=\"aspect-ratio:1.5011727912431587\" loading=\"eager\"\/><\/p>\n<p class=\"article-picture-caption\">T\u00e4ss\u00e4 injektiokyn\u00e4ss\u00e4 on noin 1\u202f200 euron edest\u00e4 biologista l\u00e4\u00e4kett\u00e4, jota Mikael Nieminen ottaa kerran kuussa MS-tautiinsa. Pistosten lis\u00e4ksi h\u00e4n k\u00e4y verikokeissa kolmen kuukauden v\u00e4lein. L\u00e4\u00e4ke voi vaikuttaa maksa-arvoihin. Kuva:\u00a0Sana Baran<\/p>\n<p class=\"article-body margin-bottom-24 padding-x-16\">T\u00e4rkeint\u00e4 Niemiselle nyt hoitotasapainon l\u00f6ydytty\u00e4 olisi jatkaa mahdollisimman normaalia el\u00e4m\u00e4\u00e4.<\/p>\n<p class=\"article-body margin-bottom-24 padding-x-16\">H\u00e4n pystyy siihen sairastumisensa j\u00e4lkeen jopa entist\u00e4 el\u00e4m\u00e4\u00e4 paremmin.<\/p>\n<p class=\"article-body margin-bottom-24 padding-x-16\">Nieminen n\u00e4ytt\u00e4\u00e4 nahkaista vy\u00f6t\u00e4\u00e4n. Jo ennen diagnoosia h\u00e4n pudotti 40 kiloa painoa. Diagnoosin j\u00e4lkeen on l\u00e4htenyt viel\u00e4 15 lis\u00e4\u00e4. Nieminen on saanut vet\u00e4\u00e4 vy\u00f6t\u00e4\u00e4n huomattavan monta reik\u00e4\u00e4 kire\u00e4mm\u00e4lle.<\/p>\n<p class=\"article-body margin-bottom-24 padding-x-16\">\u201dOlen terveempi kuin koskaan, vaikka olen sairaampi kuin koskaan.\u201d<\/p>\n<p class=\"article-body margin-bottom-24 padding-x-16\">Hy\u00f6tyliikunta on nyt p\u00e4ivitt\u00e4ist\u00e4. H\u00e4n polkee t\u00f6ihin ja kuntoilee aina mahdollisuuden tullen.<\/p>\n<p class=\"article-body margin-bottom-24 padding-x-16\">\u201dMoni sanoo, ett\u00e4 eih\u00e4n minusta edes huomaa sairautta.\u201d<\/p>\n<p class=\"article-body margin-bottom-24 padding-x-16\">Lohtua tuo er\u00e4s huoltoasematuttu, joka Niemisen diagnoosista kuultuaan paljasti sairastaneensa MS:ia jo kymmenen vuotta.<\/p>\n<p class=\"article-body margin-bottom-24 padding-x-16\">Eik\u00e4 kukaan ollut aavistanutkaan.<\/p>\n<p><img decoding=\"async\" src=\"https:\/\/www.europesays.com\/fi\/wp-content\/uploads\/2025\/08\/1756009388_45_978.jpg\" alt=\"Mikael Nieminen kuivaa sateen laseistaan. Kohta on alkamassa ajotunti oppilaan kanssa. Ty\u00f6 antaa voimaa. \u201dMy\u00f6s m\u00f6kill\u00e4 Lavian Karhij\u00e4rvell\u00e4 tulee puuhailtua.\u201d Nieminen harrastaa lis\u00e4ksi vanhojen autojen kunnostusta.\" class=\"_Img_tdqg8_1\" style=\"aspect-ratio:1.5\" loading=\"eager\"\/><\/p>\n<p class=\"article-picture-caption\">Mikael Nieminen kuivaa sateen laseistaan. Kohta on alkamassa ajotunti oppilaan kanssa. Ty\u00f6 antaa voimaa. \u201dMy\u00f6s m\u00f6kill\u00e4 Lavian Karhij\u00e4rvell\u00e4 tulee puuhailtua.\u201d Nieminen harrastaa lis\u00e4ksi vanhojen autojen kunnostusta. Kuva:\u00a0Sana Baran<\/p>\n<p class=\"article-body margin-bottom-24 padding-x-16\">Vaikka kaikki on nyt tilanteeseen n\u00e4hden hyvin, joskus mieli mataa.<\/p>\n<p class=\"article-body margin-bottom-24 padding-x-16\">Oikean silm\u00e4n n\u00e4k\u00f6 vaihtelee. Ei paljon, mutta sen verran, ett\u00e4 se saa Niemisen murehtimaan tulevaa.<\/p>\n<p class=\"article-body margin-bottom-24 padding-x-16\">RRMS-tyypin MS voi edet\u00e4 vuosien tai vuosikymmenten kuluessa vaikeammaksi versioksi sairaudesta.<\/p>\n<p class=\"article-body margin-bottom-24 padding-x-16\">Huoli tulevaisuudesta on normaali reaktio ison el\u00e4m\u00e4nmuutoksen kokeneelle. Nieminen on tunnistanut tarpeensa keskustella ja k\u00e4ynyt lyhytterapiassa juttelemassa asiasta.<\/p>\n<p class=\"article-body margin-bottom-24 padding-x-16\">\u201dMS-tauti on tuonut my\u00f6s yksin\u00e4isyytt\u00e4.\u201d<\/p>\n<p class=\"article-body margin-bottom-24 padding-x-16\">Tuttujen joukosta Nieminen kertoo saaneensa kahtalaista reaktiota.<\/p>\n<p class=\"article-body margin-bottom-24 padding-x-16\">Osa ehk\u00e4 henkisesti ja fyysisestikin kauempana olleista on tullut l\u00e4hemm\u00e4s. Osa l\u00e4hemp\u00e4n\u00e4 sijainneista on ottanut et\u00e4isyytt\u00e4 Niemiseen.<\/p>\n<p class=\"article-body margin-bottom-24 padding-x-16\">T\u00e4t\u00e4 h\u00e4n suree. MS on toki vakava sairaus, mutta ainakaan viel\u00e4 se ei vaikuta h\u00e4nen tekemisiins\u00e4.<\/p>\n<p class=\"article-body margin-bottom-24 padding-x-16\">H\u00e4n on sairas, mutta toistaiseksi n\u00e4kym\u00e4tt\u00f6m\u00e4sti.<\/p>\n<p class=\"article-body margin-bottom-24 padding-x-16\">Vertaistukea on l\u00f6ytynyt somen kautta. Lis\u00e4\u00e4kin saisi tulla, Nieminen rohkaisee. Siksi h\u00e4n postaa tunnelmiaan aika ajoin kevyemm\u00e4n sis\u00e4ll\u00f6n lis\u00e4ksi Facebookissa, Instagramissa ja Threadsissa.<\/p>\n<blockquote class=\"citation\">\n<p>\u201d<\/p>\n<p>MS-tauti on tuonut my\u00f6s yksin\u00e4isyytt\u00e4.<\/p>\n<\/blockquote>\n<p class=\"article-body margin-bottom-24 padding-x-16\">Nieminen ei tied\u00e4, miksi MS tuli juuri h\u00e4nelle. H\u00e4n arvelee vain olleensa sopiva yhdistelm\u00e4. Oli ylipainoa, oli stressi\u00e4.<\/p>\n<p class=\"article-body margin-bottom-24 padding-x-16\"><a class=\"article-genericlink\" href=\"https:\/\/www.duodecimlehti.fi\/duo16692\" rel=\"nofollow noopener\" target=\"_blank\">MS:ll\u00e4 on havaittu yhteys Epstein-Barrin virukseen<\/a>, joka on v\u00e4est\u00f6ss\u00e4 yleinen. Sit\u00e4 pidet\u00e4\u00e4n niin sanottuna mahdollisena ajurina muuten MS:lle alttiissa henkil\u00f6ss\u00e4.<\/p>\n<p class=\"article-body margin-bottom-24 padding-x-16\">Nieminen on monen muun rankkoja kokeneen tapaan l\u00f6yt\u00e4nyt helpotusta mustasta huumorista. H\u00e4n puhuu esimerkiksi \u201dkuherrusvuodesta MS-taudin kanssa\u201d ja \u201dtaudin pahisvaiheesta\u201d.<\/p>\n<p class=\"article-body margin-bottom-24 padding-x-16\">Nieminen kertoo MS-yhteis\u00f6n juttujen menev\u00e4n sek\u00e4 yli hilseen ett\u00e4 alle navan.<\/p>\n<p class=\"article-body margin-bottom-24 padding-x-16\">Eik\u00e4 niit\u00e4 kukaan muu kuin saman kokenut tajuaisikaan.<\/p>\n","protected":false},"excerpt":{"rendered":"Moderni l\u00e4\u00e4ketiede voi mahdollistaa normaalin el\u00e4m\u00e4n jatkumisen diagnoosissa, joka viel\u00e4 joitakin vuosikymmeni\u00e4 sitten oli l\u00e4hes tuomio py\u00f6r\u00e4tuoliin. N\u00e4in&hellip;\n","protected":false},"author":2,"featured_media":14598,"comment_status":"","ping_status":"","sticky":false,"template":"","format":"standard","meta":{"footnotes":""},"categories":[165],"tags":[33,31,30,166,80,32,167],"class_list":{"0":"post-14597","1":"post","2":"type-post","3":"status-publish","4":"format-standard","5":"has-post-thumbnail","7":"category-terveys","8":"tag-fi","9":"tag-finland","10":"tag-finnish","11":"tag-health","12":"tag-satakunnan-kansa","13":"tag-suomi","14":"tag-terveys"},"share_on_mastodon":{"url":"","error":""},"_links":{"self":[{"href":"https:\/\/www.europesays.com\/fi\/wp-json\/wp\/v2\/posts\/14597","targetHints":{"allow":["GET"]}}],"collection":[{"href":"https:\/\/www.europesays.com\/fi\/wp-json\/wp\/v2\/posts"}],"about":[{"href":"https:\/\/www.europesays.com\/fi\/wp-json\/wp\/v2\/types\/post"}],"author":[{"embeddable":true,"href":"https:\/\/www.europesays.com\/fi\/wp-json\/wp\/v2\/users\/2"}],"replies":[{"embeddable":true,"href":"https:\/\/www.europesays.com\/fi\/wp-json\/wp\/v2\/comments?post=14597"}],"version-history":[{"count":0,"href":"https:\/\/www.europesays.com\/fi\/wp-json\/wp\/v2\/posts\/14597\/revisions"}],"wp:featuredmedia":[{"embeddable":true,"href":"https:\/\/www.europesays.com\/fi\/wp-json\/wp\/v2\/media\/14598"}],"wp:attachment":[{"href":"https:\/\/www.europesays.com\/fi\/wp-json\/wp\/v2\/media?parent=14597"}],"wp:term":[{"taxonomy":"category","embeddable":true,"href":"https:\/\/www.europesays.com\/fi\/wp-json\/wp\/v2\/categories?post=14597"},{"taxonomy":"post_tag","embeddable":true,"href":"https:\/\/www.europesays.com\/fi\/wp-json\/wp\/v2\/tags?post=14597"}],"curies":[{"name":"wp","href":"https:\/\/api.w.org\/{rel}","templated":true}]}}