{"id":146086,"date":"2026-01-19T00:19:08","date_gmt":"2026-01-19T00:19:08","guid":{"rendered":"https:\/\/www.europesays.com\/fi\/146086\/"},"modified":"2026-01-19T00:19:08","modified_gmt":"2026-01-19T00:19:08","slug":"kysymys-vastaus-voiko-lintuja-ruokkia-jamaruolla-voimmeko-syoda-linnuille-tehtyja-siemensekoituksia-asiantuntija-vastaa-paijat-hame","status":"publish","type":"post","link":"https:\/\/www.europesays.com\/fi\/146086\/","title":{"rendered":"Kysymys &#038; vastaus | Voiko lintuja ruokkia j\u00e4m\u00e4ruolla? Voimmeko sy\u00f6d\u00e4 linnuille tehtyj\u00e4 siemensekoituksia? Asiantuntija vastaa | P\u00e4ij\u00e4t-H\u00e4me"},"content":{"rendered":"<p>&#8221;Kaksijalkaiset pikkuvinti\u00f6t k\u00e4yv\u00e4t maistelemassa lintulaudalta p\u00e4hkin\u00f6it\u00e4&#8221;, kuvaili Jalkarannan asukas tapahtumasarjaa. Arviolta 10-vuotiaat lapset irrottivat taloyhti\u00f6n lintulaudan alatason ja napsivat suuhunsa maahan tippuneita siemeni\u00e4 tai p\u00e4hkin\u00f6it\u00e4. Samainen silm\u00e4nn\u00e4kij\u00e4 on pist\u00e4nyt merkille my\u00f6s, ett\u00e4 osa ruokkii lintuja ihmisille tarkoitetulla ruoalla. Kysyimme Lahden kaupungin el\u00e4inl\u00e4\u00e4k\u00e4rilt\u00e4 <strong>Essi L\u00e4\u00e4k\u00f6lt\u00e4,<\/strong> voivatko ihmiset ja linnut sy\u00f6d\u00e4 toistensa ravintoa.<\/p>\n","protected":false},"excerpt":{"rendered":"&#8221;Kaksijalkaiset pikkuvinti\u00f6t k\u00e4yv\u00e4t maistelemassa lintulaudalta p\u00e4hkin\u00f6it\u00e4&#8221;, kuvaili Jalkarannan asukas tapahtumasarjaa. Arviolta 10-vuotiaat lapset irrottivat taloyhti\u00f6n lintulaudan alatason ja&hellip;\n","protected":false},"author":2,"featured_media":146087,"comment_status":"","ping_status":"","sticky":false,"template":"","format":"standard","meta":{"footnotes":"","_share_on_mastodon":"0"},"categories":[117],"tags":[824,33,31,30,16897,72,476,24895,118,17912,32,24894,119,477],"class_list":["post-146086","post","type-post","status-publish","format-standard","has-post-thumbnail","category-luonto","tag-era-ja-luonto","tag-fi","tag-finland","tag-finnish","tag-lintujen-ruokinta","tag-luonto","tag-nature","tag-pihalinnut","tag-science","tag-suomen-linnut","tag-suomi","tag-talvehtivat-linnut","tag-tiede","tag-wildlife"],"share_on_mastodon":{"url":"https:\/\/pubeurope.com\/@fi\/115918901279449882","error":""},"_links":{"self":[{"href":"https:\/\/www.europesays.com\/fi\/wp-json\/wp\/v2\/posts\/146086","targetHints":{"allow":["GET"]}}],"collection":[{"href":"https:\/\/www.europesays.com\/fi\/wp-json\/wp\/v2\/posts"}],"about":[{"href":"https:\/\/www.europesays.com\/fi\/wp-json\/wp\/v2\/types\/post"}],"author":[{"embeddable":true,"href":"https:\/\/www.europesays.com\/fi\/wp-json\/wp\/v2\/users\/2"}],"replies":[{"embeddable":true,"href":"https:\/\/www.europesays.com\/fi\/wp-json\/wp\/v2\/comments?post=146086"}],"version-history":[{"count":0,"href":"https:\/\/www.europesays.com\/fi\/wp-json\/wp\/v2\/posts\/146086\/revisions"}],"wp:featuredmedia":[{"embeddable":true,"href":"https:\/\/www.europesays.com\/fi\/wp-json\/wp\/v2\/media\/146087"}],"wp:attachment":[{"href":"https:\/\/www.europesays.com\/fi\/wp-json\/wp\/v2\/media?parent=146086"}],"wp:term":[{"taxonomy":"category","embeddable":true,"href":"https:\/\/www.europesays.com\/fi\/wp-json\/wp\/v2\/categories?post=146086"},{"taxonomy":"post_tag","embeddable":true,"href":"https:\/\/www.europesays.com\/fi\/wp-json\/wp\/v2\/tags?post=146086"}],"curies":[{"name":"wp","href":"https:\/\/api.w.org\/{rel}","templated":true}]}}