{"id":14611,"date":"2025-08-24T04:43:07","date_gmt":"2025-08-24T04:43:07","guid":{"rendered":"https:\/\/www.europesays.com\/fi\/14611\/"},"modified":"2025-08-24T04:43:07","modified_gmt":"2025-08-24T04:43:07","slug":"maajussien-salaisuus-paljastui-tuotantotiimille-ei-kaikkea-kerrota","status":"publish","type":"post","link":"https:\/\/www.europesays.com\/fi\/14611\/","title":{"rendered":"Maajussien salaisuus paljastui: \u201dTuotantotiimille ei kaikkea kerrota\u201d"},"content":{"rendered":"<p>\n            Maajussit Perttu (vas.), Antti, Ville ja Matti rohkaisevat hakemaan mukaan ohjelmaan. Antin mielest\u00e4 hiljaisenkaan ihmisen ei tarvitse pel\u00e4t\u00e4 julkisuutta.<br \/>\n            Timo Korhonen\n        <\/p>\n<p class=\"subtitle \">Uuden kauden maajussit ja -jussittaret ovat viett\u00e4neet aikaa yhdess\u00e4 ohjelman ulkopuolella.<\/p>\n<p class=\"article-content article-content-width !bg-background\">Maajussille morsian -ohjelman t\u00e4n\u00e4 syksyn\u00e4 esitett\u00e4v\u00e4n 18. kauden ja Maajussille morsian: Kaikki tarinat -ohjelman kolmannen kauden osallistujat ovat yst\u00e4vystyneet kuvausten ansiosta.<\/p>\n<p class=\"italic m-italic article-content article-content-width !bg-background\">Video: Maajussi-juontaja Vappu Pimi\u00e4 kielsi Tiktokin k\u00e4yt\u00f6n.<\/p>\n<p class=\"article-content article-content-width !bg-background\">Ohjelmissa mukana oleva kahdeksikko pit\u00e4\u00e4 tiiviisti yhteytt\u00e4 ja on tavannut toisiaan my\u00f6s kuvausten ulkopuolella.<\/p>\n<p class=\"article-content article-content-width !bg-background\">\u2013\u00a0Oikein hyvin ollaan ryhm\u00e4ydytty. Se l\u00e4hti heti sielt\u00e4 alusta. On hienoa, ett\u00e4 on tavallaan vertaistukiryhm\u00e4. On monenlaisia tunteita ja tulee uusia tilanteita, joissa ei ole el\u00e4m\u00e4ss\u00e4 ollut, niin on toisia joihin voi ottaa yhteytt\u00e4. Ollaan kaikki t\u00e4ss\u00e4 samassa tilanteessa,  kertoo Katson haastattelussa.<\/p>\n<p class=\"article-content article-content-width !bg-background\">\u2013\u00a0Me oltiin t\u00e4ss\u00e4 er\u00e4\u00e4n is\u00e4nn\u00e4n luona just kes\u00e4ll\u00e4. Pikku juhlat pidettiin, Ville paljastaa.<\/p>\n<p class=\"article-content article-content-width !bg-background\">\u2013\u00a0Meill\u00e4 on hyv\u00e4 ryhm\u00e4. Tosi mukavia persoonia kaikki. On ollu mahtavaa tutustua heihin. Ollaan pikku miittinki jo pidetty tuossa maajussien kesken,  jatkaa.<\/p>\n<p>                <img loading=\"lazy\" decoding=\"async\" src=\"https:\/\/www.europesays.com\/fi\/wp-content\/uploads\/2025\/08\/1756010587_931_1903808.webp\" width=\"576\" height=\"274\" alt=\"Maajussille morsian: Kaikki tarinat -ohjelmassa ovat mukana Miia (vas.), Pia, Tuomas ja Ritva. Kuvassa keskell\u00e4 ohjelman juontaja Vappu Pimi\u00e4.\" \/>            <\/p>\n<p>\n            Maajussille morsian: Kaikki tarinat -ohjelmassa ovat mukana Miia (vas.), Pia, Tuomas ja Ritva. Kuvassa keskell\u00e4 ohjelman juontaja Vappu Pimi\u00e4.<br \/>\n            Timo Korhonen\n        <\/p>\n<p>        <a itemprop=\"url\" href=\"https:\/\/www.seiska.fi\/katso\/maajussi-miia-joutui-sensuurin-kohteeksi\/1903772\" rel=\"nofollow noopener\" target=\"_blank\"><\/p>\n<p>\nMaajussi-Miia\n<\/p>\n<p class=\"section-date\">\n        <strong class=\"article-section\" data-section=\"katso\"><br \/>\n            katso<br \/>\n        <\/strong><br \/>\n        19.8. 16:15\n    <\/p>\n<p>    Maajussi-Miia joutui sensuurin kohteeksi<\/p>\n<p itemprop=\"description\" class=\"subtitle \">\n    Kuusamolainen Miia etsii rakasta tv:ss\u00e4 jo toista kertaa.\n<\/p>\n<p>        <\/a><\/p>\n<p>&#8221;Niin ihania ihmisi\u00e4&#8221;<\/p>\n<p class=\"article-content article-content-width !bg-background\">Muutkin osallistujat kehuvat ohjelmissa mukana olevaa joukkoa.<\/p>\n<p class=\"article-content article-content-width !bg-background\">\u2013\u00a0T\u00e4m\u00e4 on tosi nauravaista porukkaa. Tosi monikirjonen. On hiljasempia ja melusempia ja r\u00e4v\u00e4k\u00e4mpi\u00e4 ja pid\u00e4ttyv\u00e4isempi\u00e4 ihmisi\u00e4, ja se on se mist\u00e4 ite tykk\u00e4\u00e4n. Siit\u00e4 saa aivan varmasti seitsem\u00e4n hyv\u00e4\u00e4 yst\u00e4v\u00e4\u00e4,  sanoo.<\/p>\n<p class=\"article-content article-content-width !bg-background\">\u2013\u00a0Kummallakin kerralla on l\u00f6ytynyt niin ihania ihmisi\u00e4. Se on mukavaa, jo toista kertaa mukana oleva  iloitsee.<\/p>\n<p class=\"article-content article-content-width !bg-background\">Maajusseilla ja -jussittarilla on my\u00f6s oma salainen Whatsapp-ryhm\u00e4, jossa viestit sinkoilevat ymp\u00e4ri Suomen.<\/p>\n<p class=\"article-content article-content-width !bg-background\">\u2013\u00a0Ollaan aktiivisia Whatsapp-ryhm\u00e4ss\u00e4. Vaihdetaan kuulumisia ja kuvia, Matti kertoo viestittelyst\u00e4.<\/p>\n<p class=\"article-content article-content-width !bg-background\">\u2013\u00a0Ryhm\u00e4n nimi on MJM: Salaiset kansiot. Tuotantotiimille ei kaikkea kerrota, Ville nauraa.<\/p>\n<p class=\"italic m-italic article-content article-content-width !bg-background\">Maajussille morsian -ohjelman 18. kausi alkaa 25.8. MTV3:lla esittelyjaksolla. Maksullisessa MTV Katsomossa on tuolloin katsottavissa kolme ensimm\u00e4ist\u00e4 jaksoa.<\/p>\n<p class=\"italic m-italic article-content article-content-width !bg-background\">Maajussille morsian: Kaikki tarinat -ohjelma alkaa MTV3:lla 17.9. Maksullisessa MTV Katsomossa julkaistaan samana p\u00e4iv\u00e4n\u00e4 kolme ensimm\u00e4ist\u00e4 jaksoa.<\/p>\n<p>        <a itemprop=\"url\" href=\"https:\/\/www.seiska.fi\/kotimaa\/tiesitko-tata-uusista-maajussille-morsian-tahdista\/1903501\" rel=\"nofollow noopener\" target=\"_blank\"><\/p>\n<p>\nRehelliset vastaukset\n<\/p>\n<p class=\"section-date\">\n        <strong class=\"article-section\" data-section=\"kotimaa\"><br \/>\n            kotimaa<br \/>\n        <\/strong><br \/>\n        20.8. 05:30\n    <\/p>\n<p>    Tiesitk\u00f6 t\u00e4t\u00e4 uusista Maajussille morsian -t\u00e4hdist\u00e4?<\/p>\n<p itemprop=\"description\" class=\"subtitle \">\n    Seiska tutustui uusiin Maajussille morsian -t\u00e4htiin.\n<\/p>\n<p>        <\/a><\/p>\n","protected":false},"excerpt":{"rendered":"Maajussit Perttu (vas.), Antti, Ville ja Matti rohkaisevat hakemaan mukaan ohjelmaan. Antin mielest\u00e4 hiljaisenkaan ihmisen ei tarvitse pel\u00e4t\u00e4&hellip;\n","protected":false},"author":2,"featured_media":14612,"comment_status":"","ping_status":"","sticky":false,"template":"","format":"standard","meta":{"footnotes":""},"categories":[136],"tags":[407,137,33,31,30,408,1895,4817,4937,905,32,1896,109,4938,5837],"class_list":{"0":"post-14611","1":"post","2":"type-post","3":"status-publish","4":"format-standard","5":"has-post-thumbnail","7":"category-julkkikset","8":"tag-celebrities","9":"tag-entertainment","10":"tag-fi","11":"tag-finland","12":"tag-finnish","13":"tag-julkkikset","14":"tag-maajussille-morsian","15":"tag-maajussille-morsian-kaikki-tarinat","16":"tag-matti","17":"tag-mtv3","18":"tag-suomi","19":"tag-vappu-pimia","20":"tag-viihde","21":"tag-ville","22":"tag-whatsapp-ryhma"},"share_on_mastodon":{"url":"","error":""},"_links":{"self":[{"href":"https:\/\/www.europesays.com\/fi\/wp-json\/wp\/v2\/posts\/14611","targetHints":{"allow":["GET"]}}],"collection":[{"href":"https:\/\/www.europesays.com\/fi\/wp-json\/wp\/v2\/posts"}],"about":[{"href":"https:\/\/www.europesays.com\/fi\/wp-json\/wp\/v2\/types\/post"}],"author":[{"embeddable":true,"href":"https:\/\/www.europesays.com\/fi\/wp-json\/wp\/v2\/users\/2"}],"replies":[{"embeddable":true,"href":"https:\/\/www.europesays.com\/fi\/wp-json\/wp\/v2\/comments?post=14611"}],"version-history":[{"count":0,"href":"https:\/\/www.europesays.com\/fi\/wp-json\/wp\/v2\/posts\/14611\/revisions"}],"wp:featuredmedia":[{"embeddable":true,"href":"https:\/\/www.europesays.com\/fi\/wp-json\/wp\/v2\/media\/14612"}],"wp:attachment":[{"href":"https:\/\/www.europesays.com\/fi\/wp-json\/wp\/v2\/media?parent=14611"}],"wp:term":[{"taxonomy":"category","embeddable":true,"href":"https:\/\/www.europesays.com\/fi\/wp-json\/wp\/v2\/categories?post=14611"},{"taxonomy":"post_tag","embeddable":true,"href":"https:\/\/www.europesays.com\/fi\/wp-json\/wp\/v2\/tags?post=14611"}],"curies":[{"name":"wp","href":"https:\/\/api.w.org\/{rel}","templated":true}]}}