{"id":146119,"date":"2026-01-19T01:35:09","date_gmt":"2026-01-19T01:35:09","guid":{"rendered":"https:\/\/www.europesays.com\/fi\/146119\/"},"modified":"2026-01-19T01:35:09","modified_gmt":"2026-01-19T01:35:09","slug":"poliisi-epailee-alaikaista-torkeasta-ryostosta-oulussa-pohjois-pohjanmaa","status":"publish","type":"post","link":"https:\/\/www.europesays.com\/fi\/146119\/","title":{"rendered":"Poliisi ep\u00e4ilee alaik\u00e4ist\u00e4 t\u00f6rke\u00e4st\u00e4 ry\u00f6st\u00f6st\u00e4 Oulussa | Pohjois-Pohjanmaa"},"content":{"rendered":"<p class=\"aw-1gybjub aw-5vja16 kEtdKx kmuxyA yle__article__paragraph\">Ep\u00e4ilty tavoitettiin Toppila-Koskelan alueella olevan kauppaliikkeen l\u00e4hist\u00f6lt\u00e4.<\/p>\n<p><img decoding=\"async\" alt=\"Poliisi auton h\u00e4t\u00e4valot l\u00e4hikuvassa.\" src=\"https:\/\/www.europesays.com\/fi\/wp-content\/uploads\/2026\/01\/39-135679566fbe17759926.jpeg\" class=\"aw-1l9m598 hKVVvP\"\/><\/p>\n<p>Avaa kuvien katselu<\/p>\n<p>Tekij\u00e4\u00e4 etsittiin Toppila-Koskelan alueelta useiden partioiden toimesta. Kuvituskuva. Kuva: Paulus Markkula \/ Yle<\/p>\n<p class=\"aw-1gybjub aw-1p7kakr kEtdKx cEmitX yle__article__paragraph\">Poliisi on ottanut nuoren miehen kiinni t\u00f6rke\u00e4st\u00e4 ry\u00f6st\u00f6st\u00e4 ep\u00e4iltyn\u00e4 Oulussa.<\/p>\n<p class=\"aw-1gybjub aw-1p7kakr kEtdKx cEmitX yle__article__paragraph\">Ep\u00e4ilty on yli 15-vuotias mutta viel\u00e4 alaik\u00e4inen.<\/p>\n<p class=\"aw-1gybjub aw-1p7kakr kEtdKx cEmitX yle__article__paragraph\"><a class=\"aw-iao6s4 iHOxEa yle__article__link\" href=\"https:\/\/poliisi.fi\/-\/kauppaliike-ryostettiin-puukolla-uhkaamalla-oulussa\" role=\"link\" rel=\"nofollow noopener\" target=\"_blank\">Poliisin tiedotteessa<\/a> kerrotaan, ett\u00e4 h\u00e4t\u00e4keskukseen ilmoitettiin sunnuntaina kello kuuden aikaan illalla miehest\u00e4, joka oli ker\u00e4nnyt tuotteita Toppila-Koskelan alueella olevassa liikkeess\u00e4.<\/p>\n<p class=\"aw-1gybjub aw-1p7kakr kEtdKx cEmitX yle__article__paragraph\">Kaupan kassojen kohdalla ep\u00e4ilty oli uhannut myyj\u00e4\u00e4 puukolla. H\u00e4n poistui liikkeest\u00e4 maksamatta ja h\u00e4net tavoitettiin tekopaikan l\u00e4hist\u00f6lt\u00e4.<\/p>\n","protected":false},"excerpt":{"rendered":"Ep\u00e4ilty tavoitettiin Toppila-Koskelan alueella olevan kauppaliikkeen l\u00e4hist\u00f6lt\u00e4. Avaa kuvien katselu Tekij\u00e4\u00e4 etsittiin Toppila-Koskelan alueelta useiden partioiden toimesta. Kuvituskuva.&hellip;\n","protected":false},"author":2,"featured_media":138532,"comment_status":"","ping_status":"","sticky":false,"template":"","format":"standard","meta":{"footnotes":"","_share_on_mastodon":"0"},"categories":[12],"tags":[22,23,26,27,33,31,30,17,24,25,28,29,24900,15,18,952,21,728,52,1263,4678,32,19,20,16],"class_list":["post-146119","post","type-post","status-publish","format-standard","has-post-thumbnail","category-suomi","tag-breaking-news","tag-breakingnews","tag-featured-news","tag-featurednews","tag-fi","tag-finland","tag-finnish","tag-headlines","tag-latest-news","tag-latestnews","tag-main-news","tag-mainnews","tag-myymalakiinteisto","tag-news","tag-otsikot","tag-oulu","tag-paauutiset","tag-pohjois-pohjanmaa","tag-poliisi","tag-rikosepailyt","tag-ryosto","tag-suomi","tag-top-stories","tag-topstories","tag-uutiset"],"share_on_mastodon":{"url":"https:\/\/pubeurope.com\/@fi\/115919200145533978","error":""},"_links":{"self":[{"href":"https:\/\/www.europesays.com\/fi\/wp-json\/wp\/v2\/posts\/146119","targetHints":{"allow":["GET"]}}],"collection":[{"href":"https:\/\/www.europesays.com\/fi\/wp-json\/wp\/v2\/posts"}],"about":[{"href":"https:\/\/www.europesays.com\/fi\/wp-json\/wp\/v2\/types\/post"}],"author":[{"embeddable":true,"href":"https:\/\/www.europesays.com\/fi\/wp-json\/wp\/v2\/users\/2"}],"replies":[{"embeddable":true,"href":"https:\/\/www.europesays.com\/fi\/wp-json\/wp\/v2\/comments?post=146119"}],"version-history":[{"count":0,"href":"https:\/\/www.europesays.com\/fi\/wp-json\/wp\/v2\/posts\/146119\/revisions"}],"wp:featuredmedia":[{"embeddable":true,"href":"https:\/\/www.europesays.com\/fi\/wp-json\/wp\/v2\/media\/138532"}],"wp:attachment":[{"href":"https:\/\/www.europesays.com\/fi\/wp-json\/wp\/v2\/media?parent=146119"}],"wp:term":[{"taxonomy":"category","embeddable":true,"href":"https:\/\/www.europesays.com\/fi\/wp-json\/wp\/v2\/categories?post=146119"},{"taxonomy":"post_tag","embeddable":true,"href":"https:\/\/www.europesays.com\/fi\/wp-json\/wp\/v2\/tags?post=146119"}],"curies":[{"name":"wp","href":"https:\/\/api.w.org\/{rel}","templated":true}]}}