{"id":14676,"date":"2025-08-24T06:27:11","date_gmt":"2025-08-24T06:27:11","guid":{"rendered":"https:\/\/www.europesays.com\/fi\/14676\/"},"modified":"2025-08-24T06:27:11","modified_gmt":"2025-08-24T06:27:11","slug":"mikko-kekalainen-sai-keskusteluapua-erikoisjoukkojen-jalkeen","status":"publish","type":"post","link":"https:\/\/www.europesays.com\/fi\/14676\/","title":{"rendered":"Mikko Kek\u00e4l\u00e4inen sai keskusteluapua Erikoisjoukkojen j\u00e4lkeen"},"content":{"rendered":"<p>\n            20250820 HELSINKI. Erikoisjoukot-pressi. MIKKO KEK\u00c4L\u00c4INEN. KUVA: ATTE KAJOVA<br \/>\n            ATTE KAJOVA\n        <\/p>\n<p class=\"subtitle \">Juontaja my\u00f6nt\u00e4\u00e4, ett\u00e4 vaikka h\u00e4n tunsi kouluttajat entuudestaan, ei siit\u00e4 ollut mit\u00e4\u00e4n hy\u00f6ty\u00e4.<\/p>\n<p class=\"article-content article-content-width !bg-background\">Puoli Seitsem\u00e4n -ohjelmasta tuttu toimittaja\u00a0 n\u00e4hd\u00e4\u00e4n Erikoisjoukkojen nelj\u00e4nnell\u00e4 tuotantokaudella. H\u00e4n tosin oli aina ajatellut, ett\u00e4 viimeinen ohjelma, johon h\u00e4n l\u00e4htisi mukaan olisi Erikoisjoukot.<\/p>\n<p class=\"italic m-italic article-content article-content-width !bg-background\">Arkistovideo: Erikoisjoukot-kouluttajat haastattelussa.<\/p>\n<p class=\"article-content article-content-width !bg-background\">\u2013 Se oli todella vakaa n\u00e4kemys. Ei el\u00e4m\u00e4ni niin helppoa ole, ett\u00e4 ehdon tahdoin haluaisin tehd\u00e4 siit\u00e4 oleellisesti kurjempaa, Mikko tuumaa Katsolle.<\/p>\n<p class=\"article-content article-content-width !bg-background\">\u2013 Mutta sitten minulle soitettiin, ett\u00e4 l\u00e4htisink\u00f6, olin heti: \u201dJoo!\u201d. Taisin kyll\u00e4 kuitenkin sanoa, ett\u00e4 mietin hetken, mutta tiesin, ett\u00e4 tulen l\u00e4htem\u00e4\u00e4n leirille, h\u00e4n tuumaa.<\/p>\n<p>Harhat alas<\/p>\n<p class=\"article-content article-content-width !bg-background\">H\u00e4n kertoo, ett\u00e4 ennen kuvauksia, h\u00e4nell\u00e4 oli harhainen kuvitelma siit\u00e4, ett\u00e4 kyll\u00e4h\u00e4n h\u00e4n kaikki ohjelman teht\u00e4v\u00e4t selvitt\u00e4\u00e4. Luulot l\u00e4htiv\u00e4t heti k\u00e4ttelyss\u00e4.<\/p>\n<p class=\"article-content article-content-width !bg-background\">\u2013 Tilalle tuli kuitenkin jotain sellaista ajatusta siit\u00e4, ett\u00e4 itseens\u00e4 kannattaa suhtautua tosiasioiden pohjalta. Sit\u00e4 usein alkaa el\u00e4ttelem\u00e4\u00e4n itsest\u00e4\u00e4n v\u00e4\u00e4ri\u00e4kin k\u00e4sityksi\u00e4 niin hyv\u00e4ss\u00e4 kuin huonossakin.<\/p>\n<p class=\"article-content article-content-width !bg-background\">\u2013 Erikoisjoukot on todella hyv\u00e4 peili, koska sit\u00e4 saattaa tulla huomanneeksi, ett\u00e4 yhdess\u00e4 asiassa en olekaan niin hyv\u00e4, kuin ajattelin, ja toisessa puolestaan olenkin parempi, kuin luulin.<\/p>\n<p>                <img decoding=\"async\" src=\"https:\/\/www.europesays.com\/fi\/wp-content\/uploads\/2025\/08\/1756016831_906_1906150.webp\" width=\"576\" height=\"720\" alt=\"Mikon mukaan Erikoisjoukot oli hyv\u00e4, mutta erilainen kokemus.\" loading=\"lazy\" \/>            <\/p>\n<p>\n            Mikon mukaan Erikoisjoukot oli hyv\u00e4, mutta erilainen kokemus.<br \/>\n            ATTE KAJOVA\n        <\/p>\n<p class=\"article-content article-content-width !bg-background\">Mikko huomasikin kuvausten aikana esimerkiksi sen, kuinka peloista voi p\u00e4\u00e4st\u00e4 yli. Leirill\u00e4 kokelaat saattavat joutua kasvokkain pelkonsa kanssa eri teht\u00e4viss\u00e4.<\/p>\n<p class=\"article-content article-content-width !bg-background\">\u2013 Ehk\u00e4 se onkin meiss\u00e4 jokaisessa sis\u00e4\u00e4nrakennettua itsesuojeluvaistoa, ett\u00e4 se ei olekaan v\u00e4ltt\u00e4m\u00e4tt\u00e4 niin lamaannuttavaa pelkoa, mit\u00e4 alun perin oli kuvitellut. N\u00e4m\u00e4 menev\u00e4t itsell\u00e4ni sellaisiin asioihin, joihin on suhtautunut rajoittavan tekij\u00e4n\u00e4, mutta nyt huomasin, ettei niin tarvitsekaan olla.<\/p>\n<p>Rajat tulivat vastaan<\/p>\n<p class=\"article-content article-content-width !bg-background\">Mikko halusi oppia kokelasleirin aikana m\u00e4\u00e4r\u00e4tietoisuutta ja suoraviivaisuutta. H\u00e4n kuvitteli, ett\u00e4 kuvausten aikana l\u00f6ytyisi taikanappi tai -avain, jonka my\u00f6t\u00e4 h\u00e4nest\u00e4 tulisi \u201dalfaoperaattori\u201d, mutta t\u00e4t\u00e4 ei tapahtunut.<\/p>\n<p class=\"article-content article-content-width !bg-background\">\u2013 Se oli ehk\u00e4 taas sellainen v\u00e4h\u00e4n harhainen k\u00e4sitys. Opin enemm\u00e4nkin, mist\u00e4 niiss\u00e4 on kyse ja miten niit\u00e4 tulisi l\u00e4hesty\u00e4 ja arkiel\u00e4m\u00e4ss\u00e4ni huomioida. Eli tavallaan opin ja tavallaan en.<\/p>\n<p class=\"article-content article-content-width !bg-background\">\u2013 Sain kuvauksista mukaani hyvi\u00e4 muutoksen alkuja. Itsens\u00e4 kehitt\u00e4minen on mahdollista, kun tutkii niit\u00e4 alkuja.<\/p>\n<p class=\"article-content article-content-width !bg-background\">Rajatkin tulivat vastaan. Toisinaan Mikko pohti, pit\u00e4isik\u00f6 leirilt\u00e4 l\u00e4hte\u00e4 pois. Eih\u00e4n h\u00e4nen ole pakko olla siell\u00e4. H\u00e4n voisi olla kotona perheens\u00e4 luona. Miksi jatkaa, kun eih\u00e4n t\u00e4m\u00e4 ole yht\u00e4\u00e4n h\u00e4nen juttunsa.<\/p>\n<p class=\"article-content article-content-width !bg-background\">\u2013 Ajatukset meniv\u00e4t aalloissa. V\u00e4lill\u00e4 oli huonompia hetki\u00e4, sitten tulikin jo parempia.<\/p>\n<p class=\"article-content article-content-width !bg-background\">\u2013 Mutta ei ehdotonta rajaa tullut vastaan. Sellaista, ett\u00e4 olisin ajatellut, ett\u00e4 nyt en itse en\u00e4\u00e4 pysty yht\u00e4\u00e4n mihink\u00e4\u00e4n. Mutta kyll\u00e4 leirill\u00e4 sai ihan t\u00e4ysill\u00e4 paahtaa ja antaa kaikkensa, mit\u00e4\u00e4n ei j\u00e4\u00e4nyt tankkiin.<\/p>\n<p class=\"article-content article-content-width !bg-background\">Mikko halusikin, ett\u00e4 h\u00e4n antaisi kaikkensa, ettei putoaisi \u201dhiiruloinnin kautta\u201d, milloin tahansa se tulisikaan eteen.<\/p>\n<p>Tuttavuudesta ei ollut hy\u00f6ty\u00e4<\/p>\n<p class=\"article-content article-content-width !bg-background\">Mikon mukaan kouluttajat ovat juuri sellaisia, kuin tv-ohjelmassa n\u00e4ytet\u00e4\u00e4n \u2013 tiukkoja, vaativia ja kovia.<\/p>\n<p class=\"article-content article-content-width !bg-background\">\u2013 He eiv\u00e4t yht\u00e4\u00e4n l\u00e4hde sellaiseen vitsailuun tai tunnelman kevent\u00e4miseen. Vaikka mekin olimme Janne Lehtosen ja Robin Hendryn kanssa aiemmin tavanneet. Tiesin, ett\u00e4 he ovat \u00e4lytt\u00f6m\u00e4n kivoja kavereita, mutta ei siit\u00e4 rahtuakaan apua leirill\u00e4.<\/p>\n<p class=\"article-content article-content-width !bg-background\">\u2013 En saanut siit\u00e4 mit\u00e4\u00e4n etua, ett\u00e4 olemme olleet esimerkiksi samoilla kekkereill\u00e4, vaikka v\u00e4h\u00e4n ehk\u00e4 ajattelin sit\u00e4. Koitin heitt\u00e4\u00e4 heille v\u00e4h\u00e4n l\u00e4pp\u00e4\u00e4, kun kamerat eiv\u00e4t kuvanneet, mutta ei tullut varsinaisesti mit\u00e4\u00e4n takaisin.<\/p>\n<p class=\"article-content article-content-width !bg-background\">Mikko uskoo, ett\u00e4 t\u00e4m\u00e4 kertoo kouluttajien ammattitaidosta. Kun teht\u00e4v\u00e4 on p\u00e4\u00e4ll\u00e4, kouluttajat keskittyv\u00e4t vain siihen \u2013 muulla ei ole silloin v\u00e4li\u00e4. Mikko kertoo arvostavansa kouluttajia ja heid\u00e4n ammattitaitoaan.<\/p>\n<p>Keskusteluapu<\/p>\n<p class=\"article-content article-content-width !bg-background\">Mikko kertoo, ett\u00e4 kokelaista pidettiin todella hyv\u00e4\u00e4 huolta. He saivat keskusteluapua leirin j\u00e4lkeen. Ennen leiri\u00e4 kuntotestit olivat kattavat.<\/p>\n<p class=\"article-content article-content-width !bg-background\">\u2013 Itseasiassa n\u00e4in pienen ajan p\u00e4\u00e4st\u00e4 tuntuu, ett\u00e4 nytkin voisi olla hy\u00f6dyllist\u00e4 p\u00e4\u00e4st\u00e4 keskustelemaan. Nyt ne ajatukset ja opit sielt\u00e4 alkavat jalostua.<\/p>\n<p class=\"article-content article-content-width !bg-background\">\u2013 T\u00e4m\u00e4 saattaa kuulostaa nyt jotenkin ylev\u00e4lt\u00e4, mutta se kokemus siell\u00e4 on niin todellinen. Kokemus pisti minut miettim\u00e4\u00e4n itse\u00e4ni ja el\u00e4m\u00e4\u00e4ni. P\u00e4ivitt\u00e4in koiran kanssa k\u00e4velyll\u00e4 erilaisia ajatuksia pulpahtaa p\u00e4\u00e4h\u00e4ni.<\/p>\n<p class=\"italic m-italic article-content article-content-width !bg-background\">Erikoisjoukot 4.9. alkaen Nelosella ja Ruudussa.<\/p>\n","protected":false},"excerpt":{"rendered":"20250820 HELSINKI. Erikoisjoukot-pressi. MIKKO KEK\u00c4L\u00c4INEN. KUVA: ATTE KAJOVA ATTE KAJOVA Juontaja my\u00f6nt\u00e4\u00e4, ett\u00e4 vaikka h\u00e4n tunsi kouluttajat entuudestaan,&hellip;\n","protected":false},"author":2,"featured_media":12604,"comment_status":"","ping_status":"","sticky":false,"template":"","format":"standard","meta":{"footnotes":""},"categories":[136],"tags":[407,137,2159,33,31,30,408,5855,5854,5314,5853,32,109],"class_list":{"0":"post-14676","1":"post","2":"type-post","3":"status-publish","4":"format-standard","5":"has-post-thumbnail","7":"category-julkkikset","8":"tag-celebrities","9":"tag-entertainment","10":"tag-erikoisjoukot","11":"tag-fi","12":"tag-finland","13":"tag-finnish","14":"tag-julkkikset","15":"tag-keskusteluapu","16":"tag-kouluttajat","17":"tag-mikko-kekalainen","18":"tag-puoli-seitseman","19":"tag-suomi","20":"tag-viihde"},"share_on_mastodon":{"url":"","error":""},"_links":{"self":[{"href":"https:\/\/www.europesays.com\/fi\/wp-json\/wp\/v2\/posts\/14676","targetHints":{"allow":["GET"]}}],"collection":[{"href":"https:\/\/www.europesays.com\/fi\/wp-json\/wp\/v2\/posts"}],"about":[{"href":"https:\/\/www.europesays.com\/fi\/wp-json\/wp\/v2\/types\/post"}],"author":[{"embeddable":true,"href":"https:\/\/www.europesays.com\/fi\/wp-json\/wp\/v2\/users\/2"}],"replies":[{"embeddable":true,"href":"https:\/\/www.europesays.com\/fi\/wp-json\/wp\/v2\/comments?post=14676"}],"version-history":[{"count":0,"href":"https:\/\/www.europesays.com\/fi\/wp-json\/wp\/v2\/posts\/14676\/revisions"}],"wp:featuredmedia":[{"embeddable":true,"href":"https:\/\/www.europesays.com\/fi\/wp-json\/wp\/v2\/media\/12604"}],"wp:attachment":[{"href":"https:\/\/www.europesays.com\/fi\/wp-json\/wp\/v2\/media?parent=14676"}],"wp:term":[{"taxonomy":"category","embeddable":true,"href":"https:\/\/www.europesays.com\/fi\/wp-json\/wp\/v2\/categories?post=14676"},{"taxonomy":"post_tag","embeddable":true,"href":"https:\/\/www.europesays.com\/fi\/wp-json\/wp\/v2\/tags?post=14676"}],"curies":[{"name":"wp","href":"https:\/\/api.w.org\/{rel}","templated":true}]}}