{"id":146889,"date":"2026-01-20T00:33:08","date_gmt":"2026-01-20T00:33:08","guid":{"rendered":"https:\/\/www.europesays.com\/fi\/146889\/"},"modified":"2026-01-20T00:33:08","modified_gmt":"2026-01-20T00:33:08","slug":"vaalassa-tulisijan-hormista-aiheutunut-tulipalo-pohjois-pohjanmaa","status":"publish","type":"post","link":"https:\/\/www.europesays.com\/fi\/146889\/","title":{"rendered":"Vaalassa tulisijan hormista aiheutunut tulipalo | Pohjois-Pohjanmaa"},"content":{"rendered":"<p class=\"aw-1gybjub aw-5vja16 kEtdKx kmuxyA yle__article__paragraph\">Vapaa-ajan asunto k\u00e4rsi hiukan vaurioita, kukaan ei loukkaanutunut.<\/p>\n<p><img decoding=\"async\" alt=\"Pohjois-Pohjanmaan pelastuslaitoksen logo hihassa ja palo-autojen kyljess\u00e4.\" src=\"https:\/\/www.europesays.com\/fi\/wp-content\/uploads\/2025\/11\/39-1225606659e4b6fbd417.jpeg\" class=\"aw-1l9m598 hKVVvP\"\/><\/p>\n<p>Avaa kuvien katselu<\/p>\n<p>Palopaikalle tuli yhteens\u00e4 seitsem\u00e4n pelastuslaitoksen yksikk\u00f6\u00e4. Kuva: Paulus Markkula \/ Yle<\/p>\n<p class=\"aw-1gybjub aw-1p7kakr kEtdKx cEmitX yle__article__paragraph\">Vaalan Jaalangassa oli maanantaina vapaa-ajan asunnossa tulisijan hormista aiheutunut tulipalo. Pelastuslaitos sammutti talon rakenteisiin p\u00e4\u00e4sseen palon.<\/p>\n<p class=\"aw-1gybjub aw-1p7kakr kEtdKx cEmitX yle__article__paragraph\">Kiinteist\u00f6lle aiheutui jonkin verran vaurioita palosta. Sis\u00e4ll\u00e4 olleet kaksi henkil\u00f6\u00e4 p\u00e4\u00e4siv\u00e4t itse poistumaan eiv\u00e4tk\u00e4 loukkaantuneet palossa.<\/p>\n<p class=\"aw-1gybjub aw-1p7kakr kEtdKx cEmitX yle__article__paragraph\">Paikalla oli kaikkiaan seitsem\u00e4n pelastuslaitoksen yksikk\u00f6\u00e4.<\/p>\n","protected":false},"excerpt":{"rendered":"Vapaa-ajan asunto k\u00e4rsi hiukan vaurioita, kukaan ei loukkaanutunut. Avaa kuvien katselu Palopaikalle tuli yhteens\u00e4 seitsem\u00e4n pelastuslaitoksen yksikk\u00f6\u00e4. Kuva:&hellip;\n","protected":false},"author":2,"featured_media":90262,"comment_status":"","ping_status":"","sticky":false,"template":"","format":"standard","meta":{"footnotes":"","_share_on_mastodon":"0"},"categories":[12],"tags":[22,23,26,27,33,31,30,17,24,25,28,29,15,837,18,21,728,32,19,20,1265,24978,16,4649,9160],"class_list":["post-146889","post","type-post","status-publish","format-standard","has-post-thumbnail","category-suomi","tag-breaking-news","tag-breakingnews","tag-featured-news","tag-featurednews","tag-fi","tag-finland","tag-finnish","tag-headlines","tag-latest-news","tag-latestnews","tag-main-news","tag-mainnews","tag-news","tag-onnettomuudet","tag-otsikot","tag-paauutiset","tag-pohjois-pohjanmaa","tag-suomi","tag-top-stories","tag-topstories","tag-tulipalot","tag-tulisijat","tag-uutiset","tag-vaala","tag-vapaa-ajan-asunnot"],"share_on_mastodon":{"url":"https:\/\/pubeurope.com\/@fi\/115924618715562688","error":""},"_links":{"self":[{"href":"https:\/\/www.europesays.com\/fi\/wp-json\/wp\/v2\/posts\/146889","targetHints":{"allow":["GET"]}}],"collection":[{"href":"https:\/\/www.europesays.com\/fi\/wp-json\/wp\/v2\/posts"}],"about":[{"href":"https:\/\/www.europesays.com\/fi\/wp-json\/wp\/v2\/types\/post"}],"author":[{"embeddable":true,"href":"https:\/\/www.europesays.com\/fi\/wp-json\/wp\/v2\/users\/2"}],"replies":[{"embeddable":true,"href":"https:\/\/www.europesays.com\/fi\/wp-json\/wp\/v2\/comments?post=146889"}],"version-history":[{"count":0,"href":"https:\/\/www.europesays.com\/fi\/wp-json\/wp\/v2\/posts\/146889\/revisions"}],"wp:featuredmedia":[{"embeddable":true,"href":"https:\/\/www.europesays.com\/fi\/wp-json\/wp\/v2\/media\/90262"}],"wp:attachment":[{"href":"https:\/\/www.europesays.com\/fi\/wp-json\/wp\/v2\/media?parent=146889"}],"wp:term":[{"taxonomy":"category","embeddable":true,"href":"https:\/\/www.europesays.com\/fi\/wp-json\/wp\/v2\/categories?post=146889"},{"taxonomy":"post_tag","embeddable":true,"href":"https:\/\/www.europesays.com\/fi\/wp-json\/wp\/v2\/tags?post=146889"}],"curies":[{"name":"wp","href":"https:\/\/api.w.org\/{rel}","templated":true}]}}