{"id":14701,"date":"2025-08-24T07:05:11","date_gmt":"2025-08-24T07:05:11","guid":{"rendered":"https:\/\/www.europesays.com\/fi\/14701\/"},"modified":"2025-08-24T07:05:11","modified_gmt":"2025-08-24T07:05:11","slug":"wp-trump-suunnittelee-kansalliskaartin-lahettamista-seuraavaksi-chicagoon-uutisia-lyhyesti","status":"publish","type":"post","link":"https:\/\/www.europesays.com\/fi\/14701\/","title":{"rendered":"WP: Trump suunnittelee kansallis\u00adkaartin l\u00e4hett\u00e4mist\u00e4 seuraavaksi Chicagoon | Uutisia lyhyesti"},"content":{"rendered":"<p class=\"sc-jYczwO sc-dNFkOE bUKqJd eiHPxO yle__article__paragraph\">Suunnitelmien mukaan joukot l\u00e4hetett\u00e4isiin kaupunkiin jo syyskuussa. Samoja kiistanalaisia toimia on n\u00e4hty aiemmin Los Angelesissa ja Washingtonissa.<\/p>\n<p><img decoding=\"async\" alt=\"Sotilasvarusteisiin pukeutunut henkil\u00f6 k\u00e4velee kadulla, taustalla n\u00e4kyy sotilasajoneuvoja ja Washington-monumentti.\" src=\"https:\/\/www.europesays.com\/fi\/wp-content\/uploads\/2025\/08\/39-150959468a4b3f4ef255.jpeg\" class=\"sc-dntSTA iywpZY\"\/><\/p>\n<p>Avaa kuvien katselu<\/p>\n<p>Donald Trump on l\u00e4hett\u00e4nyt kansalliskaartin joukkoja Yhdysvaltojen p\u00e4\u00e4kaupunkiin Washingtoniin. DC:n kansalliskaartin sotilas kuvattiin l\u00e4hell\u00e4 Washington-monumenttia 12. elokuuta. Kuva:  Win McNamee \/ AOP<\/p>\n<p class=\"sc-jYczwO sc-ciCoXh bUKqJd cIOueB yle__article__paragraph\">Yhdysvaltain presidentin <strong class=\"sc-eEHciv gtNhAX yle__article__strong\">Donald Trumpin<\/strong> hallinto suunnittelee sotilasjoukkojen l\u00e4hett\u00e4mist\u00e4 maan kolmanneksi suurimpaan kaupunkiin Chicagoon.<\/p>\n<p class=\"sc-jYczwO sc-ciCoXh bUKqJd cIOueB yle__article__paragraph\">Suunnitelmista kertoo <a class=\"sc-jDJeIs gotUgl yle__article__link\" href=\"https:\/\/www.washingtonpost.com\/national-security\/2025\/08\/23\/trump-chicago-military-national-guard\/\" role=\"link\" rel=\"nofollow noopener\" target=\"_blank\">Washington Post<\/a> viranomaisl\u00e4hteisiin viitaten.<\/p>\n<p class=\"sc-jYczwO sc-ciCoXh bUKqJd cIOueB yle__article__paragraph\">Lehden mukaan Pentagon on jo viikkojen ajan valmistellut eri vaihtoehtoja, joista yksi olisi useiden tuhansien kansalliskaartin sotilaiden l\u00e4hett\u00e4minen Chicagoon mahdollisesti jo syyskuussa.<\/p>\n<p class=\"sc-jYczwO sc-ciCoXh bUKqJd cIOueB yle__article__paragraph\">Tavoitteena on koventaa Trumpin hallinnon otetta rikollisuuden, kodittomuuden ja laittoman maahanmuuton kitkemiseksi kaupungissa. Mallia voitaisiin k\u00e4ytt\u00e4\u00e4 my\u00f6hemmin my\u00f6s muissa suurkaupungeissa.<\/p>\n<p class=\"sc-jYczwO sc-ciCoXh bUKqJd cIOueB yle__article__paragraph\">Chicagoon kaavailtu sotilasoperaatio liittyisi my\u00f6s maahanmuuttoviranomaisten (ICE) laajennettuihin toimiin luvattomien siirtolaisten l\u00f6yt\u00e4miseksi ja karkottamiseksi.<\/p>\n<p class=\"sc-jYczwO sc-ciCoXh bUKqJd cIOueB yle__article__paragraph\">Trump on jo aiemmin m\u00e4\u00e4r\u00e4nnyt kansalliskaartin joukkoja Los Angelesiin ja Washingtoniin, mik\u00e4 on her\u00e4tt\u00e4nyt runsaasti kritiikki\u00e4.<\/p>\n<p class=\"sc-jYczwO sc-ciCoXh bUKqJd cIOueB yle__article__paragraph\">Pentagonin Chicagon-suunnitelmista ei ole tiedotettu julkisesti. Perjantaina <a class=\"sc-jDJeIs gotUgl yle__article__link\" href=\"https:\/\/yle.fi\/a\/74-20178969\" role=\"link\" rel=\"nofollow noopener\" target=\"_blank\">Trump kehui<\/a> Washingtonissa k\u00e4ynniss\u00e4 olevaa kansalliskaartin v\u00e4liintuloa, ja nimesi seuraavaksi kohteeksi Chicagon. Kaupungin pormestari <strong class=\"sc-eEHciv gtNhAX yle__article__strong\">Brandon Johnson<\/strong> tuomitsi puheet ja syytti Trumpia kaaoksen lietsomisesta.<\/p>\n","protected":false},"excerpt":{"rendered":"Suunnitelmien mukaan joukot l\u00e4hetett\u00e4isiin kaupunkiin jo syyskuussa. Samoja kiistanalaisia toimia on n\u00e4hty aiemmin Los Angelesissa ja Washingtonissa. Avaa&hellip;\n","protected":false},"author":2,"featured_media":10411,"comment_status":"","ping_status":"","sticky":false,"template":"","format":"standard","meta":{"footnotes":"","_share_on_mastodon":"0"},"categories":[14],"tags":[22,23,5860,585,26,27,33,31,30,17,635,24,25,28,29,15,18,21,5663,32,19,20,56,16,583,59,60,61,619,1867],"class_list":["post-14701","post","type-post","status-publish","format-standard","has-post-thumbnail","category-ulkomaat","tag-breaking-news","tag-breakingnews","tag-chicago","tag-donald-trump","tag-featured-news","tag-featurednews","tag-fi","tag-finland","tag-finnish","tag-headlines","tag-kansalliskaarti","tag-latest-news","tag-latestnews","tag-main-news","tag-mainnews","tag-news","tag-otsikot","tag-paauutiset","tag-pentagon","tag-suomi","tag-top-stories","tag-topstories","tag-ulkomaat","tag-uutiset","tag-washington-dc","tag-world","tag-world-news","tag-worldnews","tag-yhdysvallat","tag-yhdysvaltojen-politiikka"],"share_on_mastodon":{"url":"","error":""},"_links":{"self":[{"href":"https:\/\/www.europesays.com\/fi\/wp-json\/wp\/v2\/posts\/14701","targetHints":{"allow":["GET"]}}],"collection":[{"href":"https:\/\/www.europesays.com\/fi\/wp-json\/wp\/v2\/posts"}],"about":[{"href":"https:\/\/www.europesays.com\/fi\/wp-json\/wp\/v2\/types\/post"}],"author":[{"embeddable":true,"href":"https:\/\/www.europesays.com\/fi\/wp-json\/wp\/v2\/users\/2"}],"replies":[{"embeddable":true,"href":"https:\/\/www.europesays.com\/fi\/wp-json\/wp\/v2\/comments?post=14701"}],"version-history":[{"count":0,"href":"https:\/\/www.europesays.com\/fi\/wp-json\/wp\/v2\/posts\/14701\/revisions"}],"wp:featuredmedia":[{"embeddable":true,"href":"https:\/\/www.europesays.com\/fi\/wp-json\/wp\/v2\/media\/10411"}],"wp:attachment":[{"href":"https:\/\/www.europesays.com\/fi\/wp-json\/wp\/v2\/media?parent=14701"}],"wp:term":[{"taxonomy":"category","embeddable":true,"href":"https:\/\/www.europesays.com\/fi\/wp-json\/wp\/v2\/categories?post=14701"},{"taxonomy":"post_tag","embeddable":true,"href":"https:\/\/www.europesays.com\/fi\/wp-json\/wp\/v2\/tags?post=14701"}],"curies":[{"name":"wp","href":"https:\/\/api.w.org\/{rel}","templated":true}]}}