{"id":14706,"date":"2025-08-24T07:19:08","date_gmt":"2025-08-24T07:19:08","guid":{"rendered":"https:\/\/www.europesays.com\/fi\/14706\/"},"modified":"2025-08-24T07:19:08","modified_gmt":"2025-08-24T07:19:08","slug":"makwan-amirkhani-rikkoi-hiljaisuuden","status":"publish","type":"post","link":"https:\/\/www.europesays.com\/fi\/14706\/","title":{"rendered":"Makwan Amirkhani rikkoi hiljaisuuden"},"content":{"rendered":"<p>Makwan Amirkhani kiist\u00e4\u00e4 h\u00e4nest\u00e4 esitetyt v\u00e4itteet.<\/p>\n<p><img decoding=\"async\" class=\"image image-show image-preview\" src=\"https:\/\/www.europesays.com\/fi\/wp-content\/uploads\/2025\/08\/56fe9d64f57aa0f61aab4492653c8651936fc2e2b6145352052823979bfb4366.jpg\" alt=\"\"\/><img decoding=\"async\" class=\"image image-show\" src=\"https:\/\/www.europesays.com\/fi\/wp-content\/uploads\/2025\/08\/1756019948_54_56fe9d64f57aa0f61aab4492653c8651936fc2e2b6145352052823979bfb4366.jpg\" alt=\"\"\/><\/p>\n<p>Makwan Amirkhani kommentoi h\u00e4nest\u00e4 esitettyj\u00e4 v\u00e4itteit\u00e4. Atte Kajova<\/p>\n<p class=\"paragraph\">Vapaaottelija <strong>Makwan Amirkhanin<\/strong> on ottanut kantaa h\u00e4nen ja <strong>Mira Luodin<\/strong> ymp\u00e4rill\u00e4 py\u00f6rineeseen kohuun liittyen Julkkisselviytyj\u00e4t -ohjelmaan.<\/p>\n<p class=\"paragraph\">HS oli n\u00e4hnyt s\u00e4hk\u00f6postin syyskuulta 2016. Siin\u00e4 ohjelman tuotantoyhti\u00f6n edustaja kirjoitti, ett\u00e4 Luodin ja Amirkhanin v\u00e4lill\u00e4 on tapahtunut jonkinlainen v\u00e4likohtaus kuvauksissa.<\/p>\n<p class=\"paragraph\">Tuotantoyhti\u00f6 tarjoutui \u201dtriplaamaan Luodin palkkion ohjelmasta\u201d, mik\u00e4 \u201dpoistaisi asian p\u00e4iv\u00e4j\u00e4rjestyksest\u00e4\u201d.<\/p>\n<p class=\"paragraph\">Nyt vapaaottelija kommentoi asiaa ensimm\u00e4ist\u00e4 kertaa. H\u00e4n kirjoitti asiasta Instagram-julkaisussa. Tekstiss\u00e4\u00e4n h\u00e4n kiist\u00e4\u00e4  syyllistyneens\u00e4 mink\u00e4\u00e4nlaisiin lainvastaisiin tekoihin.<\/p>\n<p class=\"paragraph\">\u2013\u2009Minusta on kerrottu julkisuudessa vakavia v\u00e4itteit\u00e4, jotka eiv\u00e4t pid\u00e4 paikkaansa. Olen jo aiemmin pahoitellut negatiivista k\u00e4ytt\u00e4ytymist\u00e4ni vuosien takaisen TV-ohjelman kuvauksissa, mutta kiist\u00e4n ehdottomasti syyllistyneeni mink\u00e4\u00e4nlaisiin lainvastaisiin tekoihin. Minulla on edess\u00e4 parin viikon p\u00e4\u00e4st\u00e4 t\u00e4rke\u00e4 ottelu ja keskityn nyt siihen t\u00e4ysill\u00e4.<\/p>\n<p class=\"paragraph\">Aiemmin t\u00e4ll\u00e4 viikolla Luoti kertoi Ylen PMMP keikalla: Ei en\u00e4\u00e4 ikin\u00e4 -dokumentissa kokeneensa seksuaalista v\u00e4kivaltaa viihdeohjelman kuvauksissa. Dokumentti julkaistaan 6. syyskuuta.<\/p>\n<p class=\"paragraph\">HS uutisoi, ett\u00e4 kyseinen ohjelma on Julkkisselviytyj\u00e4t, jossa osallistujat vietiin kahdeksi y\u00f6ksi ja kolmeksi p\u00e4iv\u00e4ksi selviytym\u00e4\u00e4n Nuuksion mets\u00e4\u00e4n syksyll\u00e4 2016.<\/p>\n<p class=\"paragraph\">Luoti ja Amirkhani osallistuivat ohjelmaan pareina. Julkkispareja oli yhteens\u00e4 20. Ohjelmaa on esitt\u00e4nyt Nelonen ja sen on tuottanut Warner Bros. International Television Production Finland.<\/p>\n","protected":false},"excerpt":{"rendered":"Makwan Amirkhani kiist\u00e4\u00e4 h\u00e4nest\u00e4 esitetyt v\u00e4itteet. Makwan Amirkhani kommentoi h\u00e4nest\u00e4 esitettyj\u00e4 v\u00e4itteit\u00e4. Atte Kajova Vapaaottelija Makwan Amirkhanin on&hellip;\n","protected":false},"author":2,"featured_media":14707,"comment_status":"","ping_status":"","sticky":false,"template":"","format":"standard","meta":{"footnotes":""},"categories":[136],"tags":[35,407,137,33,31,30,1511,408,53,41,979,32,140,109],"class_list":{"0":"post-14706","1":"post","2":"type-post","3":"status-publish","4":"format-standard","5":"has-post-thumbnail","7":"category-julkkikset","8":"tag-24h","9":"tag-celebrities","10":"tag-entertainment","11":"tag-fi","12":"tag-finland","13":"tag-finnish","14":"tag-joukkoviestinta","15":"tag-julkkikset","16":"tag-laki-oikeus-ja-rikos","17":"tag-liikunta-ja-urheilu","18":"tag-sahkoinen-media","19":"tag-suomi","20":"tag-tv-ja-elokuvat","21":"tag-viihde"},"share_on_mastodon":{"url":"","error":""},"_links":{"self":[{"href":"https:\/\/www.europesays.com\/fi\/wp-json\/wp\/v2\/posts\/14706","targetHints":{"allow":["GET"]}}],"collection":[{"href":"https:\/\/www.europesays.com\/fi\/wp-json\/wp\/v2\/posts"}],"about":[{"href":"https:\/\/www.europesays.com\/fi\/wp-json\/wp\/v2\/types\/post"}],"author":[{"embeddable":true,"href":"https:\/\/www.europesays.com\/fi\/wp-json\/wp\/v2\/users\/2"}],"replies":[{"embeddable":true,"href":"https:\/\/www.europesays.com\/fi\/wp-json\/wp\/v2\/comments?post=14706"}],"version-history":[{"count":0,"href":"https:\/\/www.europesays.com\/fi\/wp-json\/wp\/v2\/posts\/14706\/revisions"}],"wp:featuredmedia":[{"embeddable":true,"href":"https:\/\/www.europesays.com\/fi\/wp-json\/wp\/v2\/media\/14707"}],"wp:attachment":[{"href":"https:\/\/www.europesays.com\/fi\/wp-json\/wp\/v2\/media?parent=14706"}],"wp:term":[{"taxonomy":"category","embeddable":true,"href":"https:\/\/www.europesays.com\/fi\/wp-json\/wp\/v2\/categories?post=14706"},{"taxonomy":"post_tag","embeddable":true,"href":"https:\/\/www.europesays.com\/fi\/wp-json\/wp\/v2\/tags?post=14706"}],"curies":[{"name":"wp","href":"https:\/\/api.w.org\/{rel}","templated":true}]}}