{"id":147282,"date":"2026-01-20T10:44:08","date_gmt":"2026-01-20T10:44:08","guid":{"rendered":"https:\/\/www.europesays.com\/fi\/147282\/"},"modified":"2026-01-20T10:44:08","modified_gmt":"2026-01-20T10:44:08","slug":"indiana-jones-tahden-uramuutos-karen-allen-palasi-muotialalle","status":"publish","type":"post","link":"https:\/\/www.europesays.com\/fi\/147282\/","title":{"rendered":"Indiana Jones -t\u00e4hden uramuutos: Karen Allen palasi muotialalle"},"content":{"rendered":"<p>\n            Indiana Jones (Harrison Ford) ja Marion Ravenwood (Karen Allen) kohtasivat ensimm\u00e4isen kerran vuoden 1981 Kadonneen aarteen mets\u00e4st\u00e4j\u00e4t -elokuvassa.<br \/>\n            Imago Sport\/All Over Press\n        <\/p>\n<p class=\"subtitle \">Marion Ravenwoodina muistettu n\u00e4yttelij\u00e4 Karen Allen palasi vanhaan unelma-ammattiinsa.<\/p>\n<p class=\"article-content article-content-width !bg-background\">Muistatko viel\u00e4 Indiana Jonesin rinnalla kolmessa elokuvassa seikkailleen Marion Ravenwoodin eli n\u00e4yttelij\u00e4 ?<\/p>\n<p class=\"article-content article-content-width !bg-background\">Karenin n\u00e4yttelem\u00e4 hahmo teki ensiesiintymisens\u00e4 vuonna 1981 ensi-iltansa saaneessa Kadonneen aarteen mets\u00e4st\u00e4j\u00e4t -elokuvassa.<\/p>\n<p class=\"article-content article-content-width !bg-background\">Marion teki paluun  n\u00e4yttelem\u00e4n Indyn luo vuosikausien tauon j\u00e4lkeen elokuvissa Indiana Jones ja kristallikallon valtakunta (2008) ja Indiana Jones and the Dial of Destiny (2023).<\/p>\n<p class=\"article-content article-content-width !bg-background\"><a href=\"https:\/\/www.hollywoodreporter.com\/movies\/movie-features\/indiana-jones-karen-allen-marion-dial-of-destiny-1235529718\/\" target=\"_blank\" rel=\"nofollow noopener\">Viimeisimm\u00e4n Indiana Jones -elokuvan yhteydess\u00e4 vuonna 2023 Karen sanoi The Hollywood Reporterissa<\/a> olevansa pettynyt siihen, miten pieni rooli h\u00e4nelle elokuvasta annettiin.<\/p>\n<p class=\"article-content article-content-width !bg-background\">\u2013\u00a0Luulin olevani isossa roolissa, mutta he eiv\u00e4t halunneet.<\/p>\n<p>                <img loading=\"lazy\" decoding=\"async\" src=\"https:\/\/www.europesays.com\/fi\/wp-content\/uploads\/2026\/01\/2050384.webp.jpeg\" width=\"576\" height=\"332\" title=\"Indiana Jones ja kristallikallon valtakunta -elokuvassa n\u00e4htiin Shia LaBeouf, Harrison Ford ja Karen Allen.\" alt=\"Shia LaBeouf, Harrison Ford ja Karen Allen auton kyydiss\u00e4 elokuvan kohtauksessa.\" \/>            <\/p>\n<p>\n            Indiana Jones ja kristallikallon valtakunta -elokuvassa n\u00e4htiin Shia LaBeouf, Harrison Ford ja Karen Allen.<br \/>\n            Imago Sport\/All Over Press\n        <\/p>\n<p>        <a itemprop=\"url\" href=\"https:\/\/www.seiska.fi\/ulkomaat\/tunnistatko-shia-labeoufin-talta-julkisuudesta-kadonnut-tahti-nayttaa-nykyisin\/2046259\" rel=\"nofollow noopener\" target=\"_blank\"><\/p>\n<p>\nTunnistatko Shia LaBeoufin?\n<\/p>\n<p class=\"section-date\">\n        <strong class=\"article-section\" data-section=\"ulkomaat\"><br \/>\n            ulkomaat<br \/>\n        <\/strong><br \/>\n        18.1. 18:00\n    <\/p>\n<p>Tunnistatko Shia LaBeoufin? T\u00e4lt\u00e4 julkisuudesta kadonnut t\u00e4hti n\u00e4ytt\u00e4\u00e4 nykyisin\n    <\/p>\n<p itemprop=\"description\" class=\"subtitle \">\n    Menestysleffoja t\u00e4hditt\u00e4nyt Shia LaBeouf katosi julkisuudesta kohujen saattelemana.\n<\/p>\n<p>        <\/a><\/p>\n<p>Spielberg l\u00f6ysi Karenin teatterista<\/p>\n<p class=\"article-content article-content-width !bg-background\">Karen p\u00e4\u00e4tyi Marionin rooliin sen j\u00e4lkeen, kun elokuvaohjaaja  oli n\u00e4hnyt h\u00e4net teatterin lavalla. Teatterissa Karen on vaikuttanut sek\u00e4 n\u00e4yttelij\u00e4n\u00e4 ett\u00e4 ohjaajana ennen ja j\u00e4lkeen Indiana Jonesien.<\/p>\n<p class=\"article-content article-content-width !bg-background\">Valkokankaalla menestysroolia Kadonneen aarteen mets\u00e4st\u00e4jiss\u00e4 seurasivat esimerkiksi roolit elokuvissa\u00a0Vieras t\u00e4htien takaa, Haamujen kosto, Terminus ja Challenger.<\/p>\n<p class=\"article-content article-content-width !bg-background\">Saatuaan lapsen vuonna 1990 Karen alkoi kuitenkin yh\u00e4 enemm\u00e4n keskitty\u00e4 perheen\u00e4idin el\u00e4m\u00e4\u00e4n. Avioliitto -pojan is\u00e4n, n\u00e4yttelij\u00e4  kanssa p\u00e4\u00e4ttyi eroon vuonna 1998.<\/p>\n<p>                <img loading=\"lazy\" decoding=\"async\" src=\"https:\/\/www.europesays.com\/fi\/wp-content\/uploads\/2026\/01\/2050417.webp.jpeg\" width=\"576\" height=\"274\" title=\"Kes\u00e4kuussa 2023 Karen Allen osallistui Los Angelesissa Indiana Jones And The Dial Of Destiny -elokuvan ensi-iltaan.\" alt=\"Karen Allen elokuvan Indiana Jones And The Dial Of Destiny ensi-illassa.\" \/>            <\/p>\n<p>\n            Kes\u00e4kuussa 2023 Karen Allen osallistui Los Angelesissa Indiana Jones And The Dial Of Destiny -elokuvan ensi-iltaan.<br \/>\n            Allison Dinner\/EPA-EFE\/All Over Press\n        <\/p>\n<p>        <a itemprop=\"url\" href=\"https:\/\/www.seiska.fi\/ulkomaat\/jestas-nain-nuorekas-on-90-luvun-seksisymboli-sharon-stone-67\/2043579\" rel=\"nofollow noopener\" target=\"_blank\"><\/p>\n<p>\nN\u00e4in nuorekas on Sharon Stone, 67\n<\/p>\n<p class=\"section-date\">\n        <strong class=\"article-section\" data-section=\"ulkomaat\"><br \/>\n            ulkomaat<br \/>\n        <\/strong><br \/>\n        17.1. 20:00\n    <\/p>\n<p>Jestas! N\u00e4in nuorekas on 90-luvun seksisymboli Sharon Stone, 67\n    <\/p>\n<p itemprop=\"description\" class=\"subtitle \">\n    Sharon Stone hallitsi Hollywoodia 90-luvulla, kunnes aivohalvaus sai h\u00e4net vet\u00e4ytym\u00e4\u00e4n elokuvista.\n<\/p>\n<p>        <\/a><\/p>\n<p>Pian Karen n\u00e4hd\u00e4\u00e4n kauhuleffassa<\/p>\n<p class=\"article-content article-content-width !bg-background\">Vuonna 2005 n\u00e4yttelij\u00e4 perusti oman k\u00e4sity\u00f6yrityksen, jolle h\u00e4n antoi nimen Karen Allen Fiber Arts. Karenilla on Yhdysvaltain Massachusettsin osavaltiossa vaatteita ja asusteita myyv\u00e4 kauppa.<\/p>\n<p class=\"article-content article-content-width !bg-background\">Myynniss\u00e4 on muun muassa Karenin suunnittelemia ja kutomia neuleita.\u00a0<\/p>\n<p class=\"article-content article-content-width !bg-background\">NBC-televisiokanavan Today-ohjelman haastattelussa Karen kertoi, ett\u00e4 halusi liikkeen perustamalla luoda juuret kyseiseen paikkaan itselleen ja pojalleen.<\/p>\n<p class=\"article-content article-content-width !bg-background\"><a href=\"https:\/\/www.youtube.com\/watch?v=GMOnzWVFQfg\" target=\"_blank\" rel=\"nofollow noopener\">Elokuvakuvausten vaatima matkustaminen oli Karenin mukaan lapselle hyvin rankkaa.<\/a><\/p>\n<p class=\"article-content article-content-width !bg-background\"> Karenille muotialassa on kyse paluusta menneeseen, sill\u00e4 ennen n\u00e4yttelij\u00e4nuraansa h\u00e4n opiskeli vaatealan ammattilaiseksi. Tuolloin unelma muotialasta vaihtui kuitenkin n\u00e4yttelij\u00e4n t\u00f6ihin. <\/p>\n<p class=\"article-content article-content-width !bg-background\"><a href=\"https:\/\/www.instagram.com\/p\/C2GE-n6utWI\/?igsh=bXp1cmw1b3NleWJu\" target=\"_blank\" rel=\"nofollow noopener\">Yrityksens\u00e4 Instagram-tilille Karen on tehnyt p\u00e4ivityksen kaupassa antamastaan tv-haastattelusta.<\/a><\/p>\n<p class=\"article-content article-content-width !bg-background\">74-vuotias Karen ei ole t\u00e4ysin hyl\u00e4nnyt uraansa n\u00e4yttelij\u00e4n\u00e4k\u00e4\u00e4n. Lokakuussa 2026 ensi-iltaan on tulossa kauhuelokuva Other Mommy. Siin\u00e4 h\u00e4n n\u00e4yttelee  rinnalla.<\/p>\n<p class=\"article-content article-content-width !bg-background\"><a href=\"https:\/\/www.hellomagazine.com\/celebrities\/877906\/what-harrison-fords-indiana-jones-co-star-karen-allen-is-doing-now\/\" target=\"_blank\" rel=\"nofollow noopener\">Karenin el\u00e4m\u00e4st\u00e4 on kirjoittanut muun muassa Hello-lehti.<\/a><\/p>\n<p class=\"article-content article-content-width !bg-background\">Kadonneen aarteen mets\u00e4st\u00e4j\u00e4t, Tuomion temppeli, Viimeinen ristiretki ja Kristallikallon valtakunta katsottavissa muun muassa Ruutu+:ssa ja SkyShowtimessa. Indiana Jones and the Dial of Destiny on katsottavissa Disney+:ssa.<\/p>\n<p>        <a itemprop=\"url\" href=\"https:\/\/www.seiska.fi\/katso\/hollywood-tahti-salasi-sairautensa\/2045872\" rel=\"nofollow noopener\" target=\"_blank\"><\/p>\n<p>\nFaye Dunaway 85 vuotta\n<\/p>\n<p class=\"section-date\">\n        <strong class=\"article-section\" data-section=\"katso\"><br \/>\n            katso<br \/>\n        <\/strong><br \/>\n        14.1. 16:15\n    <\/p>\n<p>Hollywood-t\u00e4hti salasi sairautensa\n    <\/p>\n<p itemprop=\"description\" class=\"subtitle \">\n    Faye Dunaway, 85, tekee rajun paljastuksen HBO Max -dokumentissa Faye.\n<\/p>\n<p>        <\/a><\/p>\n<p><script async src=\"\/\/www.instagram.com\/embed.js\"><\/script><\/p>\n","protected":false},"excerpt":{"rendered":"Indiana Jones (Harrison Ford) ja Marion Ravenwood (Karen Allen) kohtasivat ensimm\u00e4isen kerran vuoden 1981 Kadonneen aarteen mets\u00e4st\u00e4j\u00e4t -elokuvassa.&hellip;\n","protected":false},"author":2,"featured_media":147283,"comment_status":"","ping_status":"","sticky":false,"template":"","format":"standard","meta":{"footnotes":"","_share_on_mastodon":"0"},"categories":[136],"tags":[407,137,33,31,30,6827,4169,10816,9186,408,25046,25047,12596,7048,177,32,109],"class_list":["post-147282","post","type-post","status-publish","format-standard","has-post-thumbnail","category-julkkikset","tag-celebrities","tag-entertainment","tag-fi","tag-finland","tag-finnish","tag-harrison-ford","tag-hollywood","tag-hollywood-tahti","tag-indiana-jones","tag-julkkikset","tag-karen-allen","tag-marion-ravenwood","tag-muotiala","tag-shia-labeouf","tag-steven-spielberg","tag-suomi","tag-viihde"],"share_on_mastodon":{"url":"https:\/\/pubeurope.com\/@fi\/115927021167205303","error":""},"_links":{"self":[{"href":"https:\/\/www.europesays.com\/fi\/wp-json\/wp\/v2\/posts\/147282","targetHints":{"allow":["GET"]}}],"collection":[{"href":"https:\/\/www.europesays.com\/fi\/wp-json\/wp\/v2\/posts"}],"about":[{"href":"https:\/\/www.europesays.com\/fi\/wp-json\/wp\/v2\/types\/post"}],"author":[{"embeddable":true,"href":"https:\/\/www.europesays.com\/fi\/wp-json\/wp\/v2\/users\/2"}],"replies":[{"embeddable":true,"href":"https:\/\/www.europesays.com\/fi\/wp-json\/wp\/v2\/comments?post=147282"}],"version-history":[{"count":0,"href":"https:\/\/www.europesays.com\/fi\/wp-json\/wp\/v2\/posts\/147282\/revisions"}],"wp:featuredmedia":[{"embeddable":true,"href":"https:\/\/www.europesays.com\/fi\/wp-json\/wp\/v2\/media\/147283"}],"wp:attachment":[{"href":"https:\/\/www.europesays.com\/fi\/wp-json\/wp\/v2\/media?parent=147282"}],"wp:term":[{"taxonomy":"category","embeddable":true,"href":"https:\/\/www.europesays.com\/fi\/wp-json\/wp\/v2\/categories?post=147282"},{"taxonomy":"post_tag","embeddable":true,"href":"https:\/\/www.europesays.com\/fi\/wp-json\/wp\/v2\/tags?post=147282"}],"curies":[{"name":"wp","href":"https:\/\/api.w.org\/{rel}","templated":true}]}}