{"id":14750,"date":"2025-08-24T08:23:09","date_gmt":"2025-08-24T08:23:09","guid":{"rendered":"https:\/\/www.europesays.com\/fi\/14750\/"},"modified":"2025-08-24T08:23:09","modified_gmt":"2025-08-24T08:23:09","slug":"the-new-yorkerissa-on-noteerattu-muumitarinoiden-pimeat-puolet-muumeja-verrataan-labubu-trendiin-uutisia-lyhyesti","status":"publish","type":"post","link":"https:\/\/www.europesays.com\/fi\/14750\/","title":{"rendered":"The New Yorkerissa on noteerattu muumitarinoiden pime\u00e4t puolet \u2013 muumeja verrataan Labubu-trendiin | Uutisia lyhyesti"},"content":{"rendered":"<p class=\"sc-jYczwO sc-dNFkOE bUKqJd eiHPxO yle__article__paragraph\">Kolumnissa pohditaan sit\u00e4, tuleeko moni\u00admerkityksellisist\u00e4 muumeista Labubu-ilmi\u00f6n kaltainen pinnallinen trendi.<\/p>\n<p><img decoding=\"async\" alt=\"Kuvassa ollaan kirjastossa, jossa on v\u00e4rik\u00e4s sein\u00e4maalaus Muumi-teemalla. Ihmiset ovat keskittynein\u00e4 lukemassa ja tutkimassa kirjoja. Aikuinen ja kaksi lasta katselevat n\u00e4yttely\u00e4.\" src=\"https:\/\/www.europesays.com\/fi\/wp-content\/uploads\/2025\/08\/39-1489022686651f656407.jpeg\" class=\"sc-dntSTA iywpZY\"\/><\/p>\n<p>Avaa kuvien katselu<\/p>\n<p>Brooklynin kirjastossa on ollut t\u00e4n\u00e4 kes\u00e4n\u00e4 suuri Muumi-n\u00e4yttely. Kuva: Charles Roussel \/ Brooklynin kirjasto<\/p>\n<p class=\"sc-jYczwO sc-ciCoXh bUKqJd cIOueB yle__article__paragraph\">Yhdysvaltalaisessa aikakauslehdess\u00e4 <a class=\"sc-jDJeIs gotUgl yle__article__link\" href=\"https:\/\/www.newyorker.com\/news\/fault-lines\/the-joys-of-moomscrolling\" role=\"link\" rel=\"nofollow noopener\" target=\"_blank\">The New Yorkerissa on julkaistu kolumni<\/a> siit\u00e4, miten v\u00e4\u00e4rin tulkitut muumit ovat valtaamassa Yhdysvaltoja.<\/p>\n<p class=\"sc-jYczwO sc-ciCoXh bUKqJd cIOueB yle__article__paragraph\">Z-sukupolvi on voimistanut muumitrendi\u00e4 postaamalla muumeja alustoille, kuten Facebookiin, Tiktokiin ja Tumblriin. Monet ovat l\u00f6yt\u00e4neet vanhat animaatiot Youtubesta.<\/p>\n<p class=\"sc-jYczwO sc-ciCoXh bUKqJd cIOueB yle__article__paragraph\">Yle kirjoitti taannoin <a class=\"sc-jDJeIs gotUgl yle__article__link\" href=\"https:\/\/yle.fi\/a\/74-20175065\" role=\"link\" rel=\"nofollow noopener\" target=\"_blank\">yhdysvaltalaisesta <strong class=\"sc-eEHciv gtNhAX yle__article__strong\">Meera Sastrysta<\/strong><\/a>, joka ihastui muumeihin. Kolumni vahvistaa, ett\u00e4 Sastry ei ole rapakon toisella puolella ainoa, joka on innostunut muumeista.<\/p>\n<p class=\"sc-jYczwO sc-ciCoXh bUKqJd cIOueB yle__article__paragraph\">Tekstiss\u00e4 verrataankin muumeja <a class=\"sc-jDJeIs gotUgl yle__article__link\" href=\"https:\/\/yle.fi\/a\/74-20165940\" role=\"link\" rel=\"nofollow noopener\" target=\"_blank\">supersuosittuihin Labubu-leluihin<\/a>, sill\u00e4 s\u00f6p\u00f6ys on somessa merkitt\u00e4v\u00e4 valtti.<\/p>\n<p class=\"sc-jYczwO sc-ciCoXh bUKqJd cIOueB yle__article__paragraph\">Joku on <a class=\"sc-jDJeIs gotUgl yle__article__link\" href=\"https:\/\/x.com\/eleanordotcomm\/status\/1957206109334180196\" role=\"link\" rel=\"nofollow\">X-viestipalvelussa jo ehtinyt<\/a> pelk\u00e4\u00e4m\u00e4\u00e4n, ett\u00e4 \u201dmuumit labubufioidaan\u201d eli niist\u00e4 tehd\u00e4\u00e4n pinnallinen internet-villitys, mik\u00e4 taas saattaisi kadottaa muumien alkuper\u00e4isen, merkityksellisen luonteen.<\/p>\n<p class=\"sc-jYczwO sc-ciCoXh bUKqJd cIOueB yle__article__paragraph\">Toimittaja <strong class=\"sc-eEHciv gtNhAX yle__article__strong\">Jon Allsop<\/strong> siteeraa kolumnissaan kirjailija <strong class=\"sc-eEHciv gtNhAX yle__article__strong\">Frances Wilsonia<\/strong>, jonka mukaan yksi muumi-ilmi\u00f6n oudoimmista puolista on se, miten monimutkaiset tarinat maailmanlopusta, hajoamisesta ja toimintah\u00e4iri\u00f6ist\u00e4 on jatkuvasti tulkittu v\u00e4\u00e4rin suloisina kotiel\u00e4m\u00e4n juhlina.<\/p>\n<p>Muumeja on aktiivisesti viety Yhdysvaltoihin<\/p>\n<p class=\"sc-jYczwO sc-ciCoXh bUKqJd cIOueB yle__article__paragraph\">Allsop mainitsee <a class=\"sc-jDJeIs gotUgl yle__article__link\" href=\"https:\/\/yle.fi\/a\/74-20106148\" role=\"link\" rel=\"nofollow noopener\" target=\"_blank\">muumeja fanittavan brittil\u00e4is-yhdysvaltalaisen n\u00e4yttelij\u00e4n <strong class=\"sc-eEHciv gtNhAX yle__article__strong\">Lily Collinsin<\/strong><\/a>, joka on muun muassa nimennyt tytt\u00e4rens\u00e4 Toveksi.<\/p>\n<p class=\"sc-jYczwO sc-ciCoXh bUKqJd cIOueB yle__article__paragraph\">Collins kertoi vuonna 2023, ett\u00e4 kun h\u00e4n alkoi ker\u00e4t\u00e4 muumiesineit\u00e4, niit\u00e4 oli vaikea l\u00f6yt\u00e4\u00e4 Yhdysvalloista. Viime vuosina t\u00e4m\u00e4 on Allsopin mukaan muuttunut.<\/p>\n<p><img decoding=\"async\" alt=\"Muumi-paitaan pukeutunut Lily Collins pitelee kirjaa studiossa.\" src=\"https:\/\/www.europesays.com\/fi\/wp-content\/uploads\/2025\/08\/39-151146768aabda56028d.jpeg\" loading=\"lazy\" class=\"sc-dntSTA iywpZY\"\/><\/p>\n<p>Avaa kuvien katselu<\/p>\n<p>Muumeja fanittava n\u00e4yttelij\u00e4 Lily Collin ker\u00e4\u00e4 muumiesineita. Kuva: AOP<\/p>\n<p class=\"sc-jYczwO sc-ciCoXh bUKqJd cIOueB yle__article__paragraph\">Jutussa mainitaankin, ett\u00e4 muumit omistava Moomin Characters -yhti\u00f6 on tehnyt t\u00f6it\u00e4 Janssonin kirjallisuuden saattamiseksi Yhdysvaltain markkinoille.<\/p>\n<p class=\"sc-jYczwO sc-ciCoXh bUKqJd cIOueB yle__article__paragraph\">Allsop kertoo itsekin omistavansa vaimonsa kanssa paljon muumiaiheisia esineit\u00e4. He ovat esimerkiksi kehyst\u00e4neet muumi-keitti\u00f6pyyhkeen. Suomessa sellainen l\u00f6ytyy monelta tiskialtaan reunalta.<\/p>\n","protected":false},"excerpt":{"rendered":"Kolumnissa pohditaan sit\u00e4, tuleeko moni\u00admerkityksellisist\u00e4 muumeista Labubu-ilmi\u00f6n kaltainen pinnallinen trendi. Avaa kuvien katselu Brooklynin kirjastossa on ollut t\u00e4n\u00e4&hellip;\n","protected":false},"author":2,"featured_media":14751,"comment_status":"","ping_status":"","sticky":false,"template":"","format":"standard","meta":{"footnotes":""},"categories":[14],"tags":[22,23,26,27,33,31,30,17,108,24,25,28,29,399,15,18,21,32,19,20,565,56,16,59,60,61,619],"class_list":{"0":"post-14750","1":"post","2":"type-post","3":"status-publish","4":"format-standard","5":"has-post-thumbnail","7":"category-ulkomaat","8":"tag-breaking-news","9":"tag-breakingnews","10":"tag-featured-news","11":"tag-featurednews","12":"tag-fi","13":"tag-finland","14":"tag-finnish","15":"tag-headlines","16":"tag-kulttuuri","17":"tag-latest-news","18":"tag-latestnews","19":"tag-main-news","20":"tag-mainnews","21":"tag-muumit","22":"tag-news","23":"tag-otsikot","24":"tag-paauutiset","25":"tag-suomi","26":"tag-top-stories","27":"tag-topstories","28":"tag-tove-jansson","29":"tag-ulkomaat","30":"tag-uutiset","31":"tag-world","32":"tag-world-news","33":"tag-worldnews","34":"tag-yhdysvallat"},"share_on_mastodon":{"url":"","error":""},"_links":{"self":[{"href":"https:\/\/www.europesays.com\/fi\/wp-json\/wp\/v2\/posts\/14750","targetHints":{"allow":["GET"]}}],"collection":[{"href":"https:\/\/www.europesays.com\/fi\/wp-json\/wp\/v2\/posts"}],"about":[{"href":"https:\/\/www.europesays.com\/fi\/wp-json\/wp\/v2\/types\/post"}],"author":[{"embeddable":true,"href":"https:\/\/www.europesays.com\/fi\/wp-json\/wp\/v2\/users\/2"}],"replies":[{"embeddable":true,"href":"https:\/\/www.europesays.com\/fi\/wp-json\/wp\/v2\/comments?post=14750"}],"version-history":[{"count":0,"href":"https:\/\/www.europesays.com\/fi\/wp-json\/wp\/v2\/posts\/14750\/revisions"}],"wp:featuredmedia":[{"embeddable":true,"href":"https:\/\/www.europesays.com\/fi\/wp-json\/wp\/v2\/media\/14751"}],"wp:attachment":[{"href":"https:\/\/www.europesays.com\/fi\/wp-json\/wp\/v2\/media?parent=14750"}],"wp:term":[{"taxonomy":"category","embeddable":true,"href":"https:\/\/www.europesays.com\/fi\/wp-json\/wp\/v2\/categories?post=14750"},{"taxonomy":"post_tag","embeddable":true,"href":"https:\/\/www.europesays.com\/fi\/wp-json\/wp\/v2\/tags?post=14750"}],"curies":[{"name":"wp","href":"https:\/\/api.w.org\/{rel}","templated":true}]}}