{"id":147549,"date":"2026-01-20T17:24:09","date_gmt":"2026-01-20T17:24:09","guid":{"rendered":"https:\/\/www.europesays.com\/fi\/147549\/"},"modified":"2026-01-20T17:24:09","modified_gmt":"2026-01-20T17:24:09","slug":"anna-puu-esittelee-rohkean-tyylimuutoksensa","status":"publish","type":"post","link":"https:\/\/www.europesays.com\/fi\/147549\/","title":{"rendered":"Anna Puu esittelee rohkean tyylimuutoksensa"},"content":{"rendered":"<p>            Timo Korhonen\n        <\/p>\n<p class=\"subtitle \">Anna p\u00e4\u00e4tti rep\u00e4ist\u00e4 uuden vuoden kunniaksi.<\/p>\n<p class=\"article-content article-content-width !bg-background\">Laulaja , 43, on muuttanut rajusti tyyli\u00e4\u00e4n.<\/p>\n<p class=\"font-weight-bold m-font-weight-bold article-content article-content-width !bg-background\">Katso video: Anna ja Jukka-rakas romanttisissa tunnelmissa<\/p>\n<p class=\"article-content article-content-width !bg-background\">Pitk\u00e4\u00e4n platinablondeista kutreistaan tuttu laulajatar on p\u00e4\u00e4tt\u00e4nyt uuden vuoden kunniaksi istahtaa kampaamon penkille. H\u00e4n ei ole luopunut platinakuontalostaan, mutta tukasta on l\u00e4htenyt hurja m\u00e4\u00e4r\u00e4 pituutta.<\/p>\n<p>        <a itemprop=\"url\" href=\"https:\/\/www.seiska.fi\/vain-seiskassa\/anna-puu-romanttisissa-tunnelmissa-jukka-rakkaansa-kanssa-katso-video\/1977223\" rel=\"nofollow noopener\" target=\"_blank\"><\/p>\n<p>\nRomanttisissa tunnelmissa\n<\/p>\n<p class=\"section-date\">\n        <strong class=\"article-section\" data-section=\"vain seiskassa\"><br \/>\n            vain seiskassa<br \/>\n        <\/strong><br \/>\n        31.10.2025 17:00\n    <\/p>\n<p>Anna Puu romanttisissa tunnelmissa Jukka-rakkaansa kanssa \u2013 katso video!\n    <\/p>\n<p itemprop=\"description\" class=\"subtitle \">\n    Seiskan lukija bongasi pariskunnan helsinkil\u00e4isravintolsta. Ilmeni, ett\u00e4 Anna ja Jukka juhlistivat kolmatta h\u00e4\u00e4p\u00e4iv\u00e4\u00e4ns\u00e4.\n<\/p>\n<p>        <\/a><\/p>\n<p class=\"article-content article-content-width !bg-background\">Anna julkaisi Instagram-sivullaan videon, jossa esittelee rohkean muodonmuutoksensa. Videolla h\u00e4n poseeraa kameralle vanhassa lookissaan. Sitten h\u00e4n peitt\u00e4\u00e4 kameran k\u00e4dell\u00e4\u00e4n, ja kuva leikkaantuu uuteen tyyliin.\u00a0<\/p>\n<p class=\"article-content article-content-width !bg-background\">Anna on leikkauttanut itselleen trendikk\u00e4\u00e4n polkkatukan, ja aiemmin pitk\u00e4t hiukset ylt\u00e4v\u00e4t nyt vain v\u00e4h\u00e4n korvan alapuolelle.<\/p>\n<p class=\"article-content article-content-width !bg-background\"> \u2013 Ja noin vaan hiukset oli poissa! Anna kirjoittaa kuvatekstiss\u00e4 ja k\u00e4ytt\u00e4\u00e4 aihetunnistetta new year, new hair\u00a0(suom. &#8221;uusi vuosi, uusi tukka&#8221;).<\/p>\n<p>&#8221;Aistillisen elegantti&#8221;<\/p>\n<p class=\"article-content article-content-width !bg-background\">Annan seuraajat ovat ihastuneet laulajan raikkaaseen tyylimuutokseen. Esimerkiksi artistikollegat  ja  ihastelevat tukkatyyli\u00e4 julkaisun kommenttiosiossa emojien muodossa.<\/p>\n<p class=\"article-content article-content-width !bg-background\"> \u2013 Oot niin kaunis ja upee inside out, laulaja  hehkuttaa.<\/p>\n<p class=\"article-content article-content-width !bg-background\"> \u2013 Oooolalaa &#8211; ihanan aistillisen elegantti look, seuraaja kuvailee.<\/p>\n<p class=\"article-content article-content-width !bg-background\"> \u2013 Hei enkest\u00e4 v\u00e4h\u00e4nko upeat, toinen ihastelee.<\/p>\n<p class=\"article-content article-content-width !bg-background\">Annan rohkea muutos n\u00e4ytt\u00e4\u00e4 my\u00f6s inspiroivan toisia.<\/p>\n<p class=\"article-content article-content-width !bg-background\"> \u2013 Voi vitsi ett\u00e4 on siisti. Taidan tehd\u00e4 saman, kommenteissa pohdiskellaan.<\/p>\n<p>        <a itemprop=\"url\" href=\"https:\/\/www.seiska.fi\/kotimaa\/anna-puun-tyyli-ihastuttaa-kuva\/2038065\" rel=\"nofollow noopener\" target=\"_blank\"><\/p>\n<p>\nAnna Puu\n<\/p>\n<p class=\"section-date\">\n        <strong class=\"article-section\" data-section=\"kotimaa\"><br \/>\n            kotimaa<br \/>\n        <\/strong><br \/>\n        5.1. 19:30\n    <\/p>\n<p>Anna Puun tyyli ihastuttaa \u2013 kuva\n    <\/p>\n<p itemprop=\"description\" class=\"subtitle \">\n    Laulaja viihtyy Levill\u00e4.\n<\/p>\n<p>        <\/a><\/p>\n<p>El\u00e4m\u00e4nmuutoksia<\/p>\n<p class=\"article-content article-content-width !bg-background\">Seiska uutisoi syyskuussa,\u00a0ett\u00e4 Anna ja h\u00e4nen puolisonsa  ovat myym\u00e4ss\u00e4 Helsingin Kulosaaressa sijaitsevaa \u00f6kykotiaan. Luksusasunto on yh\u00e4 myynniss\u00e4 <a href=\"https:\/\/asunnot.oikotie.fi\/myytavat-asunnot\/helsinki\/23654664\" target=\"_blank\" rel=\"nofollow noopener\">Oikotie.fi-sivustolla<\/a>. Kauttaaltaan remontoidun, 402-neli\u00f6isen talon hintapyynt\u00f6 on 2,44 miljoonaa euroa.<\/p>\n<p class=\"article-content article-content-width !bg-background\">Anna paljasti Instagram-tilill\u00e4\u00e4n syyskuussa, ett\u00e4 he ovat hankkineet oman paikan pohjoisesta.<\/p>\n<p class=\"article-content article-content-width !bg-background\">\u2013\u00a0Tunturipusuja Levilt\u00e4! Meill\u00e4 on vihdoin oma paikka t\u00e4\u00e4ll\u00e4, Anna kirjoitti julkaisussaan.<\/p>\n<p>        <a itemprop=\"url\" href=\"https:\/\/www.seiska.fi\/kotimaa\/kotiaan-kauppaavat-anna-puu-ja-puoliso-juhlivat-merkittavaa-paivaa\/1975939\" rel=\"nofollow noopener\" target=\"_blank\"><\/p>\n<p>\nKotiaan kauppaavat Anna Puu ja puoliso\n<\/p>\n<p class=\"section-date\">\n        <strong class=\"article-section\" data-section=\"kotimaa\"><br \/>\n            kotimaa<br \/>\n        <\/strong><br \/>\n        28.10.2025 17:30\n    <\/p>\n<p>Kotiaan kauppaavat Anna Puu ja puoliso juhlivat merkitt\u00e4v\u00e4\u00e4 p\u00e4iv\u00e4\u00e4\n    <\/p>\n<p itemprop=\"description\" class=\"subtitle \">\n    Seiska uutisoi noin kuukausi sitten, ett\u00e4 Anna ja Jukka olivat panneet luksusasuntonsa myyntiin.\n<\/p>\n<p>        <\/a><\/p>\n","protected":false},"excerpt":{"rendered":"Timo Korhonen Anna p\u00e4\u00e4tti rep\u00e4ist\u00e4 uuden vuoden kunniaksi. Laulaja , 43, on muuttanut rajusti tyyli\u00e4\u00e4n. Katso video: Anna&hellip;\n","protected":false},"author":2,"featured_media":147550,"comment_status":"","ping_status":"","sticky":false,"template":"","format":"standard","meta":{"footnotes":"","_share_on_mastodon":"0"},"categories":[130],"tags":[6664,137,33,31,30,6422,9321,11528,2682,4436,25083,25084,32,8411,2677,6101,109],"class_list":["post-147549","post","type-post","status-publish","format-standard","has-post-thumbnail","category-viihde","tag-anna-puu","tag-entertainment","tag-fi","tag-finland","tag-finnish","tag-hiukset","tag-jukka-immonen","tag-kampaaja","tag-kauneus","tag-muodonmuutos","tag-polkka","tag-polkkatukka","tag-suomi","tag-tukka","tag-tyyli","tag-tyylimuutos","tag-viihde"],"share_on_mastodon":{"url":"https:\/\/pubeurope.com\/@fi\/115928594006700457","error":""},"_links":{"self":[{"href":"https:\/\/www.europesays.com\/fi\/wp-json\/wp\/v2\/posts\/147549","targetHints":{"allow":["GET"]}}],"collection":[{"href":"https:\/\/www.europesays.com\/fi\/wp-json\/wp\/v2\/posts"}],"about":[{"href":"https:\/\/www.europesays.com\/fi\/wp-json\/wp\/v2\/types\/post"}],"author":[{"embeddable":true,"href":"https:\/\/www.europesays.com\/fi\/wp-json\/wp\/v2\/users\/2"}],"replies":[{"embeddable":true,"href":"https:\/\/www.europesays.com\/fi\/wp-json\/wp\/v2\/comments?post=147549"}],"version-history":[{"count":0,"href":"https:\/\/www.europesays.com\/fi\/wp-json\/wp\/v2\/posts\/147549\/revisions"}],"wp:featuredmedia":[{"embeddable":true,"href":"https:\/\/www.europesays.com\/fi\/wp-json\/wp\/v2\/media\/147550"}],"wp:attachment":[{"href":"https:\/\/www.europesays.com\/fi\/wp-json\/wp\/v2\/media?parent=147549"}],"wp:term":[{"taxonomy":"category","embeddable":true,"href":"https:\/\/www.europesays.com\/fi\/wp-json\/wp\/v2\/categories?post=147549"},{"taxonomy":"post_tag","embeddable":true,"href":"https:\/\/www.europesays.com\/fi\/wp-json\/wp\/v2\/tags?post=147549"}],"curies":[{"name":"wp","href":"https:\/\/api.w.org\/{rel}","templated":true}]}}